{"id":2347,"date":"2011-07-18T13:50:50","date_gmt":"2011-07-18T16:50:50","guid":{"rendered":"http:\/\/projetocineb.com.br\/?p=2347"},"modified":"2011-07-18T13:50:50","modified_gmt":"2011-07-18T16:50:50","slug":"vila-leopoldina-com-luiz-villaca","status":"publish","type":"post","link":"https:\/\/projetocineb.com.br\/?p=2347","title":{"rendered":"VILA LEOPOLDINA COM LUIZ VILLA\u00c7A"},"content":{"rendered":"<p>Foram duas exibi\u00e7\u00f5es no Col\u00e9gio Ilha de Vera Cruz e cinco vezes no sal\u00e3o da Igreja Nossa Senhora de Lourdes.<span style=\"color: #ff6600;\"> Luiz Villa\u00e7a, diretor do filme <em>O contador de Hist\u00f3rias<\/em>, exibido nessa sess\u00e3o, esteve presente para um bate-papo com o p\u00fablico.<\/span><\/p>\n<figure id=\"attachment_2358\" aria-describedby=\"caption-attachment-2358\" style=\"width: 384px\" class=\"wp-caption aligncenter\"><a href=\"http:\/\/projetocineb.com.br\/wp-content\/uploads\/2011\/07\/DSC01321_01web3.jpg\"><img fetchpriority=\"high\" decoding=\"async\" class=\"size-full wp-image-2358  \" title=\"Cine B em Vila Leopoldina com mais de 300 espectadores\" src=\"http:\/\/projetocineb.com.br\/wp-content\/uploads\/2011\/07\/DSC01321_01web3.jpg\" alt=\"Cine B em Vila Leopoldina com mais de 300 espectadores\" width=\"384\" height=\"288\" \/><\/a><figcaption id=\"caption-attachment-2358\" class=\"wp-caption-text\">Cine B em Vila Leopoldina com mais de 300 espectadores<\/figcaption><\/figure>\n<p><span style=\"color: #ff6600;\">\u201cPara mim \u00e9 muito gratificante ver este filme ser exibido no Cine B, em um local p\u00fablico como este, depois de dois anos que foi lan\u00e7ado e perceber que ele ainda toca as pessoas\u201d, diz Luiz Villa\u00e7a. \u201c\u00c9 um filme que fala sobre o amor de m\u00e3e, amor que nenhuma institui\u00e7\u00e3o pode dar. Este filme mostra que somente pol\u00edticas p\u00fablicas que d\u00eaem aos cidad\u00e3os educa\u00e7\u00e3o e uma vida sem mis\u00e9ria, podem ajudar todas as nossas crian\u00e7as a terem um futuro digno\u201d.<\/span><\/p>\n<p>Foi neste mesmo que local, que <span style=\"color: #ff6600;\">no dia 6 de julho de 2007 o projeto fez sua primeira exibi\u00e7\u00e3o oficial como cinema itinerante, exibindo na \u00e9poca o longa\u00a0<em>O tapete vermelho<\/em> e o curta-metragem\u00a0<em>BMW Vermelha<\/em>. Na exibi\u00e7\u00e3o deste dia 16 de julho de 2011, em que o projeto completou quatro anos, com p\u00fablico acumulado de mais de 22 mil espectadores, estiveram presentes nesta exibi\u00e7\u00e3o mais de 300 espectadores. \u201cAntes\u00a0 do\u00a0 Cine B existir,\u00a0eu j\u00e1 era volunt\u00e1rio da Brazuch\u00a0Produ\u00e7\u00f5es e levei o filme\u00a0\u00a0<em>Paulinho da\u00a0Viola<\/em> para este local, atrav\u00e9s do projeto Cinema BR em Movimento\u201d, diz o coordenador do Cine B, Cid\u00e1lio Vieira Santos. \u201cHoje \u00e9 uma satisfa\u00e7\u00e3o ver essa quantidade de filmes brasileiros que j\u00e1 divulgamos aqui na regi\u00e3o\u201d.<\/span><\/p>\n<p>A moradora do projeto Cingapura Madeirite,<span style=\"color: #ff6600;\"> Luciana Caetano da Silva foi em todas as exibi\u00e7\u00f5es na regi\u00e3o. \u201cN\u00e3o perdi uma, porque \u00e9 bom que a gente se diverte muito aqui, assistindo aos filmes brasileiros\u201d, diz. \u201cO que eu mais gostei foi\u00a0<em>O casamento de Romeu e Julieta<\/em>\u201d, diz Luciana.<\/span><\/p>\n<p><span style=\"color: #ff6600;\">Esta exibi\u00e7\u00e3o reuniu pessoas de diferentes grupos e comunidades<\/span>, entre eles, freq\u00fcentadores da Igreja, moradores da Lapa (que conheceram o projeto no Arrai\u00e1 da Lapa, realizado no Pelez\u00e3o), do Cingapura, do grupo de escoteiros Quarupe, do Albergue Zancone, da Creche Nossa Turma, Adaucto\u00a0 Durigan, ex-subprefeito da Lapa na gest\u00e3o da ex-prefeita Marta\u00a0Suplicy e assessor do deputado\u00a0Luiz Cl\u00e1udio Marcolino, equipe de filmagem da TV Assembl\u00e9ia Allesp e reportagem do Jornal da Gente.<\/p>\n<p>Na abertura da exibi\u00e7\u00e3o, o deputado estadual pelo PT, Luiz Cl\u00e1udio Marcolino, morador de Vila Leopoldina, ressaltou a import\u00e2ncia de projetos como o Cine B, o qual idealizou enquanto presidente do Sindicato dos Banc\u00e1rios de S\u00e3o Paulo, Osasco e Regi\u00e3o e hoje ainda luta para que se multipliquem em todo Estado. <span style=\"color: #ff6600;\">\u201cApenas 0,2% de nosso or\u00e7amento est\u00e1 voltado para a cultura\u201d, diz o deputado. \u201cQueremos mudar isso para que v\u00e1rias atividades culturais possam percorrer o Estado d S\u00e3o Paulo, divulgando o cinema que reflete quem somos enquanto povo\u201d.<\/span><\/p>\n<figure id=\"attachment_2359\" aria-describedby=\"caption-attachment-2359\" style=\"width: 384px\" class=\"wp-caption aligncenter\"><a href=\"http:\/\/projetocineb.com.br\/wp-content\/uploads\/2011\/07\/DSC01323_01web3.jpg\"><img decoding=\"async\" class=\"size-full wp-image-2359  \" title=\"O cineasta Luiz Villa\u00e7a ao lado do coordenador do Cine B Cid\u00e1lio Vieira Santos, a diretora executiva da Brazucah Produ\u00e7\u00f5es Cynthia Alario e o depitado estadual Luiz Cl\u00e1udio Marcolino\" src=\"http:\/\/projetocineb.com.br\/wp-content\/uploads\/2011\/07\/DSC01323_01web3.jpg\" alt=\"O cineasta Luiz Villa\u00e7a ao lado do coordenador do Cine B Cid\u00e1lio Vieira Santos, a diretora executiva da Brazucah Produ\u00e7\u00f5es Cynthia Alario e o depitado estadual Luiz Cl\u00e1udio Marcolino\" width=\"384\" height=\"333\" \/><\/a><figcaption id=\"caption-attachment-2359\" class=\"wp-caption-text\">O cineasta Luiz Villa\u00e7a ao lado do coordenador do Cine B Cid\u00e1lio Vieira Santos, a diretora executiva da Brazucah Produ\u00e7\u00f5es Cynthia Alario e o depitado estadual Luiz Cl\u00e1udio Marcolino<\/figcaption><\/figure>\n<p><span style=\"color: #ff6600;\">\u201cO Brasil hoje possui uma produ\u00e7\u00e3o de filmes de \u00f3tima qualidade, mas que s\u00e3o pouco visto pelos brasileiros\u201d, diz a diretora executiva da Brazucah Produ\u00e7\u00f5es, Cynthia Alario.<\/span> \u201cO Cine B \u00e9 um projeto que segue a linha da Brazucah em busca de modificar esse cen\u00e1rio e fortalecer a propaganda boca a boca\u201d.<\/p>\n<p>Presente na exibi\u00e7\u00e3o, a argentina Griselda Moreno, coordenadora do cinema itinerante Cine a la Intemperie ressaltou tamb\u00e9m que n\u00e3o s\u00f3 o cinema \u00e9 fortalecido em a\u00e7\u00f5es como esta. <span style=\"color: #ff6600;\">\u201cCinemas itinerantes fortalecem os bairros, unem as pessoas\u201d, diz Griselda.<\/span><\/p>\n<p><span style=\"color: #ff6600;\">\u201cNem todos podem ir num cinema, pagar ingresso para assistir um filme, ent\u00e3o \u00e9 um prazer para n\u00f3s da Igreja, recebermos um projeto como este\u201d, diz Frei Rodolfo, representando Frei F\u00e1bio enquanto este terminava a missa para tamb\u00e9m ir ao Cine B comer uma pipoquinha e assistir um bom filme brasileiro.<\/span><\/p>\n<figure id=\"attachment_2357\" aria-describedby=\"caption-attachment-2357\" style=\"width: 384px\" class=\"wp-caption aligncenter\"><a href=\"http:\/\/projetocineb.com.br\/wp-content\/uploads\/2011\/07\/DSC01317_01web3.jpg\"><img decoding=\"async\" class=\"size-full wp-image-2357  \" title=\"Frei Fabio na abertura do Cine B ao lado de Cid\u00e1lio\" src=\"http:\/\/projetocineb.com.br\/wp-content\/uploads\/2011\/07\/DSC01317_01web3.jpg\" alt=\"Frei Fabio na abertura do Cine B ao lado de Cid\u00e1lio\" width=\"384\" height=\"340\" \/><\/a><figcaption id=\"caption-attachment-2357\" class=\"wp-caption-text\">Frei Fabio na abertura do Cine B ao lado de Cid\u00e1lio<\/figcaption><\/figure>\n<p>No final da abertura, Eduardo Fiori, editor do Jornal da Gente ressaltou o apoio do Jornal ao Cine B. \u201c\u00c9 um filme que traz uma bonita mensagm, tem muita qualidade e por isso sempre apoiamos uma iniciativa como esta\u201d, diz Eduardo.<\/p>\n<h2><span style=\"color: #008000;\">AGRADECIMENTOS<\/span><\/h2>\n<p><span style=\"color: #ff6600;\">Ao Jornal da Gente e Nosso Bairro por divulgarem esta exibi\u00e7\u00e3o e \u00e0 secret\u00e1ria da Igreja, Dona Bernadete, grande aliada na divulga\u00e7\u00e3o deste Cine B<\/span>.<\/p>\n<h2><strong><span style=\"color: #008000;\">BATE-PAPO COM O DIRETOR<\/span><\/strong><\/h2>\n<p><strong> <\/strong>No final do evento, o p\u00fablico fez algumas perguntas para o cineasta Luiz Villa\u00e7a.<\/p>\n<figure id=\"attachment_2370\" aria-describedby=\"caption-attachment-2370\" style=\"width: 360px\" class=\"wp-caption aligncenter\"><a href=\"http:\/\/projetocineb.com.br\/wp-content\/uploads\/2011\/07\/CIMG0631_01web.jpg\"><img loading=\"lazy\" decoding=\"async\" class=\"size-full wp-image-2370 \" title=\"Luiz Villa\u00e7a, diretor do filme em cartaz neste m\u00eas no Cine B, O contador de hist\u00f3rias\" src=\"http:\/\/projetocineb.com.br\/wp-content\/uploads\/2011\/07\/CIMG0631_01web.jpg\" alt=\"Luiz Villa\u00e7a, diretor do filme em cartaz neste m\u00eas no Cine B, O contador de hist\u00f3rias\" width=\"360\" height=\"480\" \/><\/a><figcaption id=\"caption-attachment-2370\" class=\"wp-caption-text\">Luiz Villa\u00e7a, diretor do filme em cartaz neste m\u00eas no Cine B, O contador de hist\u00f3rias<\/figcaption><\/figure>\n<p><span style=\"color: #ff6600;\">Adaucto\u00a0 Durigan, ex-subprefeito da Lapa na gest\u00e3o da ex-prefeita Marta\u00a0Suplicy, contou emocionado sua experi\u00eancia em 1984 e 85, na ala de recep\u00e7\u00e3o da FEBEM.<\/span> \u201cOs filhos s\u00e3o a fam\u00edlia, \u00e9 amor de m\u00e3e e como foi mostrado no final do filme, a institui\u00e7\u00e3o tem consci\u00eancia de que quando a m\u00e3e entrega a crian\u00e7a, a batalha j\u00e1 foi perdida\u201d, diz Adaucto. \u201cPor isso a melhor pol\u00edtica p\u00fablica \u00e9 aquela que d\u00e1 qualidade de vida para que a pr\u00f3pria fam\u00edlia possa criar seus filhos\u201d.<\/p>\n<p>Luiz Villa\u00e7a fez quest\u00e3o de dizer que muitas vezes temos uma no\u00e7\u00e3o errada da FEBEM. <span style=\"color: #ff6600;\">\u201cA cena final das personagens P\u00e9rola e Margherit, resume muito bem o que eu e os roteiristas estudamos durante oito anos sobre essa institui\u00e7\u00e3o\u201d, diz Villa\u00e7a. \u201cAs pessoas que trabalhavam na FEBEM eram bem intencionadas, faziam o poss\u00edvel por aquelas crian\u00e7as, mas a \u00fanica solu\u00e7\u00e3o \u00e9 atrav\u00e9s do afeto, a rela\u00e7\u00e3o de amor, de m\u00e3e para filho, de pai para filho. Ent\u00e3o assim como Adaucto, me emociono, pois sei como \u00e9 dif\u00edcil esta nossa realidade. Torcemos para que todos um dia tenham, como diz na Constitui\u00e7\u00e3o, direito a casa, comida, educa\u00e7\u00e3o, cultura.\u201d<\/span><\/p>\n<p><span style=\"color: #ff6600;\"> <\/span><\/p>\n<figure id=\"attachment_2369\" aria-describedby=\"caption-attachment-2369\" style=\"width: 381px\" class=\"wp-caption aligncenter\"><a href=\"http:\/\/projetocineb.com.br\/wp-content\/uploads\/2011\/07\/CIMG0624_01web.jpg\"><img loading=\"lazy\" decoding=\"async\" class=\"size-full wp-image-2369  \" title=\"Donizete Zolli, morador do bairro Rem\u00e9dios, em Osasco\" src=\"http:\/\/projetocineb.com.br\/wp-content\/uploads\/2011\/07\/CIMG0624_01web.jpg\" alt=\"Donizete Zolli, morador do bairro Rem\u00e9dios, em Osasco\" width=\"381\" height=\"384\" \/><\/a><figcaption id=\"caption-attachment-2369\" class=\"wp-caption-text\">Donizete Zolli, morador do bairro Rem\u00e9dios, em Osasco<\/figcaption><\/figure>\n<p><span style=\"color: #ff6600;\">\u201cQuanto ao patroc\u00ednio, como foi para conseguir neste filme? Foi atrav\u00e9s de Lei Rouanet, ou voc\u00ea teve que bater de porta em porta? Porque percebo que a Lei Rouanet s\u00f3 patrocina espet\u00e1culos de porte, n\u00e3o vejo patrocinar pessoas que n\u00e3o tenham uma estrutura t\u00e3o forte por tr\u00e1s\u201d, perguntou Donizete Zolli, morador do bairro Rem\u00e9dios, em Osasco. \u201cTamb\u00e9m gostaria de umas dicas para mexer com roteiro\u201d.<\/span><\/p>\n<p><span style=\"color: #ff6600;\">\u201cPara fazer este filme ficamos seis anos batendo em portas\u201d, diz Villa\u00e7a.<\/span> \u201cEssa democratiza\u00e7\u00e3o em teoria existe, pois algumas empresas estatais fazem concursos p\u00fablicos para que aconte\u00e7a em todos lugares essas iniciativas culturais. Mas tamb\u00e9m em cultura sofremos os problemas da economia, ou seja, o que \u00e9 bancado \u00e9 o que pode gerar mais dinheiro. Por isso muitas coisas legais n\u00e3o tem chance de serem produzidas. <span style=\"color: #ff6600;\">Quanto \u00e0 roteiro, h\u00e1 v\u00e1rias boas oficinas, mas a dica \u00e9 tentar escrever o que voc\u00ea gosta e desenvolver bem suas ideias\u201d.<\/span><\/p>\n<p><span style=\"color: #ff6600;\">Assista abaixo alguns trechos que filmamos desta conversa do diretor com o p\u00fablico do Cine B!<\/span><\/p>\n<p><iframe width=\"560\" height=\"349\" src=\"http:\/\/www.youtube.com\/embed\/OIIsoEeZk1Y\" frameborder=\"0\" allowfullscreen><\/iframe><\/p>\n<p><iframe width=\"560\" height=\"349\" src=\"http:\/\/www.youtube.com\/embed\/VBqALIs1Yig\" frameborder=\"0\" allowfullscreen><\/iframe><\/p>\n<p><iframe width=\"560\" height=\"349\" src=\"http:\/\/www.youtube.com\/embed\/5cyg3_RPlyc\" frameborder=\"0\" allowfullscreen><\/iframe><\/p>\n<p><span style=\"color: #ff6600;\"><br \/>\n<\/span><\/p>\n<h2><span style=\"color: #008000;\">CLICKS<\/span><\/h2>\n<figure id=\"attachment_2356\" aria-describedby=\"caption-attachment-2356\" style=\"width: 384px\" class=\"wp-caption aligncenter\"><a href=\"http:\/\/projetocineb.com.br\/wp-content\/uploads\/2011\/07\/DSC01314_01web3.jpg\"><img loading=\"lazy\" decoding=\"async\" class=\"size-full wp-image-2356  \" title=\"Cine B em Vila Leopoldina reunindo sob o mesmo teto pessoas de diferentes realidades\" src=\"http:\/\/projetocineb.com.br\/wp-content\/uploads\/2011\/07\/DSC01314_01web3.jpg\" alt=\"Cine B em Vila Leopoldina reunindo sob o mesmo teto pessoas de diferentes realidades\" width=\"384\" height=\"288\" \/><\/a><figcaption id=\"caption-attachment-2356\" class=\"wp-caption-text\">Cine B em Vila Leopoldina reunindo sob o mesmo teto pessoas de diferentes realidades<\/figcaption><\/figure>\n<figure id=\"attachment_2348\" aria-describedby=\"caption-attachment-2348\" style=\"width: 384px\" class=\"wp-caption aligncenter\"><a href=\"http:\/\/projetocineb.com.br\/wp-content\/uploads\/2011\/07\/DSC01281_01web5.jpg\"><img loading=\"lazy\" decoding=\"async\" class=\"size-full wp-image-2348  \" title=\"&quot;J\u00e1 fui em todas as exibi\u00e7\u00f5es do Cine B na regi\u00e3o, tanto aqui na igreja, quanto no projeto de Ilha de Vera Cruz&quot;, diz a moradora do Cingapura, Luciana Caetano da Silva (de vermelho), que foi nesta exibi\u00e7\u00e3o acompanhada da m\u00e3e Helena Maria da Silva e as vizinhas Odete Pastora Cadete de Andrade e a netinha Dominique Vitoria de 7 anos\" src=\"http:\/\/projetocineb.com.br\/wp-content\/uploads\/2011\/07\/DSC01281_01web5.jpg\" alt=\"&quot;J\u00e1 fui em todas as exibi\u00e7\u00f5es do Cine B na regi\u00e3o, tanto aqui na igreja, quanto no projeto de Ilha de Vera Cruz&quot;, diz a moradora do Cingapura, Luciana Caetano da Silva (de vermelho), que foi nesta exibi\u00e7\u00e3o acompanhada da m\u00e3e Helena Maria da Silva e as vizinhas Odete Pastora Cadete de Andrade e a netinha Dominique Vitoria de 7 anos\" width=\"384\" height=\"340\" \/><\/a><figcaption id=\"caption-attachment-2348\" class=\"wp-caption-text\">&quot;J\u00e1 fui em todas as exibi\u00e7\u00f5es do Cine B na regi\u00e3o, tanto aqui na igreja, quanto no projeto de Ilha de Vera Cruz&quot;, diz a moradora do Cingapura, Luciana Caetano da Silva (de vermelho), que foi nesta exibi\u00e7\u00e3o acompanhada da m\u00e3e Helena Maria da Silva e as vizinhas Odete Pastora Cadete de Andrade e a netinha Dominique Vitoria de 7 anos<\/figcaption><\/figure>\n<figure id=\"attachment_2350\" aria-describedby=\"caption-attachment-2350\" style=\"width: 384px\" class=\"wp-caption aligncenter\"><a href=\"http:\/\/projetocineb.com.br\/wp-content\/uploads\/2011\/07\/DSC01286_01web4.jpg\"><img loading=\"lazy\" decoding=\"async\" class=\"size-full wp-image-2350  \" title=\"&quot;N\u00e3o consegui ir na exibi\u00e7\u00e3o no Ilha de Vera Cruz, mas nessa consegui vir e trouxe meu filho&quot;, diz Josenilton Ribeiro da Silva, acompanhado de Joabe Araujo da Silva, 13\" src=\"http:\/\/projetocineb.com.br\/wp-content\/uploads\/2011\/07\/DSC01286_01web4.jpg\" alt=\"&quot;N\u00e3o consegui ir na exibi\u00e7\u00e3o no Ilha de Vera Cruz, mas nessa consegui vir e trouxe meu filho&quot;, diz Josenilton Ribeiro da Silva, acompanhado de Joabe Araujo da Silva, 13\" width=\"384\" height=\"301\" \/><\/a><figcaption id=\"caption-attachment-2350\" class=\"wp-caption-text\">&quot;N\u00e3o consegui ir na exibi\u00e7\u00e3o no Ilha de Vera Cruz, mas nessa consegui vir e trouxe meu filho&quot;, diz Josenilton Ribeiro da Silva, acompanhado de Joabe Araujo da Silva, 13<\/figcaption><\/figure>\n<figure id=\"attachment_2352\" aria-describedby=\"caption-attachment-2352\" style=\"width: 384px\" class=\"wp-caption aligncenter\"><a href=\"http:\/\/projetocineb.com.br\/wp-content\/uploads\/2011\/07\/DSC01291_01web4.jpg\"><img loading=\"lazy\" decoding=\"async\" class=\"size-full wp-image-2352  \" title=\"O deputado estadural Luiz Cl\u00e1udio Marcolino, idealizados do Cine B, \u00e9 entrevistado pela TV Allesp\" src=\"http:\/\/projetocineb.com.br\/wp-content\/uploads\/2011\/07\/DSC01291_01web4.jpg\" alt=\"O deputado estadural Luiz Cl\u00e1udio Marcolino, idealizados do Cine B, \u00e9 entrevistado pela TV Allesp\" width=\"384\" height=\"340\" \/><\/a><figcaption id=\"caption-attachment-2352\" class=\"wp-caption-text\">O deputado estadural Luiz Cl\u00e1udio Marcolino, idealizados do Cine B, \u00e9 entrevistado pela TV Allesp<\/figcaption><\/figure>\n<figure id=\"attachment_2349\" aria-describedby=\"caption-attachment-2349\" style=\"width: 384px\" class=\"wp-caption aligncenter\"><a href=\"http:\/\/projetocineb.com.br\/wp-content\/uploads\/2011\/07\/DSC01283_01web4.jpg\"><img loading=\"lazy\" decoding=\"async\" class=\"size-full wp-image-2349  \" title=\"O coordenador do Cine B Cid\u00e1lio Vieira Santos \u00e9 entrevistado pela TV Allesp\" src=\"http:\/\/projetocineb.com.br\/wp-content\/uploads\/2011\/07\/DSC01283_01web4.jpg\" alt=\"O coordenador do Cine B Cid\u00e1lio Vieira Santos \u00e9 entrevistado pela TV Allesp\" width=\"384\" height=\"284\" \/><\/a><figcaption id=\"caption-attachment-2349\" class=\"wp-caption-text\">O coordenador do Cine B Cid\u00e1lio Vieira Santos \u00e9 entrevistado pela TV Allesp<\/figcaption><\/figure>\n<figure id=\"attachment_2353\" aria-describedby=\"caption-attachment-2353\" style=\"width: 384px\" class=\"wp-caption aligncenter\"><a href=\"http:\/\/projetocineb.com.br\/wp-content\/uploads\/2011\/07\/DSC01293_01web4.jpg\"><img loading=\"lazy\" decoding=\"async\" class=\"size-full wp-image-2353  \" title=\"Moradores da Lapa, Rita de Araujo com seu filho Vinicius Leandro Bernarnes, 8, e a vizinha Alzira Carmargo Raimundo\" src=\"http:\/\/projetocineb.com.br\/wp-content\/uploads\/2011\/07\/DSC01293_01web4.jpg\" alt=\"Moradores da Lapa, Rita de Araujo com seu filho Vinicius Leandro Bernarnes, 8, e a vizinha Alzira Carmargo Raimundo\" width=\"384\" height=\"282\" \/><\/a><figcaption id=\"caption-attachment-2353\" class=\"wp-caption-text\">Moradores da Lapa, Rita de Araujo com seu filho Vinicius Leandro Bernarnes, 8, e a vizinha Alzira Carmargo Raimundo<\/figcaption><\/figure>\n<figure id=\"attachment_2363\" aria-describedby=\"caption-attachment-2363\" style=\"width: 384px\" class=\"wp-caption aligncenter\"><a href=\"http:\/\/projetocineb.com.br\/wp-content\/uploads\/2011\/07\/DSC01352_01web3.jpg\"><img loading=\"lazy\" decoding=\"async\" class=\"size-full wp-image-2363  \" title=\"Dona Margarida Thon Korl sempre aparece nas vinhetas do Cine B vestindo um gorro, na \u00e9poca estava em tratamento quimioter\u00e1pico, hoje j\u00e1 em boa forma, veio assistir mais um Cine B! Ela ressaltou a import\u00e2ncia de homens e mulheres fazerem o auto-exame para detectar, desde o in\u00edcio, o c\u00e2ncer\" src=\"http:\/\/projetocineb.com.br\/wp-content\/uploads\/2011\/07\/DSC01352_01web3.jpg\" alt=\"Dona Margarida Thon Korl sempre aparece nas vinhetas do Cine B vestindo um gorro, na \u00e9poca estava em tratamento quimioter\u00e1pico, hoje j\u00e1 em boa forma, veio assistir mais um Cine B! Ela ressaltou a import\u00e2ncia de homens e mulheres fazerem o auto-exame para detectar, desde o in\u00edcio, o c\u00e2ncer\" width=\"384\" height=\"322\" \/><\/a><figcaption id=\"caption-attachment-2363\" class=\"wp-caption-text\">Dona Margarida Thon Korl sempre aparece nas vinhetas do Cine B vestindo um gorro, na \u00e9poca estava em tratamento quimioter\u00e1pico, hoje j\u00e1 em boa forma, veio assistir mais um Cine B! Ela ressaltou a import\u00e2ncia de homens e mulheres fazerem o auto-exame para detectar, desde o in\u00edcio, o c\u00e2ncer<\/figcaption><\/figure>\n<figure id=\"attachment_2354\" aria-describedby=\"caption-attachment-2354\" style=\"width: 384px\" class=\"wp-caption aligncenter\"><a href=\"http:\/\/projetocineb.com.br\/wp-content\/uploads\/2011\/07\/DSC01295_01web4.jpg\"><img loading=\"lazy\" decoding=\"async\" class=\"size-full wp-image-2354  \" title=\"Moradoras da Vila Leopoldina, Eglayr Cruz e Igner Candido\" src=\"http:\/\/projetocineb.com.br\/wp-content\/uploads\/2011\/07\/DSC01295_01web4.jpg\" alt=\"Moradoras da Vila Leopoldina, Eglayr Cruz e Igner Candido\" width=\"384\" height=\"302\" \/><\/a><figcaption id=\"caption-attachment-2354\" class=\"wp-caption-text\">Moradoras da Vila Leopoldina, Eglayr Cruz e Igner Candido<\/figcaption><\/figure>\n<figure id=\"attachment_2362\" aria-describedby=\"caption-attachment-2362\" style=\"width: 384px\" class=\"wp-caption aligncenter\"><a href=\"http:\/\/projetocineb.com.br\/wp-content\/uploads\/2011\/07\/DSC01349_01web3.jpg\"><img loading=\"lazy\" decoding=\"async\" class=\"size-full wp-image-2362  \" title=\"Os escoteiros do grupo Quarupe, Damiso Faustino, Karen Lopes, Denis Marchello e Gian Luca di Gregorio\" src=\"http:\/\/projetocineb.com.br\/wp-content\/uploads\/2011\/07\/DSC01349_01web3.jpg\" alt=\"Os escoteiros do grupo Quarupe, Damiso Faustino, Karen Lopes, Denis Marchello e Gian Luca di Gregorio\" width=\"384\" height=\"310\" \/><\/a><figcaption id=\"caption-attachment-2362\" class=\"wp-caption-text\">Os escoteiros do grupo Quarupe, Damiso Faustino, Karen Lopes, Denis Marchello e Gian Luca di Gregorio<\/figcaption><\/figure>\n<figure id=\"attachment_2364\" aria-describedby=\"caption-attachment-2364\" style=\"width: 384px\" class=\"wp-caption aligncenter\">\u00a0com\u00a0<a href=\"http:\/\/projetocineb.com.br\/wp-content\/uploads\/2011\/07\/DSC01353_01web3.jpg\"><img loading=\"lazy\" decoding=\"async\" class=\"size-full wp-image-2364  \" title=\"Cid\u00e1lio Vieira e Cynthia Alario posam em foto com ass argentinas Griselda Moreno e Vivianna Garcia, do Cine a la Intemperie, que como o Cine B, leva o cinema a todos os cantos de seu pa\u00eds\" src=\"http:\/\/projetocineb.com.br\/wp-content\/uploads\/2011\/07\/DSC01353_01web3.jpg\" alt=\"Cid\u00e1lio Vieira e Cynthia Alario posam em foto com ass argentinas Griselda Moreno e Vivianna Garcia, do Cine a la Intemperie, que como o Cine B, leva o cinema a todos os cantos de seu pa\u00eds\" width=\"384\" height=\"326\" \/><\/a><figcaption id=\"caption-attachment-2364\" class=\"wp-caption-text\">Cid\u00e1lio Vieira e Cynthia Alario posam em foto com ass argentinas Griselda Moreno e Vivianna Garcia, do Cine a la Intemperie, que como o Cine B, leva o cinema a todos os cantos de seu pa\u00eds<\/figcaption><\/figure>\n<figure id=\"attachment_2361\" aria-describedby=\"caption-attachment-2361\" style=\"width: 384px\" class=\"wp-caption aligncenter\"><a href=\"http:\/\/projetocineb.com.br\/wp-content\/uploads\/2011\/07\/DSC01348_01web3.jpg\"><img loading=\"lazy\" decoding=\"async\" class=\"size-full wp-image-2361  \" title=\"Os sortudos desta exibi\u00e7\u00e3o que levaram para casa camisetas do Cine B e brindes da exposi\u00e7\u00e3o Corpo Humano\" src=\"http:\/\/projetocineb.com.br\/wp-content\/uploads\/2011\/07\/DSC01348_01web3.jpg\" alt=\"Os sortudos desta exibi\u00e7\u00e3o que levaram para casa camisetas do Cine B e brindes da exposi\u00e7\u00e3o Corpo Humano\" width=\"384\" height=\"288\" \/><\/a><figcaption id=\"caption-attachment-2361\" class=\"wp-caption-text\">Os sortudos desta exibi\u00e7\u00e3o que levaram para casa camisetas do Cine B e brindes da exposi\u00e7\u00e3o Corpo Humano<\/figcaption><\/figure>\n<p><span style=\"color: #008000;\"><br \/>\n<\/span><\/p>\n","protected":false},"excerpt":{"rendered":"<p>Foram duas exibi\u00e7\u00f5es no Col\u00e9gio Ilha de Vera Cruz e cinco vezes no sal\u00e3o da Igreja Nossa Senhora de Lourdes.[&#8230;]<\/p>\n","protected":false},"author":2,"featured_media":0,"comment_status":"open","ping_status":"open","sticky":false,"template":"","format":"standard","meta":[],"categories":[2],"tags":[154,242,263,266,470,760,762,860,1132,1250],"_links":{"self":[{"href":"https:\/\/projetocineb.com.br\/index.php?rest_route=\/wp\/v2\/posts\/2347"}],"collection":[{"href":"https:\/\/projetocineb.com.br\/index.php?rest_route=\/wp\/v2\/posts"}],"about":[{"href":"https:\/\/projetocineb.com.br\/index.php?rest_route=\/wp\/v2\/types\/post"}],"author":[{"embeddable":true,"href":"https:\/\/projetocineb.com.br\/index.php?rest_route=\/wp\/v2\/users\/2"}],"replies":[{"embeddable":true,"href":"https:\/\/projetocineb.com.br\/index.php?rest_route=%2Fwp%2Fv2%2Fcomments&post=2347"}],"version-history":[{"count":0,"href":"https:\/\/projetocineb.com.br\/index.php?rest_route=\/wp\/v2\/posts\/2347\/revisions"}],"wp:attachment":[{"href":"https:\/\/projetocineb.com.br\/index.php?rest_route=%2Fwp%2Fv2%2Fmedia&parent=2347"}],"wp:term":[{"taxonomy":"category","embeddable":true,"href":"https:\/\/projetocineb.com.br\/index.php?rest_route=%2Fwp%2Fv2%2Fcategories&post=2347"},{"taxonomy":"post_tag","embeddable":true,"href":"https:\/\/projetocineb.com.br\/index.php?rest_route=%2Fwp%2Fv2%2Ftags&post=2347"}],"curies":[{"name":"wp","href":"https:\/\/api.w.org\/{rel}","templated":true}]}}