{"id":2377,"date":"2011-07-28T17:26:54","date_gmt":"2011-07-28T20:26:54","guid":{"rendered":"http:\/\/projetocineb.com.br\/?p=2377"},"modified":"2011-07-28T17:26:54","modified_gmt":"2011-07-28T20:26:54","slug":"sindicato-lanca-mais-um-curta-metragem","status":"publish","type":"post","link":"https:\/\/projetocineb.com.br\/?p=2377","title":{"rendered":"SINDICATO LAN\u00c7A MAIS UM CURTA-METRAGEM"},"content":{"rendered":"<p><span style=\"color: #ff6600;\">Muitas vezes damos o nosso m\u00e1ximo no trabalho e n\u00e3o conseguimos ser reconhecidos por isso<\/span>. Em algumas empresas, ainda hoje, a press\u00e3o \u00e9 enorme por resultados cada vez mais dif\u00edceis de serem realizados. <span style=\"color: #ff6600;\">Ora, somos seres humanos, e nem sempre conseguimos ultrapassar nossos pr\u00f3prios limites, n\u00e3o \u00e9 mesmo?<\/span><\/p>\n<p>Por isso, <span style=\"color: #ff6600;\">hoje o Sindicato dos Banc\u00e1rios de S\u00e3o Paulo, Osasco e Regi\u00e3o, lan\u00e7a durante o programa Momento Banc\u00e1rio, um curta-metragem com o tema ass\u00e9dio moral<\/span><span style=\"color: #ff6600;\">. O objetivo da produ\u00e7\u00e3o \u00e9 ajudar e envolver os banc\u00e1rios na luta contra esse problema, melhorar as condi\u00e7\u00f5es de trabalho e evitar o adoecimento.<\/p>\n<p>Confira abaixo o making of desta produ\u00e7\u00e3o:<br \/>\n<iframe width=\"425\" height=\"349\" src=\"http:\/\/www.youtube.com\/embed\/WaswHi7ACzo\" frameborder=\"0\" allowfullscreen><\/iframe><br \/>\n<span style=\"color: #ff6600;\">\u201cA palavra que mais traduz o emprego banc\u00e1rio \u00e9 &#8216;press\u00e3o&#8217;. E a vontade de mudar essa situa\u00e7\u00e3o nos une no objetivo de melhorar as condi\u00e7\u00f5es de trabalho. \u00c9 insuport\u00e1vel conviver com as metas abusivas e o ass\u00e9dio moral impostos pelos bancos aos trabalhadores\u201d, disse\u00a0Juvandia Moreira, presidenta do Sindicato dos Banc\u00e1rios.<\/span><\/p>\n<p>\u201cA c\u00e2mera subjetiva \u00e9 o olhar do personagem, ent\u00e3o ela deve ver e sentir as press\u00f5es que ele est\u00e1 sofrendo, para que o p\u00fablico viva essa experi\u00eancia\u201d, explica Tadeu Knudsen.<\/p>\n<p>Em comemora\u00e7\u00e3o aos 88 anos do Sindicato, diversos filmes est\u00e3o sendo produzidos. O primeiro deles ressaltou as diversas conquistas realizadas pela institui\u00e7\u00e3o. Ficou curios@? Assiste a\u00ed!<\/p>\n<p><iframe width=\"425\" height=\"349\" src=\"http:\/\/www.youtube.com\/embed\/rGULD1_OGFs\" frameborder=\"0\" allowfullscreen><\/iframe><\/p>\n<p><span style=\"color: #ff6600;\">Ent\u00e3o n\u00e3o perca! <strong>O programa Momento Banc\u00e1rio come\u00e7a 20h desta quinta-feira, 28\/7\/2011 e pode ser assistido no site<\/strong> <\/span><a href=\"http:\/\/www.spbancarios.com.br\">www.spbancarios.com.br<\/a><\/p>\n","protected":false},"excerpt":{"rendered":"<p>Muitas vezes damos o nosso m\u00e1ximo no trabalho e n\u00e3o conseguimos ser reconhecidos por isso. Em algumas empresas, ainda hoje,[&#8230;]<\/p>\n","protected":false},"author":2,"featured_media":0,"comment_status":"open","ping_status":"open","sticky":false,"template":"","format":"standard","meta":[],"categories":[10],"tags":[127,173,307,399,718,819,1095,1132],"_links":{"self":[{"href":"https:\/\/projetocineb.com.br\/index.php?rest_route=\/wp\/v2\/posts\/2377"}],"collection":[{"href":"https:\/\/projetocineb.com.br\/index.php?rest_route=\/wp\/v2\/posts"}],"about":[{"href":"https:\/\/projetocineb.com.br\/index.php?rest_route=\/wp\/v2\/types\/post"}],"author":[{"embeddable":true,"href":"https:\/\/projetocineb.com.br\/index.php?rest_route=\/wp\/v2\/users\/2"}],"replies":[{"embeddable":true,"href":"https:\/\/projetocineb.com.br\/index.php?rest_route=%2Fwp%2Fv2%2Fcomments&post=2377"}],"version-history":[{"count":0,"href":"https:\/\/projetocineb.com.br\/index.php?rest_route=\/wp\/v2\/posts\/2377\/revisions"}],"wp:attachment":[{"href":"https:\/\/projetocineb.com.br\/index.php?rest_route=%2Fwp%2Fv2%2Fmedia&parent=2377"}],"wp:term":[{"taxonomy":"category","embeddable":true,"href":"https:\/\/projetocineb.com.br\/index.php?rest_route=%2Fwp%2Fv2%2Fcategories&post=2377"},{"taxonomy":"post_tag","embeddable":true,"href":"https:\/\/projetocineb.com.br\/index.php?rest_route=%2Fwp%2Fv2%2Ftags&post=2377"}],"curies":[{"name":"wp","href":"https:\/\/api.w.org\/{rel}","templated":true}]}}