{"id":239,"date":"2010-02-09T19:42:40","date_gmt":"2010-02-09T19:42:40","guid":{"rendered":"http:\/\/projetocineb.com.br\/?p=239"},"modified":"2010-02-09T19:42:40","modified_gmt":"2010-02-09T19:42:40","slug":"jd-independencia","status":"publish","type":"post","link":"https:\/\/projetocineb.com.br\/?p=239","title":{"rendered":"JD INDEPEND\u00caNCIA"},"content":{"rendered":"<h2><span style=\"color: #339966;\">TANTACOISACONTECEU, QNEMSEIOQDIZER&#8230;<\/span><\/h2>\n<p>Por onde eu come\u00e7o? Street Dance ou Tai Chi Chuan? <em>A orquestra dos meninos<\/em> ou fisioterapia?<\/p>\n<p>CineB de hoje em energia fraternal, na <span style=\"color: #0000ff;\">Associa\u00e7\u00e3o dos Amigos do Jardim Independ\u00eancia<\/span>, zona norte de S\u00e3o Paulo. <span style=\"color: #0000ff;\">Relizado pelo Sindicato dos Banc\u00e1rios de S\u00e3o Paulo, Osasco e Regi\u00e3o e Brazucah Produ\u00e7\u00f5es, o evento de hoje revelou uma Associa\u00e7\u00e3o que oferece cursos diferenciados, e contou com a apresenta\u00e7\u00e3o de tr\u00eas artistas de street dance, ou dan\u00e7a de rua.<\/span><\/p>\n<h2><span style=\"color: #339966;\">RENASCIMENTO<\/span><\/h2>\n<p>Segundo Reginaldo, um dos principais membros da Associa\u00e7\u00e3o e marido de Solange, presidente da entidade e filha de um dos principais fundadores, o senhor Moacir, em cinco de dezembro de 1967, o Jardim Independ\u00eancia recebeu a doa\u00e7\u00e3o de um grande terreno.<\/p>\n<p><span style=\"color: #0000ff;\">Na d\u00e9cada de 90 o im\u00f3vel pertencente \u00e0 esta associa\u00e7\u00e3o, foi dominado por uma pessoa<\/span> que deveria manter a institui\u00e7\u00e3o atuante na regi\u00e3o, mas a deixou maltratada e sem o uso comunit\u00e1rio. <span style=\"color: #0000ff;\">\u201cA pessoa se estabeleceu aqui e por 10 anos este lugar ficou abandonado, a pessoa n\u00e3o deixava ningu\u00e9m entrar aqui. Foi muito doloroso a retomada, tivemos at\u00e9 que despejar a pessoa porque ela se recusava a sair\u201d, disse a presidente Solange<\/span>.<\/p>\n<p style=\"text-align: center;\"><a href=\"http:\/\/projetocineb.com.br\/wp-content\/uploads\/2010\/02\/DSC00512_01SITE.jpg\"><img fetchpriority=\"high\" decoding=\"async\" class=\"aligncenter size-full wp-image-242\" title=\"Cid\u00e1lio na abertura do CineB, e Reginaldo e Solange, presidente da Associa\u00e7\u00e3o.\" src=\"http:\/\/projetocineb.com.br\/wp-content\/uploads\/2010\/02\/DSC00512_01SITE.jpg\" alt=\"\" width=\"448\" height=\"400\" \/><\/a><\/p>\n<p>Com muito esfor\u00e7o, inclusive f\u00edsico, desde o ano 2000 o espa\u00e7o vem sendo trabalhado atrav\u00e9s da coopera\u00e7\u00e3o e voluntariado. <span style=\"color: #0000ff;\">Solange e o amigo Edilam desceram a marreta no lugar, reformaram todo o sal\u00e3o<\/span>. Outros <span style=\"color: #0000ff;\">volunt\u00e1rios como a fisioterapeuta Andr\u00e9ia e sua irm\u00e3, a enfermeira Priscila, tamb\u00e9m se uniram e h\u00e1 cinco anos<\/span> oferecem servi\u00e7os em suas respectivas especialidades.<\/p>\n<p>Antes da sess\u00e3o come\u00e7ar foi passado um v\u00eddeo da Associa\u00e7\u00e3o, uma pequena mostra do que rola por l\u00e1. Cursos de dan\u00e7a, Tai Chi Chuan, Lian Gong e por a\u00ed vai! Tamb\u00e9m foram exibidas imagens de alguns tratamentos fisioter\u00e1picos. A sala \u00e9 equipada e consegue atender consideravelmente bem a comunidade. \u201cMoramos no Parque S\u00e3o Lucas, mas preferimos vir pra c\u00e1. H\u00e1 cinco anos come\u00e7amos com aulas de dan\u00e7a, como uma forma de terapia com arte. Depois come\u00e7amos os atendimentos para ajudar mais com a sa\u00fade\u201d, disse a enfermeira Priscila.<\/p>\n<p><span style=\"color: #0000ff;\">\u201cO duro \u00e9 que temos leis de incentivo para a cultura, a educa\u00e7\u00e3o, pro esporte, mas ainda n\u00e3o temos para a \u00e1rea de sa\u00fade. Isso ajudaria bastante\u201d, comentou a fisioterapeuta Andr\u00e9ia<\/span>.<\/p>\n<p style=\"text-align: center;\"><a href=\"http:\/\/projetocineb.com.br\/wp-content\/uploads\/2010\/02\/DSC00508_01SITE.jpg\"><img decoding=\"async\" class=\"aligncenter size-full wp-image-243\" title=\"Volunt\u00e1rias na Associa\u00e7\u00e3o: a enfermeira Priscila com o pequenino Felipe, e a fisioterapeuta Andr\u00e9ia\" src=\"http:\/\/projetocineb.com.br\/wp-content\/uploads\/2010\/02\/DSC00508_01SITE.jpg\" alt=\"\" width=\"350\" height=\"384\" \/><\/a><\/p>\n<h2><span style=\"color: #339966;\">LIAN GONG<\/span><\/h2>\n<p><span style=\"color: #0000ff;\">Dora, a instrutora de Lian Gong<\/span>, levou sua sobrinha e afilhadas para assistir o CineB de hoje. Dora, que disse ter gostado muito do filme, <span style=\"color: #0000ff;\">ministra aulas para mulheres de at\u00e9 90 anos<\/span>. <span style=\"color: #0000ff;\">\u201cO Lian Gong d\u00e1 auto-estima aos praticantes, al\u00e9m de ser muito bom para as articula\u00e7\u00f5es e a circula\u00e7\u00e3o sangu\u00ednea. S\u00e3o exerc\u00edcios que mexem com a respira\u00e7\u00e3o e ajudam na recupera\u00e7\u00e3o de cirurgias\u201d<\/span>, disse Dora.<\/p>\n<p style=\"text-align: center;\"><a href=\"http:\/\/projetocineb.com.br\/wp-content\/uploads\/2010\/02\/DSC00518_01SITE.jpg\"><img decoding=\"async\" class=\"aligncenter size-full wp-image-244\" title=\"A jovem violinista Juliana, com suas primas Beatriz e Tain\u00e1 e a tia Dora, que ministra aulas de Lian Gong na Associa\u00e7\u00e3o\" src=\"http:\/\/projetocineb.com.br\/wp-content\/uploads\/2010\/02\/DSC00518_01SITE.jpg\" alt=\"\" width=\"384\" height=\"358\" \/><\/a><\/p>\n<h2><span style=\"color: #339966;\">SA\u00daDE \u00c9 O FOCO<\/span><\/h2>\n<p>Duas vezes por semana <span style=\"color: #0000ff;\">Carlos Reketis<\/span> d\u00e1 <span style=\"color: #0000ff;\">aulas de Tai Chi Chuan<\/span> na Associa\u00e7\u00e3o dos Amigos do Jardim Independ\u00eancia. Segundo ele, o objetivo de todos ali na associa\u00e7\u00e3o \u00e9 deixar um legado, fazer com que todo este trabalho continue acontecendo. \u201cQueremos que as pessoas formem seus pr\u00f3prios grupos e que todo esse conhecimento seja continuado\u201d, disse Carlos.<\/p>\n<p><span style=\"color: #0000ff;\">Ele aprendeu os movimentos do Tai Chi na Unidade B\u00e1sica de Sa\u00fade (UDS) da regi\u00e3o. No governo de Luiza Erundina<\/span>, diversos cursos capacitaram as pessoas em t\u00e9cnicas diferenciadas como o Tai Chi Chuan. Carlos Reketis n\u00e3o perdeu tempo. Aprendeu a t\u00e9cnica e agora repassa seu conhecimento para os novos membros da comunidade.<\/p>\n<h2><span style=\"color: #339966;\">STREET DANCE + YOGA?<\/span><\/h2>\n<p>Falando nisso, voc\u00ea sabia que a dan\u00e7a de rua tem movimentos inspirados na Yoga e no Tai Chi? <span style=\"color: #0000ff;\">\u201cUm dos movimentos do Break, eu vi num programa na TV Cultura sobre a Yoga. Fui atr\u00e1s e descobri que tanto na dan\u00e7a de rua quanto nessas t\u00e9cnicas orientais, o segredo \u00e9 o equil\u00edbrio, n\u00e3o a for\u00e7a. Fazer esses movimentos que fazemos \u00e9 preciso bom equil\u00edbrio\u201d, disse <\/span><a href=\"http:\/\/www.myspace.com\/mionjf\"><span style=\"color: #0000ff;\">Lucas Mion<\/span><\/a><span style=\"color: #0000ff;\">, professor de Break Dance na Associa\u00e7\u00e3o dos Amigos do Jardim Independ\u00eancia<\/span>.<\/p>\n<p>Segundo seu amigo, o <span style=\"color: #0000ff;\">instrutor de dan\u00e7as urbanas em Cidade Tiradentes, <\/span><a href=\"http:\/\/www.orkut.com.br\/Main#Profile?uid=11387418992050972869\"><span style=\"color: #0000ff;\">Rafael Primo<\/span><\/a><span style=\"color: #0000ff;\">,<\/span> que veio participar da sess\u00e3o de hoje do CineB, s\u00e3o oito modalidades diferentes que comp\u00f5e toda a variedade de movimentos do street dance.<\/p>\n<p><span style=\"color: #0000ff;\">\u201cO movimento que fazemos com as costas no ch\u00e3o, chamado de Moinho de Vento, foi concebido no Vietn\u00e3, como forma de protesto contra as mutila\u00e7\u00f5es causadas pelas minas terrestres\u201d, disse Rafael<\/span>. O Up-Rock \u00e9 outro movimento criado na d\u00e9cada de 80 que protestava contra a viol\u00eancia nos bairros. Um exemplo popular de Up-Rock voc\u00ea encontra no clip <a href=\"http:\/\/www.youtube.com\/watch?v=QnroWnC6seQ\">Bad<\/a> e em outros trabalhos brilhantes do falecido artista Michael Jackson. \u201cNo geral, o street dance transmite a paz para dentro das festas\u201d, finaliza Rafael.<\/p>\n<p>No final da sess\u00e3o ambos, acompanhados do el\u00e1stico David Chavinho, deram um aperitivo pra l\u00e1 de doidera de street. Ao som de um bumbumbum eles mandaram ver dan\u00e7ando como poucos conseguem!<\/p>\n<p><span style=\"color: #0000ff;\">\u201cO neg\u00f3cio \u00e9 se entregar. Alguns conseguem fazer movimentos dif\u00edceis logo de cara, outros demoram um pouco mais. S\u00f3 que tudo depende do quanto a pessoa se entrega para a dan\u00e7a\u201d, disse Lucas Mion<\/span>.<\/p>\n<p style=\"text-align: center;\"><a href=\"http:\/\/projetocineb.com.br\/wp-content\/uploads\/2010\/02\/DSC00523_01SITE.jpg\"><img loading=\"lazy\" decoding=\"async\" class=\"aligncenter size-full wp-image-246\" title=\"Lucas Mion, David Chavinho e Rafael Primo, artistas e professores de street dance\" src=\"http:\/\/projetocineb.com.br\/wp-content\/uploads\/2010\/02\/DSC00523_01SITE.jpg\" alt=\"\" width=\"493\" height=\"380\" \/><\/a><\/p>\n<h2><span style=\"color: #339966;\">PR\u00d3XIMA SESS\u00c3O<\/span><\/h2>\n<p>Aha! A sess\u00e3o de amanh\u00e3 \u00e9 em terras distantes. N\u00e3o t\u00e3o distantes. Mas a rota \u00e9 intermunicipal com direito a estradona.<\/p>\n<p>Pela primeira vez o CineB estar\u00e1 presente em <span style=\"color: #0000ff;\">Piracicaba<\/span>, apresentando para a popula\u00e7\u00e3o o melhor do cinema brasileiro. Quer aparecer por l\u00e1?<\/p>\n<p>Ent\u00e3o anote a\u00ed o endere\u00e7o: <span style=\"color: #0000ff;\">rua Edni Rontani Basseti<\/span>, no <span style=\"color: #0000ff;\">Varej\u00e3o do Parque \u00c1gua Branca<\/span>. Mais informa\u00e7\u00f5es d\u00e1 uma ligada no <span style=\"color: #0000ff;\">(19) 9388-5568<\/span>.<\/p>\n<p><em>Abrax!<\/em><\/p>\n<p style=\"text-align: center;\"><a href=\"http:\/\/projetocineb.com.br\/wp-content\/uploads\/2010\/02\/DSC00507_01SITE.jpg\"><img loading=\"lazy\" decoding=\"async\" class=\"aligncenter size-full wp-image-247\" title=\"Jos\u00e9 e Clair com seu filho, o mestrando em ci\u00eancias sociais, Claudinei\" src=\"http:\/\/projetocineb.com.br\/wp-content\/uploads\/2010\/02\/DSC00507_01SITE.jpg\" alt=\"\" width=\"448\" height=\"331\" \/><\/a><\/p>\n<p><em><a href=\"http:\/\/projetocineb.com.br\/wp-content\/uploads\/2010\/02\/DSC00502_01SITE.jpg\"><img loading=\"lazy\" decoding=\"async\" class=\"aligncenter size-full wp-image-248\" title=\"Fotos de reuni\u00f5es, festas e cursos na sede como era antes da reforma\" src=\"http:\/\/projetocineb.com.br\/wp-content\/uploads\/2010\/02\/DSC00502_01SITE.jpg\" alt=\"\" width=\"640\" height=\"480\" \/><\/a><\/em><\/p>\n<p><a href=\"http:\/\/projetocineb.com.br\/wp-content\/uploads\/2010\/02\/DSC00522_01SITE.jpg\"><img loading=\"lazy\" decoding=\"async\" class=\"aligncenter size-full wp-image-250\" title=\"Street dance\" src=\"http:\/\/projetocineb.com.br\/wp-content\/uploads\/2010\/02\/DSC00522_01SITE.jpg\" alt=\"\" width=\"640\" height=\"450\" \/><\/a><\/p>\n<p><em>0~0<\/em><\/p>\n","protected":false},"excerpt":{"rendered":"<p>TANTACOISACONTECEU, QNEMSEIOQDIZER&#8230; Por onde eu come\u00e7o? Street Dance ou Tai Chi Chuan? A orquestra dos meninos ou fisioterapia? CineB de[&#8230;]<\/p>\n","protected":false},"author":2,"featured_media":0,"comment_status":"open","ping_status":"open","sticky":false,"template":"","format":"standard","meta":[],"categories":[2],"tags":[113,154,252,266,697,1132,1249],"_links":{"self":[{"href":"https:\/\/projetocineb.com.br\/index.php?rest_route=\/wp\/v2\/posts\/239"}],"collection":[{"href":"https:\/\/projetocineb.com.br\/index.php?rest_route=\/wp\/v2\/posts"}],"about":[{"href":"https:\/\/projetocineb.com.br\/index.php?rest_route=\/wp\/v2\/types\/post"}],"author":[{"embeddable":true,"href":"https:\/\/projetocineb.com.br\/index.php?rest_route=\/wp\/v2\/users\/2"}],"replies":[{"embeddable":true,"href":"https:\/\/projetocineb.com.br\/index.php?rest_route=%2Fwp%2Fv2%2Fcomments&post=239"}],"version-history":[{"count":0,"href":"https:\/\/projetocineb.com.br\/index.php?rest_route=\/wp\/v2\/posts\/239\/revisions"}],"wp:attachment":[{"href":"https:\/\/projetocineb.com.br\/index.php?rest_route=%2Fwp%2Fv2%2Fmedia&parent=239"}],"wp:term":[{"taxonomy":"category","embeddable":true,"href":"https:\/\/projetocineb.com.br\/index.php?rest_route=%2Fwp%2Fv2%2Fcategories&post=239"},{"taxonomy":"post_tag","embeddable":true,"href":"https:\/\/projetocineb.com.br\/index.php?rest_route=%2Fwp%2Fv2%2Ftags&post=239"}],"curies":[{"name":"wp","href":"https:\/\/api.w.org\/{rel}","templated":true}]}}