{"id":2418,"date":"2011-08-03T23:55:20","date_gmt":"2011-08-04T02:55:20","guid":{"rendered":"http:\/\/projetocineb.com.br\/?p=2418"},"modified":"2011-08-03T23:55:20","modified_gmt":"2011-08-04T02:55:20","slug":"cine-b-no-guia-daqui","status":"publish","type":"post","link":"https:\/\/projetocineb.com.br\/?p=2418","title":{"rendered":"CINE B NO GUIA DAQUI"},"content":{"rendered":"<p>Gente, olha que legal! <span style=\"color: #ff6600;\">O Cine B ganhou a capa da revista-guia Daqui, edi\u00e7\u00e3o de agosto. S\u00e3o 15 mil exemplares entregues em resid\u00eancias e estabelecimentos comerciais dos bairros Lapa, Vila Leopoldina, Perdizes e Pomp\u00e9ia.<\/span><br \/>\n<a href=\"http:\/\/www.tudoeste.com.br\/?DS=ttl_o-caminho-do-cinema|Pub_2|smfr_3|CodArt_16161|orgn_1\" target=\"_blank\"> Leia a reportagem escrita por Cristina Torres no site Tudoeste.<\/a><\/p>\n<figure id=\"attachment_2419\" aria-describedby=\"caption-attachment-2419\" style=\"width: 386px\" class=\"wp-caption aligncenter\"><a href=\"http:\/\/projetocineb.com.br\/wp-content\/uploads\/2011\/08\/Revista-Daqui-Lapa-Agosto.jpg\"><img fetchpriority=\"high\" decoding=\"async\" class=\"size-full wp-image-2419   \" title=\"Foto do site Tudoeste, com a foto de capa que ilustra o guia. Na foto, a diretora da Brazucah Produ\u00e7\u00f5es Cynthia Alario e o coordenador do Cine B, Cid\u00e1lio Vieira Santos\" src=\"http:\/\/projetocineb.com.br\/wp-content\/uploads\/2011\/08\/Revista-Daqui-Lapa-Agosto.jpg\" alt=\"Foto do site Tudoeste, com a foto de capa que ilustra o guia. Na foto, a diretora da Brazucah Produ\u00e7\u00f5es Cynthia Alario e o coordenador do Cine B, Cid\u00e1lio Vieira Santos\" width=\"386\" height=\"258\" \/><\/a><figcaption id=\"caption-attachment-2419\" class=\"wp-caption-text\">Foto do site Tudoeste, com a foto de capa que ilustra o guia. Na foto, a diretora da Brazucah Produ\u00e7\u00f5es Cynthia Alario e o coordenador do Cine B, Cid\u00e1lio Vieira Santos<\/figcaption><\/figure>\n<p>E lembrem-se de <span style=\"color: #ff6600;\">curtir nossa p\u00e1gina no <a href=\"http:\/\/www.facebook.com\/pages\/Cine-B\/120401428034862\" target=\"_blank\">Facebook<\/a>!<\/span><\/p>\n","protected":false},"excerpt":{"rendered":"<p>Gente, olha que legal! O Cine B ganhou a capa da revista-guia Daqui, edi\u00e7\u00e3o de agosto. S\u00e3o 15 mil exemplares[&#8230;]<\/p>\n","protected":false},"author":2,"featured_media":0,"comment_status":"open","ping_status":"open","sticky":false,"template":"","format":"standard","meta":[],"categories":[7],"tags":[154,242,263,266,584,732,960,973,1095,1132,1223,1250],"_links":{"self":[{"href":"https:\/\/projetocineb.com.br\/index.php?rest_route=\/wp\/v2\/posts\/2418"}],"collection":[{"href":"https:\/\/projetocineb.com.br\/index.php?rest_route=\/wp\/v2\/posts"}],"about":[{"href":"https:\/\/projetocineb.com.br\/index.php?rest_route=\/wp\/v2\/types\/post"}],"author":[{"embeddable":true,"href":"https:\/\/projetocineb.com.br\/index.php?rest_route=\/wp\/v2\/users\/2"}],"replies":[{"embeddable":true,"href":"https:\/\/projetocineb.com.br\/index.php?rest_route=%2Fwp%2Fv2%2Fcomments&post=2418"}],"version-history":[{"count":0,"href":"https:\/\/projetocineb.com.br\/index.php?rest_route=\/wp\/v2\/posts\/2418\/revisions"}],"wp:attachment":[{"href":"https:\/\/projetocineb.com.br\/index.php?rest_route=%2Fwp%2Fv2%2Fmedia&parent=2418"}],"wp:term":[{"taxonomy":"category","embeddable":true,"href":"https:\/\/projetocineb.com.br\/index.php?rest_route=%2Fwp%2Fv2%2Fcategories&post=2418"},{"taxonomy":"post_tag","embeddable":true,"href":"https:\/\/projetocineb.com.br\/index.php?rest_route=%2Fwp%2Fv2%2Ftags&post=2418"}],"curies":[{"name":"wp","href":"https:\/\/api.w.org\/{rel}","templated":true}]}}