{"id":2424,"date":"2011-08-05T19:19:26","date_gmt":"2011-08-05T22:19:26","guid":{"rendered":"http:\/\/projetocineb.com.br\/?p=2424"},"modified":"2011-08-05T19:19:26","modified_gmt":"2011-08-05T22:19:26","slug":"cine-favela-com-inscricoes-abertas","status":"publish","type":"post","link":"https:\/\/projetocineb.com.br\/?p=2424","title":{"rendered":"CINE FAVELA COM INSCRI\u00c7\u00d5ES ABERTAS"},"content":{"rendered":"<p>Aten\u00e7\u00e3o l\u00edderes comunit\u00e1rios e cineastas que vivem nas comunidades! O <span style=\"color: #ff6600;\">6\u00ba <\/span><span style=\"color: #ff6600;\">Festival Cine Favela de Cinema est\u00e1 com as inscri\u00e7\u00f5es abertas at\u00e9 30\/setembro\/2011<\/span>. \u00a0Todos os g\u00eaneros e tipos de capta\u00e7\u00e3o podem concorrer.<\/p>\n<p><a href=\"http:\/\/www.festivalcinefavela.com.br\/\" target=\"_blank\">Clique aqui para ver a p\u00e1gina do Festival.<\/a><\/p>\n<p>Assista abaixo o curta vencedor da edi\u00e7\u00e3o 2010.<br \/>\n<iframe width=\"425\" height=\"349\" src=\"http:\/\/www.youtube.com\/embed\/PPQaYQrsP9Q\" frameborder=\"0\" allowfullscreen><\/iframe><\/p>\n<p><iframe width=\"425\" height=\"349\" src=\"http:\/\/www.youtube.com\/embed\/DdpJi2_uzEw\" frameborder=\"0\" allowfullscreen><\/iframe><\/p>\n<p><strong>Quem se inscrever, comente aqui com a gente. Boa sorte a tod@s!<\/strong><\/p>\n","protected":false},"excerpt":{"rendered":"<p>Aten\u00e7\u00e3o l\u00edderes comunit\u00e1rios e cineastas que vivem nas comunidades! O 6\u00ba Festival Cine Favela de Cinema est\u00e1 com as inscri\u00e7\u00f5es[&#8230;]<\/p>\n","protected":false},"author":2,"featured_media":0,"comment_status":"open","ping_status":"open","sticky":false,"template":"","format":"standard","meta":[],"categories":[7],"tags":[21,242,263,266,313,597,1095,1251],"_links":{"self":[{"href":"https:\/\/projetocineb.com.br\/index.php?rest_route=\/wp\/v2\/posts\/2424"}],"collection":[{"href":"https:\/\/projetocineb.com.br\/index.php?rest_route=\/wp\/v2\/posts"}],"about":[{"href":"https:\/\/projetocineb.com.br\/index.php?rest_route=\/wp\/v2\/types\/post"}],"author":[{"embeddable":true,"href":"https:\/\/projetocineb.com.br\/index.php?rest_route=\/wp\/v2\/users\/2"}],"replies":[{"embeddable":true,"href":"https:\/\/projetocineb.com.br\/index.php?rest_route=%2Fwp%2Fv2%2Fcomments&post=2424"}],"version-history":[{"count":0,"href":"https:\/\/projetocineb.com.br\/index.php?rest_route=\/wp\/v2\/posts\/2424\/revisions"}],"wp:attachment":[{"href":"https:\/\/projetocineb.com.br\/index.php?rest_route=%2Fwp%2Fv2%2Fmedia&parent=2424"}],"wp:term":[{"taxonomy":"category","embeddable":true,"href":"https:\/\/projetocineb.com.br\/index.php?rest_route=%2Fwp%2Fv2%2Fcategories&post=2424"},{"taxonomy":"post_tag","embeddable":true,"href":"https:\/\/projetocineb.com.br\/index.php?rest_route=%2Fwp%2Fv2%2Ftags&post=2424"}],"curies":[{"name":"wp","href":"https:\/\/api.w.org\/{rel}","templated":true}]}}