{"id":2435,"date":"2011-08-14T18:32:12","date_gmt":"2011-08-14T21:32:12","guid":{"rendered":"http:\/\/projetocineb.com.br\/?p=2435"},"modified":"2011-08-14T18:32:12","modified_gmt":"2011-08-14T21:32:12","slug":"vem-ai-premio-cine-b-com-caco-ciocler","status":"publish","type":"post","link":"https:\/\/projetocineb.com.br\/?p=2435","title":{"rendered":"Vem a\u00ed Pr\u00eamio Cine B com Caco Ciocler"},"content":{"rendered":"<p><span style=\"color: #ff6600;\">Esta semana o Cine B promove o Segundo Pr\u00eamio Cine B do Cinema Brasileiro, o qual ser\u00e1 apresentado pelo ator Caco Ciocler!<\/span> O evento \u00e9 uma forma de celebrar a produ\u00e7\u00e3o alternativa do cinema brasileiro, <span style=\"color: #ff6600;\">premiando os realizadores dos filmes exibidos no Cine B em 2009, al\u00e9m das comunidades que receberam o projeto.<\/span><\/p>\n<p><span style=\"color: #ff6600;\"> <\/span><\/p>\n<figure id=\"attachment_2436\" aria-describedby=\"caption-attachment-2436\" style=\"width: 329px\" class=\"wp-caption aligncenter\"><a href=\"http:\/\/projetocineb.com.br\/wp-content\/uploads\/2011\/08\/Caco_Ciocle-Jefferson-Rodrigues.jpg\"><img fetchpriority=\"high\" decoding=\"async\" class=\"size-full wp-image-2436  \" title=\"O ator Caco Ciocler. Foto de Jefferson Rodrigues\" src=\"http:\/\/projetocineb.com.br\/wp-content\/uploads\/2011\/08\/Caco_Ciocle-Jefferson-Rodrigues.jpg\" alt=\"O ator Caco Ciocler. Foto de Jefferson Rodrigues\" width=\"329\" height=\"491\" \/><\/a><figcaption id=\"caption-attachment-2436\" class=\"wp-caption-text\">O ator Caco Ciocler. Foto de Jefferson Rodrigues<\/figcaption><\/figure>\n<p>Realizado pelo Sindicato dos Banc\u00e1rios de SP, Osasco e Regi\u00e3o e Brazucah Produ\u00e7\u00f5es, <span style=\"color: #ff6600;\">o CINE B \u00e9 um projeto de democratiza\u00e7\u00e3o do acesso ao cinema brasileiro que completou em julho deste ano, 4 anos de sucesso<\/span>. Neste tempo, o projeto j\u00e1 exibiu mais de 50 t\u00edtulos de longa e curta metragens brasileiros para um <span style=\"color: #ff6600;\">p\u00fablico de mais de 22 mil pessoas em mais de 150 sess\u00f5es<\/span>, criando um circuito\u00a0alternativo de exibi\u00e7\u00e3o gratuita de filmes brasileiros, que despertam o interesse pela cinematografia nacional em pessoas que n\u00e3o t\u00eam acesso ao circuito comercial convencional.<\/p>\n<p>Este ano, os <span style=\"color: #ff6600;\">longas selecionados ao pr\u00eamio<\/span> s\u00e3o:\u00a0<em>A Orquestra dos \u00a0meninos<\/em> (Paulo Thiago), <em>Por tr\u00e1z do Pano<\/em> (Luiz Villa\u00e7a), <em>Noel o poeta da Vila<\/em> (Ricardo van Steen), \u00a0<em>A M\u00e1quina<\/em> (Jo\u00e3o Falc\u00e3o), <em>Meu tio matou um cara<\/em> (Jorge Furtado), <em>Espelho d&#8217;agua<\/em> (Marcus Vin\u00edcius Cezar), \u00a0<em>Signo da cidade<\/em> (Carlos Alberto Ricelli) e <em>Dom\u00e9stica<\/em> (Fernando Meirelles e Nando Olival).<\/p>\n<figure id=\"attachment_2438\" aria-describedby=\"caption-attachment-2438\" style=\"width: 360px\" class=\"wp-caption aligncenter\"><a href=\"http:\/\/projetocineb.com.br\/wp-content\/uploads\/2011\/08\/orquestra-dos-meninos01.jpg\"><img decoding=\"async\" class=\"size-full wp-image-2438 \" title=\"Cena do filme A orquestra dos meninos\" src=\"http:\/\/projetocineb.com.br\/wp-content\/uploads\/2011\/08\/orquestra-dos-meninos01.jpg\" alt=\"Cena do filme A orquestra dos meninos\" width=\"360\" height=\"270\" \/><\/a><figcaption id=\"caption-attachment-2438\" class=\"wp-caption-text\">Cena do filme A orquestra dos meninos<\/figcaption><\/figure>\n<p>Os <span style=\"color: #ff6600;\">curtas homenageados <span style=\"color: #000000;\">s\u00e3o<\/span><span style=\"color: #000000;\">:<\/span><\/span><span style=\"color: #000000;\"> <\/span><em>Vida Maria<\/em> (M\u00e1rcio Ramos),\u00a0<em>Alma carioca<\/em> (Willian C\u00f4go), <em>Historietas Assombradas para crian\u00e7as mal criadas<\/em> (Victor Hugo Borges), <em>O Nordestino e o Toque de sua lamparina<\/em> (\u00cdtalo Maia), <em>Mitos do Mundo<\/em> (Andr\u00e9s Lieban), <em>Disfarce Explosivo<\/em> (M\u00e1rio Galindo) e\u00a0<em>Isabel e o Cachorro Flautista <\/em>(Christian Saghaard).<\/p>\n<figure id=\"attachment_2437\" aria-describedby=\"caption-attachment-2437\" style=\"width: 354px\" class=\"wp-caption aligncenter\"><a href=\"http:\/\/projetocineb.com.br\/wp-content\/uploads\/2011\/08\/Historietas.jpg\"><img decoding=\"async\" class=\"size-full wp-image-2437    \" title=\"Cena do curta Historietas mal assombradas\" src=\"http:\/\/projetocineb.com.br\/wp-content\/uploads\/2011\/08\/Historietas.jpg\" alt=\"Cena do curta Historietas mal assombradas\" width=\"354\" height=\"269\" \/><\/a><figcaption id=\"caption-attachment-2437\" class=\"wp-caption-text\">Cena do curta Historietas mal assombradas<\/figcaption><\/figure>\n<p>Essa festa tamb\u00e9m marcar\u00e1 o <span style=\"color: #ff6600;\">lan\u00e7amento do <strong>SELO CINE B DO CINEMA BRASILEIRO<\/strong>. O primeiro DVD da Cole\u00e7\u00e3o Cine B vir\u00e1 com 5 curtas exibidos no projeto.\u00a0Com tiragem de mil exemplares, o DVD ser\u00e1 vendido por R$5,00 (pre\u00e7o popular)<\/span>. Este valor ser\u00e1 distribu\u00eddo entre os filmes presentes no DVDs: 20% para cada produtor\/ diretor do curta metragem, j\u00e1 que as c\u00f3pias ser\u00e3o subsidiadas pelo pr\u00f3prio Sindicato dos Banc\u00e1rios.<\/p>\n","protected":false},"excerpt":{"rendered":"<p>Esta semana o Cine B promove o Segundo Pr\u00eamio Cine B do Cinema Brasileiro, o qual ser\u00e1 apresentado pelo ator[&#8230;]<\/p>\n","protected":false},"author":2,"featured_media":0,"comment_status":"open","ping_status":"open","sticky":false,"template":"","format":"standard","meta":[],"categories":[7],"tags":[31,34,58,154,163,242,354,408,487,608,815,851,977,1095,1104,1122,1132],"_links":{"self":[{"href":"https:\/\/projetocineb.com.br\/index.php?rest_route=\/wp\/v2\/posts\/2435"}],"collection":[{"href":"https:\/\/projetocineb.com.br\/index.php?rest_route=\/wp\/v2\/posts"}],"about":[{"href":"https:\/\/projetocineb.com.br\/index.php?rest_route=\/wp\/v2\/types\/post"}],"author":[{"embeddable":true,"href":"https:\/\/projetocineb.com.br\/index.php?rest_route=\/wp\/v2\/users\/2"}],"replies":[{"embeddable":true,"href":"https:\/\/projetocineb.com.br\/index.php?rest_route=%2Fwp%2Fv2%2Fcomments&post=2435"}],"version-history":[{"count":0,"href":"https:\/\/projetocineb.com.br\/index.php?rest_route=\/wp\/v2\/posts\/2435\/revisions"}],"wp:attachment":[{"href":"https:\/\/projetocineb.com.br\/index.php?rest_route=%2Fwp%2Fv2%2Fmedia&parent=2435"}],"wp:term":[{"taxonomy":"category","embeddable":true,"href":"https:\/\/projetocineb.com.br\/index.php?rest_route=%2Fwp%2Fv2%2Fcategories&post=2435"},{"taxonomy":"post_tag","embeddable":true,"href":"https:\/\/projetocineb.com.br\/index.php?rest_route=%2Fwp%2Fv2%2Ftags&post=2435"}],"curies":[{"name":"wp","href":"https:\/\/api.w.org\/{rel}","templated":true}]}}