{"id":2443,"date":"2011-08-18T18:58:56","date_gmt":"2011-08-18T21:58:56","guid":{"rendered":"http:\/\/projetocineb.com.br\/?p=2443"},"modified":"2011-08-18T18:58:56","modified_gmt":"2011-08-18T21:58:56","slug":"vida-longa-ao-cine-b","status":"publish","type":"post","link":"https:\/\/projetocineb.com.br\/?p=2443","title":{"rendered":"Vida longa ao Cine B!"},"content":{"rendered":"<p>Joguem confete pro ar, vibrem a\u00ed, gritem e <span style=\"color: #ff6600;\">comemorem com a gente, porque o Segundo Pr\u00eamio Cine B do Cinema Brasileiro foi um sucesso!<\/span><\/p>\n<figure id=\"attachment_2445\" aria-describedby=\"caption-attachment-2445\" style=\"width: 384px\" class=\"wp-caption aligncenter\"><a href=\"http:\/\/projetocineb.com.br\/wp-content\/uploads\/2011\/08\/DSC02138_01web1.jpg\"><img fetchpriority=\"high\" decoding=\"async\" class=\"size-full wp-image-2445  \" title=\"Um bolo em homenagem aos 4 Cine B\" src=\"http:\/\/projetocineb.com.br\/wp-content\/uploads\/2011\/08\/DSC02138_01web1.jpg\" alt=\"Um bolo em homenagem aos 4 Cine B\" width=\"384\" height=\"288\" \/><\/a><figcaption id=\"caption-attachment-2445\" class=\"wp-caption-text\">Um bolo em homenagem aos 4 anos do Cine B<\/figcaption><\/figure>\n<p><span style=\"color: #ff6600;\">O ator Caco Ciocler fez o p\u00fablico rir de monte enquanto apresentou o Pr\u00eami<span style=\"color: #ff6600;\">o<\/span><\/span><span style=\"color: #ff6600;\">! O simp\u00e1tico ator, em conjunto com diversas autoridades do Sindicato dos Banc\u00e1rios de S\u00e3o Paulo, Osasco e Regi\u00e3o e a dire\u00e7\u00e3o da Brazucah Produ\u00e7\u00f5es, homenagearam os diretores e atores de curtas e longas-metragens exibidos pelo Cine B em 2009. As comunidades que receberam o projeto neste mesmo ano tamb\u00e9m foram agraciadas com o \u00a0trof\u00e9u.<\/span><\/p>\n<figure id=\"attachment_2448\" aria-describedby=\"caption-attachment-2448\" style=\"width: 384px\" class=\"wp-caption aligncenter\"><a href=\"http:\/\/projetocineb.com.br\/wp-content\/uploads\/2011\/08\/DSC02017_01web1.jpg\"><img decoding=\"async\" class=\"size-full wp-image-2448  \" title=\"O ator Caco Ciocler, barbudo por causa de seu personagem na pe\u00e7a &quot;45 minutos&quot;\" src=\"http:\/\/projetocineb.com.br\/wp-content\/uploads\/2011\/08\/DSC02017_01web1.jpg\" alt=\"O ator Caco Ciocler, barbudo por causa de seu personagem na pe\u00e7a &quot;45 minutos&quot;\" width=\"384\" height=\"270\" \/><\/a><figcaption id=\"caption-attachment-2448\" class=\"wp-caption-text\">O ator Caco Ciocler, barbudo por causa de seu personagem na pe\u00e7a &quot;45 minutos&quot;<\/figcaption><\/figure>\n<p>Esta \u00e9 a forma de toda equipe do Cine B agradecer a participa\u00e7\u00e3o desses l\u00edderes comunit\u00e1rios e institui\u00e7\u00f5es que d\u00e3o cada vez mais for\u00e7a a este projeto que leva a cultura brasileira e o cinema nacional a todos os cantos poss\u00edveis.<span style=\"color: #ff6600;\"> \u201cTemos muito o que comemorar desses 4 anos, pois conseguimos alcan\u00e7ar um p\u00fablico de mais de 22 mil pessoas em mais de 150 exibi\u00e7\u00f5es\u201d, diz Cid\u00e1lio Vieira Santos, coordenador do Cine B e diretor da Brazucah Produ\u00e7\u00f5es.<\/span><\/p>\n<p><span style=\"color: #ff6600;\">\u201cPara o Sindicato dos Banc\u00e1rios esta \u00e9 uma iniciativa muito importante, porque fortalece a cultura brasileira e ajuda a fortalecer o nosso cinema\u201d, explica a presidenta do Sindicato, Juvandia Moreira, que tamb\u00e9m aproveitou a ocasi\u00e3o para fazer um agradecimento especial. <strong>\u201cAos jornais de bairro que sempre divulgam nossas exibi\u00e7\u00f5es, agradecemos pois \u00e9 muito importante o apoio de voc\u00eas\u201d.<\/strong><\/span><\/p>\n<figure id=\"attachment_2450\" aria-describedby=\"caption-attachment-2450\" style=\"width: 384px\" class=\"wp-caption aligncenter\"><a href=\"http:\/\/projetocineb.com.br\/wp-content\/uploads\/2011\/08\/DSC02036_01web1.jpg\"><img decoding=\"async\" class=\"size-full wp-image-2450  \" title=\"A presidenta do Sindicato dos Banc\u00e1rios, Juvandia Moreira\" src=\"http:\/\/projetocineb.com.br\/wp-content\/uploads\/2011\/08\/DSC02036_01web1.jpg\" alt=\"A presidenta do Sindicato dos Banc\u00e1rios, Juvandia Moreira\" width=\"384\" height=\"288\" \/><\/a><figcaption id=\"caption-attachment-2450\" class=\"wp-caption-text\">A presidenta do Sindicato dos Banc\u00e1rios, Juvandia Moreira<\/figcaption><\/figure>\n<p>\u201cAlgumas pessoas me falam, legal seu filme do papai Noel. Outros me elogiam pelo filme do Cartola&#8230; Por isso o Cine B \u00e9 t\u00e3o importante, para levar a cultura e o cinema brasileiro a quem n\u00e3o tem acesso\u201d, conta o ator Rafael Raposo, que fez o personagem Noel no filme <em>Noel &#8211; poeta da vila<\/em>, exibido pelo Cine B.<\/p>\n<p><span style=\"color: #ff6600;\">\u201cA gente faz filmes para as pessoas assistirem, mas no Brasil a distribui\u00e7\u00e3o de filmes \u00e9 o processo mais dif\u00edcil. O Cine B \u00e9 um projeto muito legal porque faz nossos filmes chegarem nas pessoas\u201d, diz o diretor H\u00e9lio Villela, do curta-metragem <em>A mula teimosa e o controle remoto<\/em>.<\/span><\/p>\n<figure id=\"attachment_2444\" aria-describedby=\"caption-attachment-2444\" style=\"width: 384px\" class=\"wp-caption aligncenter\"><a href=\"http:\/\/projetocineb.com.br\/wp-content\/uploads\/2011\/08\/DSC02133_01web1.jpg\"><img loading=\"lazy\" decoding=\"async\" class=\"size-full wp-image-2444  \" title=\"Os diretores dos curtas-metragens exibidos pelo Cine B recebem pr\u00eamio em homenagem\" src=\"http:\/\/projetocineb.com.br\/wp-content\/uploads\/2011\/08\/DSC02133_01web1.jpg\" alt=\"Os diretores dos curtas-metragens exibidos pelo Cine B recebem pr\u00eamio em homenagem\" width=\"384\" height=\"288\" \/><\/a><figcaption id=\"caption-attachment-2444\" class=\"wp-caption-text\">Os diretores dos curtas-metragens exibidos pelo Cine B recebem pr\u00eamio em homenagem<\/figcaption><\/figure>\n<h2><span style=\"color: #008000;\">SELO CINE B<\/span><\/h2>\n<p>E como a equipe do Cine B n\u00e3o se contente s\u00f3 em fazer este cinema itinerante percorrer a Grande S\u00e3o Paulo com bons filmes nacionais, neste Segundo Pr\u00eamio tamb\u00e9m <span style=\"color: #ff6600;\"><strong>foi lan\u00e7ado o Selo Cine B do Cinema Brasileiro. O primeiro DVD do Selo conta com cinco curtas-metragens que j\u00e1 foram exibidos pelo projeto.<\/strong><\/span><\/p>\n<figure id=\"attachment_2462\" aria-describedby=\"caption-attachment-2462\" style=\"width: 384px\" class=\"wp-caption aligncenter\"><a href=\"http:\/\/projetocineb.com.br\/wp-content\/uploads\/2011\/08\/DSC02126_01web1.jpg\"><img loading=\"lazy\" decoding=\"async\" class=\"size-full wp-image-2462  \" title=\"Cynthia Alario e Cid\u00e1lio Vieira Santos oficializam o lan\u00e7amento do primeiro DVD do Selo Cine B do Cinema Brasileiro\" src=\"http:\/\/projetocineb.com.br\/wp-content\/uploads\/2011\/08\/DSC02126_01web1.jpg\" alt=\"Cynthia Alario e Cid\u00e1lio Vieira Santos oficializam o lan\u00e7amento do primeiro DVD do Selo Cine B do Cinema Brasileiro\" width=\"384\" height=\"288\" \/><\/a><figcaption id=\"caption-attachment-2462\" class=\"wp-caption-text\">Cynthia Alario e Cid\u00e1lio Vieira Santos oficializam o lan\u00e7amento do primeiro DVD do Selo Cine B do Cinema Brasileiro<\/figcaption><\/figure>\n<p><span style=\"color: #ff6600;\">\u201cEsta \u00e9 uma iniciativa que pretende aproximar o p\u00fablico das produ\u00e7\u00f5es em curtas-metragens, e este DVD \u00e9 mais barato que um pirata, pois custa s\u00f3 5 reais. A verba ser\u00e1 revertida para os produtores dos curtas-metragens e para custos de produ\u00e7\u00e3o do disco\u201d, explica Cynthia Alario, diretora da Brazucah Produ\u00e7\u00f5es.<\/span><\/p>\n<p>\u201cO cinema na verdade come\u00e7ou com a produ\u00e7\u00e3o de curtas-metragens. Depois, para que fosse uma divers\u00e3o como uma pe\u00e7a de teatro, come\u00e7ou a se produzir longas-metragens. Ent\u00e3o nada mais interessante, ainda mais hoje em dia com essa linguagem da internet, a gente voltar a dar aten\u00e7\u00e3o a esses formatos de filmes\u201d, comentou o cineasta Cristian Saghaard. Seu curta infantil Isabela e o cachorro flautista foi exibido em diversas sess\u00f5es pelo Cine B.<\/p>\n<blockquote><p><span style=\"color: #ff6600;\">Vida longa ao Cine B!<\/span><\/p><\/blockquote>\n<p><strong>Venha nos curtir no Facebook: <a href=\"http:\/\/www.facebook.com\/cinemabrasileiro\">http:\/\/www.facebook.com\/cinemabrasileiro<\/a><\/strong><\/p>\n<h2><span style=\"color: #008000;\">CLICKS<\/span><\/h2>\n<figure id=\"attachment_2446\" aria-describedby=\"caption-attachment-2446\" style=\"width: 384px\" class=\"wp-caption aligncenter\"><a href=\"http:\/\/projetocineb.com.br\/wp-content\/uploads\/2011\/08\/DSC02142_01web1.jpg\"><img loading=\"lazy\" decoding=\"async\" class=\"size-full wp-image-2446  \" title=\"Parab\u00e9ns para o Cine B!\" src=\"http:\/\/projetocineb.com.br\/wp-content\/uploads\/2011\/08\/DSC02142_01web1.jpg\" alt=\"Parab\u00e9ns para o Cine B!\" width=\"384\" height=\"288\" \/><\/a><figcaption id=\"caption-attachment-2446\" class=\"wp-caption-text\">Parab\u00e9ns para o Cine B!<\/figcaption><\/figure>\n<figure id=\"attachment_2449\" aria-describedby=\"caption-attachment-2449\" style=\"width: 384px\" class=\"wp-caption aligncenter\"><a href=\"http:\/\/projetocineb.com.br\/wp-content\/uploads\/2011\/08\/DSC02033_01web1.jpg\"><img loading=\"lazy\" decoding=\"async\" class=\"size-full wp-image-2449  \" title=\"O ator Caco Ciocler apresenta os homenageados\" src=\"http:\/\/projetocineb.com.br\/wp-content\/uploads\/2011\/08\/DSC02033_01web1.jpg\" alt=\"O ator Caco Ciocler apresenta os homenageados\" width=\"384\" height=\"366\" \/><\/a><figcaption id=\"caption-attachment-2449\" class=\"wp-caption-text\">O ator Caco Ciocler apresenta os homenageados<\/figcaption><\/figure>\n<figure id=\"attachment_2454\" aria-describedby=\"caption-attachment-2454\" style=\"width: 384px\" class=\"wp-caption aligncenter\"><a href=\"http:\/\/projetocineb.com.br\/wp-content\/uploads\/2011\/08\/DSC02086_01web1.jpg\"><img loading=\"lazy\" decoding=\"async\" class=\"size-full wp-image-2454  \" title=\"Kim Riccelli, filho de Bruna Lombardi e Carlos Alberto Riccelli recebe pr\u00eamio em homenagem aos pais, pelo filme &quot;Signo da Cidade&quot;. O casal est\u00e1 divulgando seu novo filme &quot;Onde est\u00e1 a felicidade&quot;, vencedor no Festival de Paul\u00ednia 2011, na escolha do p\u00fablico\" src=\"http:\/\/projetocineb.com.br\/wp-content\/uploads\/2011\/08\/DSC02086_01web1.jpg\" alt=\"Kim Riccelli, filho de Bruna Lombardi e Carlos Alberto Riccelli recebe pr\u00eamio em homenagem aos pais, pelo filme &quot;Signo da Cidade&quot;. O casal est\u00e1 divulgando seu novo filme &quot;Onde est\u00e1 a felicidade&quot;, vencedor no Festival de Paul\u00ednia 2011, na escolha do p\u00fablico\" width=\"384\" height=\"288\" \/><\/a><figcaption id=\"caption-attachment-2454\" class=\"wp-caption-text\">Kim Riccelli, filho de Bruna Lombardi e Carlos Alberto Riccelli recebe pr\u00eamio em homenagem aos pais, pelo filme &quot;Signo da Cidade&quot;. O casal est\u00e1 divulgando seu novo filme &quot;Onde est\u00e1 a felicidade&quot;, vencedor no Festival de Paul\u00ednia 2011, na escolha do p\u00fablico<\/figcaption><\/figure>\n<figure id=\"attachment_2453\" aria-describedby=\"caption-attachment-2453\" style=\"width: 374px\" class=\"wp-caption aligncenter\"><a href=\"http:\/\/projetocineb.com.br\/wp-content\/uploads\/2011\/08\/DSC02081_01web1.jpg\"><img loading=\"lazy\" decoding=\"async\" class=\"size-full wp-image-2453  \" title=\"\u201cAlgumas pessoas me falam, legal seu filme do papai Noel. Outros me elogiam pelo filme do Cartola... Por isso o Cine B \u00e9 t\u00e3o importante, para levar a cultura e o cinema brasileiro a quem n\u00e3o tem acesso\u201d, conta o ator Rafael Raposo, que fez o personagem Noel no filme &quot;Noel - poeta da vila&quot;, exibido pelo Cine B\" src=\"http:\/\/projetocineb.com.br\/wp-content\/uploads\/2011\/08\/DSC02081_01web1.jpg\" alt=\"\u201cAlgumas pessoas me falam, legal seu filme do papai Noel. Outros me elogiam pelo filme do Cartola... Por isso o Cine B \u00e9 t\u00e3o importante, para levar a cultura e o cinema brasileiro a quem n\u00e3o tem acesso\u201d, conta o ator Rafael Raposo, que fez o personagem Noel no filme &quot;Noel - poeta da vila&quot;, exibido pelo Cine B\" width=\"374\" height=\"384\" \/><\/a><figcaption id=\"caption-attachment-2453\" class=\"wp-caption-text\">\u201cAlgumas pessoas me falam, legal seu filme do papai Noel. Outros me elogiam pelo filme do Cartola... Por isso o Cine B \u00e9 t\u00e3o importante, para levar a cultura e o cinema brasileiro a quem n\u00e3o tem acesso\u201d, conta o ator Rafael Raposo, que fez o personagem Noel no filme &quot;Noel - poeta da vila&quot;, exibido pelo Cine B<\/figcaption><\/figure>\n<figure id=\"attachment_2451\" aria-describedby=\"caption-attachment-2451\" style=\"width: 384px\" class=\"wp-caption aligncenter\"><a href=\"http:\/\/projetocineb.com.br\/wp-content\/uploads\/2011\/08\/DSC02076_01web1.jpg\"><img loading=\"lazy\" decoding=\"async\" class=\"size-full wp-image-2451  \" title=\"O cineasta Christian Saghaard (curta-metragem &quot;Isabel e o cachorro flautista&quot;) recebe pr\u00eamio das m\u00e3os de Ana Persia Santos, secret\u00e1ria de cultura do Sindicato dos Banc\u00e1rios\" src=\"http:\/\/projetocineb.com.br\/wp-content\/uploads\/2011\/08\/DSC02076_01web1.jpg\" alt=\"O cineasta Christian Saghaard (curta-metragem &quot;Isabel e o cachorro flautista&quot;) recebe pr\u00eamio das m\u00e3os de Ana Persia Santos, secret\u00e1ria de cultura do Sindicato dos Banc\u00e1rios\" width=\"384\" height=\"339\" \/><\/a><figcaption id=\"caption-attachment-2451\" class=\"wp-caption-text\">O cineasta Christian Saghaard (curta-metragem &quot;Isabel e o cachorro flautista&quot;) recebe pr\u00eamio das m\u00e3os de Ana Persia Santos, secret\u00e1ria de cultura do Sindicato dos Banc\u00e1rios<\/figcaption><\/figure>\n<figure id=\"attachment_2452\" aria-describedby=\"caption-attachment-2452\" style=\"width: 384px\" class=\"wp-caption aligncenter\"><a href=\"http:\/\/projetocineb.com.br\/wp-content\/uploads\/2011\/08\/DSC02077_01web1.jpg\"><img loading=\"lazy\" decoding=\"async\" class=\"size-full wp-image-2452  \" title=\"O cineasta Andr\u00e9 Rolim (curta-metragem &quot;O troco&quot;) recebe o pr\u00eamio da secret\u00e1ria geral do Sindicato, Raquel Kacelnikas\" src=\"http:\/\/projetocineb.com.br\/wp-content\/uploads\/2011\/08\/DSC02077_01web1.jpg\" alt=\"O cineasta Andr\u00e9 Rolim (curta-metragem &quot;O troco&quot;) recebe o pr\u00eamio da secret\u00e1ria geral do Sindicato, Raquel Kacelnikas\" width=\"384\" height=\"326\" \/><\/a><figcaption id=\"caption-attachment-2452\" class=\"wp-caption-text\">O cineasta Andr\u00e9 Rolim (curta-metragem &quot;O troco&quot;) recebe o pr\u00eamio da secret\u00e1ria geral do Sindicato, Raquel Kacelnikas<\/figcaption><\/figure>\n<figure id=\"attachment_2456\" aria-describedby=\"caption-attachment-2456\" style=\"width: 384px\" class=\"wp-caption aligncenter\"><a href=\"http:\/\/projetocineb.com.br\/wp-content\/uploads\/2011\/08\/DSC02097_01web1.jpg\"><img loading=\"lazy\" decoding=\"async\" class=\"size-full wp-image-2456  \" title=\"Representantes das comunidades da zona norte recebem homenagem (Bairro: Perus - Recanto dos Humildes \/ Entidade: Associa\u00e7\u00e3o por Multir\u00e3o Nova Esperan\u00e7a representado pelo Galdino Cardoso dos Santos Bairro: Santana \/ Entidade: Associa\u00e7\u00e3o dos Sem Terra da Zona Norte - Maria Izilda - Presidente Bairro: Jaragu\u00e1 \/ Entidade: Conjunto Residencial Colinas da Oeste - Elzo Gama Bairro: Jardim Brasil \/ Entidade: Comunidade S\u00e3o Judas Tadeu - Par\u00f3quia Nossa Senhora da Livra\u00e7\u00e3o - Leni Costa) (\" src=\"http:\/\/projetocineb.com.br\/wp-content\/uploads\/2011\/08\/DSC02097_01web1.jpg\" alt=\"Representantes das comunidades da zona norte recebem homenagem (Bairro: Perus - Recanto dos Humildes \/ Entidade: Associa\u00e7\u00e3o por Multir\u00e3o Nova Esperan\u00e7a representado pelo Galdino Cardoso dos Santos Bairro: Santana \/ Entidade: Associa\u00e7\u00e3o dos Sem Terra da Zona Norte - Maria Izilda - Presidente Bairro: Jaragu\u00e1 \/ Entidade: Conjunto Residencial Colinas da Oeste - Elzo Gama Bairro: Jardim Brasil \/ Entidade: Comunidade S\u00e3o Judas Tadeu - Par\u00f3quia Nossa Senhora da Livra\u00e7\u00e3o - Leni Costa)\" width=\"384\" height=\"263\" \/><\/a><figcaption id=\"caption-attachment-2456\" class=\"wp-caption-text\">Representantes das comunidades da zona norte recebem homenagem (Bairro: Perus - Recanto dos Humildes \/ Entidade: Associa\u00e7\u00e3o por Multir\u00e3o Nova Esperan\u00e7a representado pelo Galdino Cardoso dos Santos; Bairro: Santana \/ Entidade: Associa\u00e7\u00e3o dos Sem Terra da Zona Norte - Maria Izilda - Presidente; Bairro: Jaragu\u00e1 \/ Entidade: Conjunto Residencial Colinas da Oeste - Elzo Gama; Bairro: Jardim Brasil \/ Entidade: Comunidade S\u00e3o Judas Tadeu - Par\u00f3quia Nossa Senhora da Livra\u00e7\u00e3o - Leni Costa)<\/figcaption><\/figure>\n<figure id=\"attachment_2457\" aria-describedby=\"caption-attachment-2457\" style=\"width: 384px\" class=\"wp-caption aligncenter\"><a href=\"http:\/\/projetocineb.com.br\/wp-content\/uploads\/2011\/08\/DSC02100_01web1.jpg\"><img loading=\"lazy\" decoding=\"async\" class=\"size-full wp-image-2457  \" title=\"Representantes das comunidades da zona sul recebem homenagem (Bairro: Santo Amaro \/ Entidade: Altap - Associa\u00e7\u00e3o dos Lojistas e Trabalhadores da Adolfo Pinheiro M\u00e1rciaGarcia - Diretora e Conselheira do Conseg de Santo Amaro Bairro: Vargem Grande \/ Entidade: Escola Municipal Educa\u00e7\u00e3o Infantil ( emef) Representada pela frantesca Bairro: Interlagos \/ Entidade: Condom\u00ednio Parque dos P\u00e1ssaros - Paulo Roberto de Castro - S\u00edndico Bairro: Jardim S\u00e3o Luiz \/ Entidade: Associa\u00e7\u00e3o Vis\u00e3o e A\u00e7\u00e3o - Jos\u00e9 Ademar de Oliveira - Presidente Bairro: Jardim S\u00e3o Luiz \/ Entidade: Escola Municipal Airton Arantes Ribeiro, representou a Margarida Pereira Claro, Diretora da escola Bairro: Jardim Gra\u00fana - Representado pelo Jos\u00e9 \/ Entidade: Associa\u00e7\u00e3o de Bairro do Jardim Gra\u00fana Bairro: Vila Santa Catarina \/ Entidade: Par\u00f3quia Santa Catarina - Terezinha Barros de Almeida Bairro: Graja\u00fa \/ Entidade: Associa\u00e7\u00e3o Cantinho do CEU, representada pela Suelene Barradas)\" src=\"http:\/\/projetocineb.com.br\/wp-content\/uploads\/2011\/08\/DSC02100_01web1.jpg\" alt=\"Representantes das comunidades da zona sul recebem homenagem (Bairro: Santo Amaro \/ Entidade: Altap - Associa\u00e7\u00e3o dos Lojistas e Trabalhadores da Adolfo Pinheiro M\u00e1rciaGarcia - Diretora e Conselheira do Conseg de Santo Amaro Bairro: Vargem Grande \/ Entidade: Escola Municipal Educa\u00e7\u00e3o Infantil ( emef) Representada pela frantesca Bairro: Interlagos \/ Entidade: Condom\u00ednio Parque dos P\u00e1ssaros - Paulo Roberto de Castro - S\u00edndico Bairro: Jardim S\u00e3o Luiz \/ Entidade: Associa\u00e7\u00e3o Vis\u00e3o e A\u00e7\u00e3o - Jos\u00e9 Ademar de Oliveira - Presidente Bairro: Jardim S\u00e3o Luiz \/ Entidade: Escola Municipal Airton Arantes Ribeiro, representou a Margarida Pereira Claro, Diretora da escola Bairro: Jardim Gra\u00fana - Representado pelo Jos\u00e9 \/ Entidade: Associa\u00e7\u00e3o de Bairro do Jardim Gra\u00fana Bairro: Vila Santa Catarina \/ Entidade: Par\u00f3quia Santa Catarina - Terezinha Barros de Almeida Bairro: Graja\u00fa \/ Entidade: Associa\u00e7\u00e3o Cantinho do CEU, representada pela Suelene Barradas)\" width=\"384\" height=\"288\" \/><\/a><figcaption id=\"caption-attachment-2457\" class=\"wp-caption-text\">Representantes das comunidades da zona sul recebem homenagem (Bairro: Santo Amaro \/ Entidade: Altap - Associa\u00e7\u00e3o dos Lojistas e Trabalhadores da Adolfo Pinheiro M\u00e1rciaGarcia - Diretora e Conselheira do Conseg de Santo; Amaro Bairro: Vargem Grande \/ Entidade: Escola Municipal Educa\u00e7\u00e3o Infantil (emef) Representada pela Francesca Andrade Gomes; Bairro: Interlagos \/ Entidade: Condom\u00ednio Parque dos P\u00e1ssaros - Paulo Roberto de Castro - S\u00edndico; Bairro: Jardim S\u00e3o Luiz \/ Entidade: Associa\u00e7\u00e3o Vis\u00e3o e A\u00e7\u00e3o - Jos\u00e9 Ademar de Oliveira - Presidente; Bairro: Jardim S\u00e3o Luiz \/ Entidade: Escola Municipal Airton Arantes Ribeiro, representou a Margarida Pereira Claro, Diretora da escola; Bairro: Jardim Gra\u00fana - Representado por Jos\u00e9 da Silva \/ Entidade: Associa\u00e7\u00e3o de Bairro do Jardim Gra\u00fana; Bairro: Vila Santa Catarina \/ Entidade: Par\u00f3quia Santa Catarina - Terezinha Barros de Almeida; Bairro: Graja\u00fa \/ Entidade: Associa\u00e7\u00e3o Cantinho do CEU, representada pela Suelene Barradas)<\/figcaption><\/figure>\n<figure id=\"attachment_2458\" aria-describedby=\"caption-attachment-2458\" style=\"width: 384px\" class=\"wp-caption aligncenter\"><a href=\"http:\/\/projetocineb.com.br\/wp-content\/uploads\/2011\/08\/DSC02105_01web1.jpg\"><img loading=\"lazy\" decoding=\"async\" class=\"size-full wp-image-2458  \" title=\"Representantes das comunidades da zona leste recebem homenagem\" src=\"http:\/\/projetocineb.com.br\/wp-content\/uploads\/2011\/08\/DSC02105_01web1.jpg\" alt=\"Representantes das comunidades da zona leste recebem homenagem\" width=\"384\" height=\"271\" \/><\/a><figcaption id=\"caption-attachment-2458\" class=\"wp-caption-text\">Representantes das comunidades da zona leste recebem homenagem (Bairro: Vila Prudente \/ Entidade : Sociedade Amigos do Jardim Independ\u00eancia - Solange Eurides Ferreira - Presidenta;Bairro: Cohab Prestes Maia \/ Entidade: Par\u00f3quia Sagrado Cora\u00e7\u00e3o de Jesus - Angela Maria Mendes;Bairro: Cidade Tiradentes \/ Entidade: Escola Municipal : Osvaldo Aranha - Silvio Cesar da Silva - Diretor da Escola;Bairro: Vila Rica \/ Entidade: Associa\u00e7\u00e3o de Moradores da Vila Rica - Maria Augusta Medeiros;Bairro: Cohab 1 - Arthur Alvim \/ Entidade : Associa\u00e7\u00e3o Escola Estufo de Futebol - Edivanir de Moura Mesquita (Duda);Bairro: S\u00e3o Mateus \/ Entidade: Par\u00f3quia Santo Andr\u00e9 Ap\u00f3stulo - Padre Cl\u00e1udio de Oliveira<\/figcaption><\/figure>\n<figure id=\"attachment_2459\" aria-describedby=\"caption-attachment-2459\" style=\"width: 384px\" class=\"wp-caption aligncenter\"><a href=\"http:\/\/projetocineb.com.br\/wp-content\/uploads\/2011\/08\/DSC02109_01web1.jpg\"><img loading=\"lazy\" decoding=\"async\" class=\"size-full wp-image-2459  \" title=\"Representantes das comunidades da zona oste recebem homenagem\" src=\"http:\/\/projetocineb.com.br\/wp-content\/uploads\/2011\/08\/DSC02109_01web1.jpg\" alt=\"Representantes das comunidades da zona oste recebem homenagem\" width=\"384\" height=\"288\" \/><\/a><figcaption id=\"caption-attachment-2459\" class=\"wp-caption-text\">Representantes das comunidades da zona oste recebem homenagem (Bairro: Jardim Jo\u00e3o XXIII \/ Entidade: CEU - Uirapuru - Luiz Antonio Farias (gestor CEU); Bairro: Vila Hamburguesa \/ Entidade: Igreja Nossa Senhora de Lourdes - Frei Ademildo Gomes, Elsa do Prado Garcia, Juventina Matos de Sousa Assis; Bairro: Vila Leopoldina \/ Entidade: Projeto Social Ilha de Vera Cruz - Jussara Ferreira Paim (coordenadora), Sheila Aguiar - Assistente; Bairro: Barra Funda \/ Entidade: Associa\u00e7\u00e3o dos Trabalhadores Sem Terra da zona oeste e noroeste - Vera Eunice Rodrigues da Silva (Verinha)<\/figcaption><\/figure>\n<figure id=\"attachment_2468\" aria-describedby=\"caption-attachment-2468\" style=\"width: 384px\" class=\"wp-caption aligncenter\"><a href=\"http:\/\/projetocineb.com.br\/wp-content\/uploads\/2011\/08\/PEP_5132-1web.jpg\"><img loading=\"lazy\" decoding=\"async\" class=\"size-full wp-image-2468  \" title=\"Miguel Cardoso Neto, representou o Padre Marcelo, da Par\u00f3quia S\u00e3o Jo\u00e3o Batista do Br\u00e1s\" src=\"http:\/\/projetocineb.com.br\/wp-content\/uploads\/2011\/08\/PEP_5132-1web.jpg\" alt=\"Miguel Cardoso Neto, representou o Padre Marcelo, da Par\u00f3quia S\u00e3o Jo\u00e3o Batista do Br\u00e1s\" width=\"384\" height=\"254\" \/><\/a><figcaption id=\"caption-attachment-2468\" class=\"wp-caption-text\">Cid\u00e1lio do Cine B, Maicon Aziz diretor sindical, Miguel Cardoso Neto, representando o Padre Marcelo, da Par\u00f3quia S\u00e3o Jo\u00e3o Batista do Br\u00e1s  a presidenta Juvandia Moreira. Foto de Paulo Pepe<\/figcaption><\/figure>\n<figure id=\"attachment_2461\" aria-describedby=\"caption-attachment-2461\" style=\"width: 384px\" class=\"wp-caption aligncenter\"><a href=\"http:\/\/projetocineb.com.br\/wp-content\/uploads\/2011\/08\/DSC02117_01web1.jpg\"><img loading=\"lazy\" decoding=\"async\" class=\"size-full wp-image-2461  \" title=\"Representantes das comunidades das cidades de Embu-Gua\u00e7u e Itapevi recebem homenagem (EMBU-GUA\u00c7U \/ Entidade: Secretaria Municipal da Cultura (Centro Cultural) - Padre Jean Carlos Medeiros de Oliveira , Rafael Mendes da Silva \u2013 Assessor, Adriana Vianna - Centro Cultural; Arnaldo Alves da Silva foi no evento representando o Centro Cultural 930, da Secretaria Municipal de Cultura)\" src=\"http:\/\/projetocineb.com.br\/wp-content\/uploads\/2011\/08\/DSC02117_01web1.jpg\" alt=\"Representantes das comunidades das cidades de Embu-Gua\u00e7u e Itapevi recebem homenagem (EMBU-GUA\u00c7U \/ Entidade: Secretaria Municipal da Cultura (Centro Cultural) - Padre Jean Carlos Medeiros de Oliveira , Rafael Mendes da Silva \u2013 Assessor, Adriana Vianna - Centro Cultural; Arnaldo Alves da Silva foi no evento representando o Centro Cultural 930, da Secretaria Municipal de Cultura)\" width=\"384\" height=\"280\" \/><\/a><figcaption id=\"caption-attachment-2461\" class=\"wp-caption-text\">A presidenta do Sindicato, Juvandia Moreira, coordenador do Cine B, Cid\u00e1lio Vieira, Padre Jean da cidade de Embu-Gua\u00e7u, Maria da Gl\u00f3ria Abdo, presidente da Associa\u00e7\u00e3o dos Banc\u00e1rios Aposentados do Estado de S\u00e3o Paulo (Abaesp) e Arnaldo Alves da Silva, representando o Centro Cultural 930, da Secretaria Municipal de Cultura de Itapevi<\/figcaption><\/figure>\n<p><span style=\"color: #008000;\"> <\/span><\/p>\n","protected":false},"excerpt":{"rendered":"<p>Joguem confete pro ar, vibrem a\u00ed, gritem e comemorem com a gente, porque o Segundo Pr\u00eamio Cine B do Cinema[&#8230;]<\/p>\n","protected":false},"author":2,"featured_media":0,"comment_status":"open","ping_status":"open","sticky":false,"template":"","format":"standard","meta":[],"categories":[2],"tags":[154,163,242,263,266,358,453,654,753,987,1095,1132],"_links":{"self":[{"href":"https:\/\/projetocineb.com.br\/index.php?rest_route=\/wp\/v2\/posts\/2443"}],"collection":[{"href":"https:\/\/projetocineb.com.br\/index.php?rest_route=\/wp\/v2\/posts"}],"about":[{"href":"https:\/\/projetocineb.com.br\/index.php?rest_route=\/wp\/v2\/types\/post"}],"author":[{"embeddable":true,"href":"https:\/\/projetocineb.com.br\/index.php?rest_route=\/wp\/v2\/users\/2"}],"replies":[{"embeddable":true,"href":"https:\/\/projetocineb.com.br\/index.php?rest_route=%2Fwp%2Fv2%2Fcomments&post=2443"}],"version-history":[{"count":0,"href":"https:\/\/projetocineb.com.br\/index.php?rest_route=\/wp\/v2\/posts\/2443\/revisions"}],"wp:attachment":[{"href":"https:\/\/projetocineb.com.br\/index.php?rest_route=%2Fwp%2Fv2%2Fmedia&parent=2443"}],"wp:term":[{"taxonomy":"category","embeddable":true,"href":"https:\/\/projetocineb.com.br\/index.php?rest_route=%2Fwp%2Fv2%2Fcategories&post=2443"},{"taxonomy":"post_tag","embeddable":true,"href":"https:\/\/projetocineb.com.br\/index.php?rest_route=%2Fwp%2Fv2%2Ftags&post=2443"}],"curies":[{"name":"wp","href":"https:\/\/api.w.org\/{rel}","templated":true}]}}