{"id":2481,"date":"2011-08-28T11:08:46","date_gmt":"2011-08-28T14:08:46","guid":{"rendered":"http:\/\/projetocineb.com.br\/?p=2481"},"modified":"2011-08-28T11:08:46","modified_gmt":"2011-08-28T14:08:46","slug":"momento-alternativo","status":"publish","type":"post","link":"https:\/\/projetocineb.com.br\/?p=2481","title":{"rendered":"NOT\u00cdCIAS CINEB"},"content":{"rendered":"<p>Esta semana encontrei v\u00e1rias informa\u00e7\u00f5es interessantes, ent\u00e3o repasso para voc\u00eas um pouquinho de tudo!<\/p>\n<h2><span style=\"color: #008000;\">FESTIVAL DE CURTAS EM SP<\/span><\/h2>\n<p><span style=\"color: #000000;\">Come\u00e7ou no dia 25 de agosto o <span style=\"color: #ff6600;\">22\u00ba\u00a0Festival Internacional de Curtas Metragens Kinoforum<\/span>. At\u00e9 o dia 2 de setembro voc\u00ea pode assistir v\u00e1rios curtas-metragens nacionais e internacionais. E o melhor de tudo: <span style=\"color: #ff6600;\">de gra\u00e7a!<\/span><\/span><\/p>\n<p>Temos o prazer de <span style=\"color: #ff6600;\">destacar o curta<em> Cad\u00e1ver Esquisito<\/em>, produzido por alunos do <a href=\"http:\/\/www.cinegalpao.org.br\/\" target=\"_blank\">Cine Galp\u00e3o<\/a>, sempre parceiro do CineB<\/span>. Inclusive, nossa vinheta de abertura nas exibi\u00e7\u00f5es foi feita por eles!<\/p>\n<p><span style=\"color: #000000;\">A novidade desta edi\u00e7\u00e3o do Festival \u00e9 a modalidade Fashion Curtas, uma sele\u00e7\u00e3o de filmes produzidos por estilistas ou encomendados a cineastas e videoartistas.<\/span><\/p>\n<p><span style=\"color: #000000;\">Vale a pena conferir o site do Festival, <a href=\"http:\/\/www.kinoforum.org.br\/curtas\/2011\/index.php?idioma=1\" target=\"_blank\">clicando aqui<\/a>!<\/span><\/p>\n<p><iframe src=\"http:\/\/player.vimeo.com\/video\/27457560?title=0&amp;byline=0&amp;portrait=0\" width=\"400\" height=\"225\" frameborder=\"0\"><\/iframe><\/p>\n<p><a href=\"http:\/\/vimeo.com\/27457560\">vinheta 22\u00ba Curta Kinoforum &#8211; Festival Internacional de Curtas-Metragens de SP<\/a> from <a href=\"http:\/\/vimeo.com\/user6623466\">Kinoforum<\/a> on <a href=\"http:\/\/vimeo.com\">Vimeo<\/a>.<\/p>\n<p><span style=\"color: #008000;\"><br \/>\n<\/span><\/p>\n<h2><span style=\"color: #008000;\">PLC-116<\/span><\/h2>\n<p><span style=\"color: #008000;\"> <\/span><span style=\"font-weight: normal;\">Uma <span style=\"color: #ff6600;\">boa not\u00edcia para os produtores independentes<\/span> de plant\u00e3o \u00e9 o Projeto de Lei da C\u00e2mara (PLC), que j\u00e1 foi aprovado na C\u00e2mara Federal, dia 16 de agosto de 2011 e agora s\u00f3 falta a assinatura da presidenta Dilma Roussef e regulamenta\u00e7\u00e3o da Ag\u00eancia Nacional de Cinema (Ancine) e Ag\u00eancia Nacional de Telecomunica\u00e7\u00f5es (Anatel). Entre outros pontos positivos, <span style=\"color: #ff6600;\">a PLC-116 define cotas de 3 horas na programa\u00e7\u00e3o di\u00e1ria dos canais de TV por assinatura para produ\u00e7\u00f5es brasileiras<\/span>. Metade dessas tr\u00eas horas precisam ser preenchidas com programa\u00e7\u00e3o de produ\u00e7\u00f5es independentes! J\u00e1 pensou em voc\u00ea, jovem cineasta, vendendo seu conte\u00fado para o National Geographic?<\/span><\/p>\n<p><span style=\"font-weight: normal;\"><span style=\"color: #ff6600;\">O Projeto tamb\u00e9m prev\u00ea cota de canais<\/span>. Um ter\u00e7o dos canais de um pacote vendido por empresa de TV a cabo deve ser brasileiro. E no m\u00ednimo 2 canais devem ter programa\u00e7\u00e3o de 12 horas e serem de conte\u00fado brasileiro e independente!<\/span><\/p>\n<p><span style=\"font-weight: normal;\">Numa \u00e9poca m que se fala tanto em empreendedorismo, jovens, fiquem ligados! A situa\u00e7\u00e3o est\u00e1 ficando favor\u00e1vel para quem faz audiovisual no Brasil.<\/span><\/p>\n<p><em>(Com informa\u00e7\u00f5es do portal <a href=\"http:\/\/www.filmeb.com.br\" target=\"_blank\">Filme B<\/a>)<\/em><\/p>\n<h2><span style=\"color: #008000;\">MAIS PR\u00caMIO CINEB<\/span><\/h2>\n<p>Nesta semana recebemos um link no Youtube de um <span style=\"color: #ff6600;\">v\u00eddeo feito durante o Segundo Pr\u00eamio Cine B do Cinema Brasileiro<\/span>. O carinhoso trabalho veio de nossa sempre parceira, <span style=\"color: #ff6600;\">Camila de Oliveira<\/span>. Assita!<\/p>\n<p><iframe width=\"460\" height=\"345\" src=\"http:\/\/www.youtube.com\/embed\/ka47A7rPCXo\" frameborder=\"0\" allowfullscreen><\/iframe><\/p>\n<p><a href=\"http:\/\/www.luizclaudiomarcolino.com.br\/fotos\/cine-b-4-anos-de-vida-fotos-paula-ribas\" target=\"_blank\">E clicando aqui voc\u00ea pode ver algumas fotos<\/a> tiradas durante o evento, pela fot\u00f3grafa Paula Ribas, <span style=\"color: #ff6600;\">para o site do deputado estadual Luiz Cl\u00e1udio Marcolino. Que \u00e9 um dos idealizadores do CineB.<\/span><\/p>\n<figure id=\"attachment_2482\" aria-describedby=\"caption-attachment-2482\" style=\"width: 469px\" class=\"wp-caption aligncenter\"><a href=\"http:\/\/projetocineb.com.br\/wp-content\/uploads\/2011\/08\/2011-8-25-Cambuci-aclima.jpg\"><img fetchpriority=\"high\" decoding=\"async\" class=\"size-full wp-image-2482  \" title=\"Esta semana tamb\u00e9m sa\u00edmos no Jornal Cambuci e Aclima\u00e7\u00e3o!\" src=\"http:\/\/projetocineb.com.br\/wp-content\/uploads\/2011\/08\/2011-8-25-Cambuci-aclima.jpg\" alt=\"Esta semana tamb\u00e9m sa\u00edmos no Jornal Cambuci e Aclima\u00e7\u00e3o!\" width=\"369\" height=\"334\" \/><\/a><figcaption id=\"caption-attachment-2482\" class=\"wp-caption-text\">Esta semana tamb\u00e9m sa\u00edmos no Jornal Cambuci e Aclima\u00e7\u00e3o!<\/figcaption><\/figure>\n<h2><span style=\"color: #008000;\">BOLSA PARA ROTEIRO<\/span><\/h2>\n<p>Se voc\u00ea j\u00e1 se formou e quer ficar craque em roteiro, fique de olho que <span style=\"color: #ff6600;\">a Coordena\u00e7\u00e3o de Aperfei\u00e7oamento Pessoal de N\u00edvel Superior (CAPES) e a Comiss\u00e3o para Interc\u00e2mbio Educacional entre os Estados Unidos da Am\u00e9rica e o Brasil &#8211; Comiss\u00e3o Fullbright, oferecem bolsa de estudos com foco em roteiro<\/span>. O edital est\u00e1 aberto <span style=\"color: #ff6600;\">at\u00e9 o dia 15 de setembro de 2011<\/span>. Para mais informa\u00e7\u00f5es e se inscrever, <a href=\"http:\/\/www.capes.gov.br\/editais\/abertos\/4005-programa-de-bolsa-de-estudos-para-master-of-fine-arts-mfa-nos-eua\" target=\"_blank\">clique aqui<\/a>.<\/p>\n","protected":false},"excerpt":{"rendered":"<p>Esta semana encontrei v\u00e1rias informa\u00e7\u00f5es interessantes, ent\u00e3o repasso para voc\u00eas um pouquinho de tudo! FESTIVAL DE CURTAS EM SP Come\u00e7ou[&#8230;]<\/p>\n","protected":false},"author":2,"featured_media":0,"comment_status":"open","ping_status":"open","sticky":false,"template":"","format":"standard","meta":[],"categories":[7],"tags":[11,147,154,242,249,263,266,723,760,1095,1132],"_links":{"self":[{"href":"https:\/\/projetocineb.com.br\/index.php?rest_route=\/wp\/v2\/posts\/2481"}],"collection":[{"href":"https:\/\/projetocineb.com.br\/index.php?rest_route=\/wp\/v2\/posts"}],"about":[{"href":"https:\/\/projetocineb.com.br\/index.php?rest_route=\/wp\/v2\/types\/post"}],"author":[{"embeddable":true,"href":"https:\/\/projetocineb.com.br\/index.php?rest_route=\/wp\/v2\/users\/2"}],"replies":[{"embeddable":true,"href":"https:\/\/projetocineb.com.br\/index.php?rest_route=%2Fwp%2Fv2%2Fcomments&post=2481"}],"version-history":[{"count":0,"href":"https:\/\/projetocineb.com.br\/index.php?rest_route=\/wp\/v2\/posts\/2481\/revisions"}],"wp:attachment":[{"href":"https:\/\/projetocineb.com.br\/index.php?rest_route=%2Fwp%2Fv2%2Fmedia&parent=2481"}],"wp:term":[{"taxonomy":"category","embeddable":true,"href":"https:\/\/projetocineb.com.br\/index.php?rest_route=%2Fwp%2Fv2%2Fcategories&post=2481"},{"taxonomy":"post_tag","embeddable":true,"href":"https:\/\/projetocineb.com.br\/index.php?rest_route=%2Fwp%2Fv2%2Ftags&post=2481"}],"curies":[{"name":"wp","href":"https:\/\/api.w.org\/{rel}","templated":true}]}}