{"id":2495,"date":"2011-08-29T19:03:29","date_gmt":"2011-08-29T22:03:29","guid":{"rendered":"http:\/\/projetocineb.com.br\/?p=2495"},"modified":"2011-08-29T19:03:29","modified_gmt":"2011-08-29T22:03:29","slug":"programacao-de-setembro","status":"publish","type":"post","link":"https:\/\/projetocineb.com.br\/?p=2495","title":{"rendered":"PROGRAMA\u00c7\u00c3O DE SETEMBRO"},"content":{"rendered":"<p>Olha que maravilha! A <span style=\"color: #ff6600;\">programa\u00e7\u00e3o de setembro e outubro do CineB<\/span> voc\u00ea confere logo abaixo! Ser\u00e1 que estaremos em seu bairro? Do lado da sua casa?<\/p>\n<h2><span style=\"color: #008000; font-size: x-small;\"><br \/>\n<\/span><\/h2>\n<div>\n<p><span style=\"color: #ffffff; -webkit-border-horizontal-spacing: 2px; -webkit-border-vertical-spacing: 2px; line-height: normal;\"><span style=\"color: #000000;\"> <\/span><\/span><\/p>\n<p style=\"text-align: center;\"><strong>&#8211; CURTA A GENTE NO FACEBOOK: <a href=\"http:\/\/www.facebook.com\/cinemabrasileiro\" target=\"_blank\">www.facebook.com\/cinemabrasileiro<\/a> &#8211;<\/strong><\/p>\n<\/div>\n<div><span style=\"color: #ffffff; -webkit-border-horizontal-spacing: 2px; -webkit-border-vertical-spacing: 2px; line-height: normal;\"><span style=\"color: #000000;\"><br \/>\n<\/span><\/span><\/div>\n<div>\n<h2><span style=\"color: #008000;\">CINEMA BRASILEIRO EM:<\/span><\/h2>\n<\/div>\n<div>\n<div>\n<div><strong>ITAIM PAULISTA<\/strong><\/div>\n<div><span style=\"color: #ff6600;\">DIA: 15, SETEMBRO, QUINTA-FEIRA, 19h<\/span><\/div>\n<div><span style=\"color: #ff6600;\">LOCAL: SOCIEDADE AMIGOS DO JARDIM CAMARGO NOVO E ADJAC\u00caNCIAS\u00a0\u00a0 E\u00a0 ASSOCIA\u00c7\u00c3O DE MULHERES DA ZONA LESTE<\/span><\/div>\n<div>ENDERE\u00c7O: Avenida Canal\u00a0 de Tut\u00f3ia, \u00a0n\u00ba12 &#8211; Itaim Paulista, zona leste<\/div>\n<div>RETIRADA DE INGRESSOS: no pr\u00f3prio local, com Arnaldo (11 &#8211; 8469 9451)\/ \u00a0Cras do Itaim &#8211; Rua Dom Jo\u00e3o Nery, 54 e 58, falar com Cida Lima (11- 9633 6706)<\/div>\n<div>Espa\u00e7o com capacidade para 250 pessoas<\/div>\n<\/div>\n<div><strong>CH\u00c1CARA SANTO AMARO<\/strong><\/div>\n<\/div>\n<div><span style=\"color: #ff6600;\">DIA: 16, SETEMBRO, SEXTA-FEIRA, 19h<\/span><\/div>\n<div><span style=\"color: #ff6600;\">LOCAL: SAL\u00c3O DA IGREJA S\u00c3O THIAGO<\/span><\/div>\n<div>ENDERE\u00c7O: Rua Seresta do Amor, n\u00ba18 \u00a0&#8211; Chacara Santo Amaro, zona sul<\/div>\n<div>Ponto de Refer\u00eancia:\u00a0 Parada Obrigat\u00f3ria e Posto de Sa\u00fade<\/div>\n<div>RETIRADA DE INGRESSOS: Com as agentes \u00a0comunit\u00e1rias\u00a0 da \u00e1rea 2 \/ na farm\u00e1cia do Posto de Sa\u00fade<\/div>\n<div>Telefone: 11 &#8211; 5974 2486<\/div>\n<div>Local com capacidade para 120 pessoas<\/div>\n<div>\n<div>\n<div><strong>VILA ANAST\u00c1CIO<\/strong><\/div>\n<\/div>\n<div><span style=\"color: #ff6600;\">DIA: 17, SETEMBRO, S\u00c1BADO, 19h<\/span><\/div>\n<div><span style=\"color: #ff6600;\">LOCAL: SAL\u00c3O DE FESTA DA IGREJA SANTO ESTEV\u00c3O REI<\/span><\/div>\n<div>ENDERE\u00c7O: Martinho Campos, 420 &#8211; Vila Anast\u00e1cio, Lapa, zona oeste<\/div>\n<div>RETIRADA DE INGRESSOS: Na secretaria da Igreja, \u00a0das\u00a0 14h \u00e1s 17:30h, falar com Clemenis (11- 3644 8327)<\/div>\n<div>Local com capacidade para 200 pessoas<\/div>\n<\/div>\n<div>\n<div><strong>PARQUE VILA SILVIA<\/strong><\/div>\n<div><span style=\"color: #ff6600;\">DIA: 01, OUTUBRO, S\u00c1BADO, 19h<\/span><\/div>\n<div><span style=\"color: #ff6600;\">LOCAL: PARQUE MUNICIPAL VILA SILVIA<\/span><\/div>\n<div>ENDERE\u00c7O: Rua Carlos Barbosa,365 &#8211; Vla Silvia, zona leste<\/div>\n<div>Ponto de refer\u00eancia: Rua Olho d\u00b4\u00c1gua do Borges<\/div>\n<div>RETIRADA DE INGRESSOS: no pr\u00f3prio Parque, com Alcides (assistente administrativo do parque )<\/div>\n<div>Telefone: 11 2545-4944<\/div>\n<div>Espa\u00e7o com capacidade para 300 pessoas<\/div>\n<\/div>\n<div><\/div>\n<\/p>\n<h2><span style=\"color: #008000;\">Quer saber os filmes do m\u00eas?<\/span><\/h2>\n<div><\/div>\n<div>\n<h2><\/h2>\n<p><iframe width=\"420\" height=\"345\" src=\"http:\/\/www.youtube.com\/embed\/1Aqn_jO_HAM\" frameborder=\"0\" allowfullscreen><\/iframe><\/p>\n<div><strong>O CONTADOR DE HIST\u00d3RIAS<\/strong> (<a href=\"http:\/\/www.youtube.com\/watch?v=1Aqn_jO_HAM\" target=\"_blank\">clique aqui para assistir ao trailer no Youtube<\/a>)<\/div>\n<div>Sinopse:\u00a0&#8216;O Contador de Hist\u00f3rias&#8217; gira em torno da <span style=\"color: #ff6600;\">trajet\u00f3ria de Roberto Carlos, um menino pobre de Belo Horizonte que, durante a d\u00e9cada de 70, cresce em uma entidade assistencial para menores ent\u00e3o rec\u00e9m-criada pelo governo<\/span>. Entre fugas e capturas, ele \u00e9 considerado irrecuper\u00e1vel por seus educadores. <span style=\"color: #ff6600;\">A vida do garoto, por\u00e9m, muda quando ele conhece a pedagoga francesa Margherit (Maria de Medeiros, de Pulp Fiction), que vem ao Brasil para realizar uma pesquisa.<\/span> Juntos, aprendem importantes li\u00e7\u00f5es um com o outro, que mudar\u00e3o as vidas de ambos para sempre.<\/div>\n<div><strong>Elenco:<\/strong> Maria de Medeiros, Malu Galli, Marco Antonio, Paulo Henrique, Cleiton dos Santos da Silva e Chico Diaz<\/div>\n<div><strong>Roteiro:<\/strong> Mauricio Arruda, Jos\u00e9 Roberto Torero, Mariana Ver\u00edssimo, Luiz Villa\u00e7a.<\/div>\n<div><strong>Dire\u00e7\u00e3o:<\/strong> Luiz Villa\u00e7a<\/div>\n<div><strong>Classifica\u00e7\u00e3o do filme:\u00a012 anos<\/strong><\/div>\n<div><strong>Dura\u00e7\u00e3o:<\/strong> 110min<\/div>\n<div><strong>G\u00eanero:<\/strong> Drama<\/div>\n<div><\/div>\n<div><span style=\"color: #ffffff; -webkit-border-horizontal-spacing: 2px; -webkit-border-vertical-spacing: 2px; line-height: normal;\"><span style=\"color: #000000;\"><strong>A MULA TEIMOSA E O CONTROLE REMOTO<\/strong><\/span><\/span><\/div>\n<div><span style=\"color: #ffffff; -webkit-border-horizontal-spacing: 2px; -webkit-border-vertical-spacing: 2px; line-height: normal;\"><span style=\"color: #000000;\"><em>Dire\u00e7\u00e3o:<\/em> H\u00e9lio Villela Nunes<\/span><em>Sinopse:<\/em> A hist\u00f3ria de uma amizade num duelo sem palavras.<\/span><\/span><\/div>\n<div><span style=\"color: #ffffff; -webkit-border-horizontal-spacing: 2px; -webkit-border-vertical-spacing: 2px; line-height: normal;\"><span style=\"color: #000000;\">Dura\u00e7\u00e3o: 15 min<\/span><\/span><\/div>\n<div><span style=\"color: #ffffff; -webkit-border-horizontal-spacing: 2px; -webkit-border-vertical-spacing: 2px; line-height: normal;\"><span style=\"color: #000000;\"><em>Classifica\u00e7\u00e3o:<\/em> Livre<\/span><\/span><\/div>\n<div>\n<iframe src=\"http:\/\/player.vimeo.com\/video\/13516850?title=0&amp;byline=0&amp;portrait=0\" width=\"400\" height=\"300\" frameborder=\"0\"><\/iframe><\/p>\n<p><a href=\"http:\/\/vimeo.com\/13516850\">Trailer A MULA TEIMOSA E O CONTROLE REMOTO<\/a> from <a href=\"http:\/\/vimeo.com\/paulamercedes\">paula mercedes<\/a> on <a href=\"http:\/\/vimeo.com\">Vimeo<\/a>.<\/p>\n<p><span style=\"color: #ffffff; -webkit-border-horizontal-spacing: 2px; -webkit-border-vertical-spacing: 2px; line-height: normal;\"><span style=\"color: #000000;\"> <\/span><\/span><\/p>\n<p style=\"text-align: center;\"><strong>&#8211; CRIAN\u00c7AS SOMENTE ACOMPANHADAS DOS PAIS &#8211;<\/strong><\/p>\n","protected":false},"excerpt":{"rendered":"<p>Olha que maravilha! A programa\u00e7\u00e3o de setembro e outubro do CineB voc\u00ea confere logo abaixo! Ser\u00e1 que estaremos em seu[&#8230;]<\/p>\n","protected":false},"author":2,"featured_media":0,"comment_status":"open","ping_status":"open","sticky":false,"template":"","format":"standard","meta":[],"categories":[7],"tags":[154,242,263,266,273,533,861,1095,1132],"_links":{"self":[{"href":"https:\/\/projetocineb.com.br\/index.php?rest_route=\/wp\/v2\/posts\/2495"}],"collection":[{"href":"https:\/\/projetocineb.com.br\/index.php?rest_route=\/wp\/v2\/posts"}],"about":[{"href":"https:\/\/projetocineb.com.br\/index.php?rest_route=\/wp\/v2\/types\/post"}],"author":[{"embeddable":true,"href":"https:\/\/projetocineb.com.br\/index.php?rest_route=\/wp\/v2\/users\/2"}],"replies":[{"embeddable":true,"href":"https:\/\/projetocineb.com.br\/index.php?rest_route=%2Fwp%2Fv2%2Fcomments&post=2495"}],"version-history":[{"count":0,"href":"https:\/\/projetocineb.com.br\/index.php?rest_route=\/wp\/v2\/posts\/2495\/revisions"}],"wp:attachment":[{"href":"https:\/\/projetocineb.com.br\/index.php?rest_route=%2Fwp%2Fv2%2Fmedia&parent=2495"}],"wp:term":[{"taxonomy":"category","embeddable":true,"href":"https:\/\/projetocineb.com.br\/index.php?rest_route=%2Fwp%2Fv2%2Fcategories&post=2495"},{"taxonomy":"post_tag","embeddable":true,"href":"https:\/\/projetocineb.com.br\/index.php?rest_route=%2Fwp%2Fv2%2Ftags&post=2495"}],"curies":[{"name":"wp","href":"https:\/\/api.w.org\/{rel}","templated":true}]}}