{"id":2503,"date":"2011-09-05T19:58:48","date_gmt":"2011-09-05T22:58:48","guid":{"rendered":"http:\/\/projetocineb.com.br\/?p=2503"},"modified":"2011-09-05T19:58:48","modified_gmt":"2011-09-05T22:58:48","slug":"o-contador-de-historias","status":"publish","type":"post","link":"https:\/\/projetocineb.com.br\/?p=2503","title":{"rendered":"O CONTADOR DE HIST\u00d3RIAS"},"content":{"rendered":"<p>O longa metragem dirigido por Luiz Villa\u00e7a continua este m\u00eas em cartaz no CineB. <span style=\"color: #ff6600;\"> <\/span><\/p>\n<figure id=\"attachment_2511\" aria-describedby=\"caption-attachment-2511\" style=\"width: 389px\" class=\"wp-caption aligncenter\"><a href=\"http:\/\/projetocineb.com.br\/wp-content\/uploads\/2011\/09\/o-contador-de-historias-02.jpg\"><img fetchpriority=\"high\" decoding=\"async\" class=\"size-full wp-image-2511  \" title=\"Cena do filme O contador de hist\u00f3rias\" src=\"http:\/\/projetocineb.com.br\/wp-content\/uploads\/2011\/09\/o-contador-de-historias-02.jpg\" alt=\"Cena do filme O contador de hist\u00f3rias\" width=\"389\" height=\"259\" \/><\/a><figcaption id=\"caption-attachment-2511\" class=\"wp-caption-text\">Cena do filme O contador de hist\u00f3rias<\/figcaption><\/figure>\n<p>O filme \u00e9 extremamente forte na mensagem de que nada substitui o amor materno. Na \u00faltima exibi\u00e7\u00e3o de julho, na comunidade de Vila Leopoldina, zona oeste de S\u00e3o Paulo, o diretor esteve presente para dialogar com o p\u00fablico ap\u00f3s o filme.<\/p>\n<p><a href=\"http:\/\/www.youtube.com\/cineb2009\" target=\"_blank\">Clique aqui para assistir aos v\u00eddeos no canal do CineB no Youtube!<\/a><\/p>\n<p>O momento mais marcante desse bate papo foi o depoimento emocionado do espectador Adaucto Durigan, ex-subprefeito da Lapa na gest\u00e3o da ex-prefeita Marta Suplicy. Ele foi diretor da ala de recep\u00e7\u00e3o na FEBEM paulistana nos anos 80 e confirmou a mensagem passada no filme. <span style=\"color: #ff6600;\">&#8220;A melhor coisa para cria\u00e7\u00e3o dos filhos \u00e9 a fam\u00edlia. O amor de m\u00e3e e de pai. E quando a m\u00e3e entrega a crian\u00e7a para a FEBEM, a institui\u00e7\u00e3o j\u00e1 sabe que perdeu a batalha&#8221;, diz Adaucto.<\/span><\/p>\n<p><span style=\"color: #ff6600;\">C<\/span><span style=\"color: #ff6600;\">onfira abaixo o trecho em que Adaucto d\u00e1 seu depoimento.<\/span><\/p>\n<p><iframe width=\"420\" height=\"345\" src=\"http:\/\/www.youtube.com\/embed\/OIIsoEeZk1Y\" frameborder=\"0\" allowfullscreen><\/iframe><\/p>\n<p><span style=\"color: #ff6600;\"><br \/>\n<\/span><\/p>\n<h2><span style=\"color: #008000;\">O FILME EM SALA DE AULA<\/span><\/h2>\n<p><span style=\"color: #ff6600;\">Al\u00f4 professores do Ensino M\u00e9dio<\/span>! Vale a pena conhecer as indica\u00e7\u00f5es, que a produ\u00e7\u00e3o do filme disponibiliza na internet, <span style=\"color: #ff6600;\">para voc\u00ea utilizar<\/span> <span style=\"color: #ff6600;\"><em>O contador de hist\u00f3rias <\/em>em sala de aula<\/span>.<\/p>\n<h2><span style=\"color: #008000;\"> <\/span><\/h2>\n<p><a href=\"http:\/\/wwws.br.warnerbros.com\/ocontadordehistorias\/projetoescola\/index.html\" target=\"_blank\">Clique aqui para conhecer este material e deixar sua aula mais divertida e inusitada!<\/a><\/p>\n","protected":false},"excerpt":{"rendered":"<p>O longa metragem dirigido por Luiz Villa\u00e7a continua este m\u00eas em cartaz no CineB. O filme \u00e9 extremamente forte na[&#8230;]<\/p>\n","protected":false},"author":2,"featured_media":0,"comment_status":"open","ping_status":"open","sticky":false,"template":"","format":"standard","meta":[],"categories":[7],"tags":[154,242,263,266,275,861,1095,1132],"_links":{"self":[{"href":"https:\/\/projetocineb.com.br\/index.php?rest_route=\/wp\/v2\/posts\/2503"}],"collection":[{"href":"https:\/\/projetocineb.com.br\/index.php?rest_route=\/wp\/v2\/posts"}],"about":[{"href":"https:\/\/projetocineb.com.br\/index.php?rest_route=\/wp\/v2\/types\/post"}],"author":[{"embeddable":true,"href":"https:\/\/projetocineb.com.br\/index.php?rest_route=\/wp\/v2\/users\/2"}],"replies":[{"embeddable":true,"href":"https:\/\/projetocineb.com.br\/index.php?rest_route=%2Fwp%2Fv2%2Fcomments&post=2503"}],"version-history":[{"count":0,"href":"https:\/\/projetocineb.com.br\/index.php?rest_route=\/wp\/v2\/posts\/2503\/revisions"}],"wp:attachment":[{"href":"https:\/\/projetocineb.com.br\/index.php?rest_route=%2Fwp%2Fv2%2Fmedia&parent=2503"}],"wp:term":[{"taxonomy":"category","embeddable":true,"href":"https:\/\/projetocineb.com.br\/index.php?rest_route=%2Fwp%2Fv2%2Fcategories&post=2503"},{"taxonomy":"post_tag","embeddable":true,"href":"https:\/\/projetocineb.com.br\/index.php?rest_route=%2Fwp%2Fv2%2Ftags&post=2503"}],"curies":[{"name":"wp","href":"https:\/\/api.w.org\/{rel}","templated":true}]}}