{"id":252,"date":"2010-02-09T21:55:59","date_gmt":"2010-02-09T21:55:59","guid":{"rendered":"http:\/\/projetocineb.com.br\/?p=252"},"modified":"2010-02-09T21:55:59","modified_gmt":"2010-02-09T21:55:59","slug":"piracicaba","status":"publish","type":"post","link":"https:\/\/projetocineb.com.br\/?p=252","title":{"rendered":"PIRACICABA"},"content":{"rendered":"<h2><span style=\"color: #339966;\">PIRA<\/span><\/h2>\n<p>E l\u00e1 fomos n\u00f3s (parando a cada 5 minutos na estrada para pagar ped\u00e1gios car\u00edssimos) a caminho de mais uma sess\u00e3o do <span style=\"color: #0000ff;\"><strong>CineB, dessa vez estreando no interior de S\u00e3o Paulo<\/strong><\/span>, em <span style=\"color: #0000ff;\">Piracicaba, no Varej\u00e3o do Parque \u00c1gua Branca<\/span>.<\/p>\n<h2><span style=\"color: #339966;\">VAREJ\u00c3O DAEDUCA\u00c7\u00c3O<\/span><\/h2>\n<p>N\u00e3o comemos as famosas pamonhas de l\u00e1, mas pudemos conferir um movimento comunit\u00e1rio bem legal, que tem atuado na \u00e1rea da est\u00e9tica.<\/p>\n<p>A <span style=\"color: #0000ff;\">Art Hair<\/span> \u00e9 uma <span style=\"color: #0000ff;\">escola de cabeleireiros que oferece cursos gratuitos para a popula\u00e7\u00e3o do Parque \u00c1gua Branca e bairros vizinhos<\/span>. Desde novembro de 1999, Cidinha e Denize come\u00e7aram a <span style=\"color: #0000ff;\">profissionalizar<\/span> os interessados da comunidade, atrav\u00e9s de um curso de cabeleireiro, que tamb\u00e9m deveria incentivar as pessoas \u00e0 voltar \u00e0 escola, se educar mais. <span style=\"color: #0000ff;\">\u201cS\u00f3 dar o peixe n\u00e3o d\u00e1 certo, \u00e9 preciso mostrar como pescar. N\u00e3o adianta a pessoa fazer um curso de cabeleireiro e n\u00e3o conseguir entender as entrelinhas de um contrato. As pessoas precisam de forma\u00e7\u00e3o integral, para se tornarem cidad\u00e3os comprometidos\u201d, disse Denize<\/span>.<\/p>\n<p>Maria Aparecida, mais conhecida por Cidinha, fundadora da Art Hair ao lado de Denize, ressaltou que nesses 10 anos da escola pode-se conferir muitas transforma\u00e7\u00f5es na regi\u00e3o. <span style=\"color: #0000ff;\">\u201cAqui no bairro, a maior parte dos sal\u00f5es que existem s\u00e3o de ex-alunas nossas. Atualmente temos uma lista de espera de 32 bairros que desejam oferecer esse curso os moradores\u201d, disse Cidinha<\/span>.<\/p>\n<p>Para ela, que j\u00e1 trabalhou em orfanatos e na FEBEM, a forma\u00e7\u00e3o intelectual e profissional de uma pessoa \u00e9 essencial para que esta possa ter sonhos e objetivos de vida. Segundo Cidinha, alguns ficam desanimados com a realidade que os cerca, e por isso ficam sem perspectivas de um futuro promissor e entregam-se ao pessimismo e baixa autoestima.<\/p>\n<p style=\"text-align: center;\"><a href=\"http:\/\/projetocineb.com.br\/wp-content\/uploads\/2010\/02\/DSC00533_01SITE.jpg\"><img fetchpriority=\"high\" decoding=\"async\" class=\"aligncenter size-full wp-image-255\" title=\"Gisele, Rosemeire, Let\u00edcia, Esther Sylvestre do PT, Cidinha, Denise, Pen\u00e9loti e Andr\u00e9 da Art Hair, e Luizinho, Fl\u00e1vio do Sindicato dos Banc\u00e1rios de S\u00e3o Paulo, Osasco e Regi\u00e3o\" src=\"http:\/\/projetocineb.com.br\/wp-content\/uploads\/2010\/02\/DSC00533_01SITE.jpg\" alt=\"\" width=\"448\" height=\"303\" \/><\/a><\/p>\n<p><span style=\"color: #0000ff;\">Tatiana, uma das divulgadoras desta sess\u00e3o do CineB<\/span> no Varej\u00e3o, foi uma aluna vencedoras da Art Hair. <span style=\"color: #0000ff;\">\u201cEu n\u00e3o tinha nada, hoje estou bem. Sou representante da Art Hair, trabalho na divulga\u00e7\u00e3o da escola\u201d, disse a mo\u00e7a, que depois de se formar, virou uma \u201canja\u201d<\/span>.<\/p>\n<p>N\u00e3o que ela fosse uma pestinha. \u00c9 que na Art Hair, depois da pessoa receber todo o conhecimento, tem de ajudar outras pessoas a se profissionalizar, al\u00e9m de oferecer cortes de cabelos e outros cuidados est\u00e9ticos, de forma gratuita para a comunidade. \u201c\u00c9 uma forma de compartilhar com os demais, o conhecimento que recebeu\u201d, explica Denize.<\/p>\n<p>Ela conta o caso de um jovem rapaz que participou o curso e no meio das aulas sempre desmaiava. Denize passou a investigar a causa dos desmaios do menino e descobriu que ele morava com sua av\u00f3 e n\u00e3o conseguiam dinheiro suficiente para se alimentar de forma adequada. Os amigos e professores da Art Hair se uniram e al\u00e9m de lhes passarem a dar uma cesta b\u00e1sica por m\u00eas, faziam o jovem comer nas aulas. \u201cIsso o ajudou e recentemente fui assistir a uma palestra, na qual era ele que apresentou um produto novo no mercado, fiquei surpresa! \u00c9 representante de uma empresa, est\u00e1 bem, saud\u00e1vel\u201d, contou Denize.<\/p>\n<p>\u201cJ\u00e1 demos cursos at\u00e9 em igrejas, vamos para onde d\u00e1. Todo domingo aqui no Varej\u00e3o oferecemos cortes de cabelos gratuitos. Nossos \u201canjos\u201d visitam outros bairros capacitando novos profissionais. A id\u00e9ia \u00e9 continuar crescendo com a for\u00e7a da uni\u00e3o\u201d, disse Cidinha.<\/p>\n<p>Parab\u00e9ns a essas mulheres que transformam o bairro que vivem com a uni\u00e3o e o empreendedorismo.<\/p>\n<p style=\"text-align: center;\"><a href=\"http:\/\/projetocineb.com.br\/wp-content\/uploads\/2010\/02\/DSC00536_01SITE.jpg\"><img decoding=\"async\" class=\"aligncenter size-full wp-image-256\" title=\"Na abertura da exibi\u00e7\u00e3o, Cid\u00e1lio da Brazucah Produ\u00e7\u00f5es deu a palavra para Denize, da Art Hair, acompanhada de sua colega Cidinha e Fl\u00e1vio do Sindicato dos Banc\u00e1rios de S\u00e3o Paulo, Osasco e Regi\u00e3o\" src=\"http:\/\/projetocineb.com.br\/wp-content\/uploads\/2010\/02\/DSC00536_01SITE.jpg\" alt=\"\" width=\"448\" height=\"270\" \/><\/a><\/p>\n<h2><span style=\"color: #339966;\">MELHORA<\/span><\/h2>\n<p>O senhor Z\u00e9 Maria foi assistir o CineB de hoje acompanhado por sua esposa, Miriam Grande Teixeira. Eles s\u00e3o engajados politicamente na cidade. Z\u00e9 Maria, amanh\u00e3, participa do segundo turno para a elei\u00e7\u00e3o de presidente do PT. Segundo ele, em Piracicaba o Partido est\u00e1 se reorganizando para oferecer \u00e0 popula\u00e7\u00e3o da cidade mais qualidade de vida. \u201cO governo atual de Piracicaba desmonta as organiza\u00e7\u00f5es sociais, n\u00e3o olham muito para o que o povo realmente precisa\u201d, disse Z\u00e9 Maria.<\/p>\n<p>\u201cCom a Art Hair, muitos cidad\u00e3o passaram a n\u00e3o depender mais de projetos assistenciais, criaram seus pr\u00f3prios neg\u00f3cios e vivem transforma\u00e7\u00f5es em suas vidas. Aqui atualmente s\u00f3 constroem pontes, viadutos, obras grandiosas mas que n\u00e3o mudam em nada a realidade de muitas pessoas da cidade\u201d, disse a ex-vereadora de Piracicaba e filiada ao PT \u201cdesde as origens\u201d, Esther Sylvestre da Rocha.<\/p>\n<p>Segundo ela, foi feita a promessa na melhora do sistema de sa\u00fade da cidade. \u201cMas ainda hoje os hospitais est\u00e3o sem m\u00e9dicos suficientes para o atendimento. A participa\u00e7\u00e3o popular no governo diminuiu, os conselhos dos bairros enfraqueceram-se. Mas o PT se organiza para trabalhar mais diretamente com a comunidade, sair dos gabinetes\u201d, disse Esther.<\/p>\n<p style=\"text-align: center;\"><a href=\"http:\/\/projetocineb.com.br\/wp-content\/uploads\/2010\/02\/DSC00525_01SITE.jpg\"><img decoding=\"async\" class=\"aligncenter size-full wp-image-257\" title=\"Senhor Z\u00e9 Maria com sua esposa Miriam Grande Teixeira\" src=\"http:\/\/projetocineb.com.br\/wp-content\/uploads\/2010\/02\/DSC00525_01SITE.jpg\" alt=\"\" width=\"316\" height=\"384\" \/><\/a><\/p>\n<h2><span style=\"color: #339966;\">CINEB EM TODO CANTO<\/span><\/h2>\n<p>O CineB de hoje \u00e9 uma mostra de que a organiza\u00e7\u00e3o da comunidade tem dado certo. Na abertura do evento, Fl\u00e1vio falou ao p\u00fablico em nome de Luiz Cl\u00e1udio Marcolino, presidente do Sindicato dos Banc\u00e1rios de S\u00e3o Paulo, Osasco e Regi\u00e3o. \u201cA cultura brasileira \u00e9 de todos e por isso a id\u00e9ia do CineB tem deve ser copiada por outros sindicatos e institui\u00e7\u00f5es, queremos voltar mais vezes para Piracicaba\u201d, disse Fl\u00e1vio.<\/p>\n<p><span style=\"color: #0000ff;\">O produtor do CineB, Cid\u00e1lio Vieira Santos, agradeceu aos jornais Gazeta de Piracicaba e Jornal de Piracicaba pelo aux\u00edlio na divulga\u00e7\u00e3o do evento e apresentou ao p\u00fablico os dois filmes do m\u00eas <em>O Troco<\/em>, de Andr\u00e9 Rolim e <em>A orquestra dos meninos<\/em>, de Paulo Thiago<\/span>.<\/p>\n<p style=\"text-align: center;\"><a href=\"http:\/\/projetocineb.com.br\/wp-content\/uploads\/2010\/02\/DSC00541_02SITE.jpg\"><img loading=\"lazy\" decoding=\"async\" class=\"aligncenter size-full wp-image-258\" title=\"Cid\u00e1lio, durante abertura do CineB em Piracicaba\" src=\"http:\/\/projetocineb.com.br\/wp-content\/uploads\/2010\/02\/DSC00541_02SITE.jpg\" alt=\"\" width=\"560\" height=\"395\" \/><\/a><\/p>\n<h2><span style=\"color: #339966;\">+ CULTURA<\/span><\/h2>\n<p>Oriverto recebeu o Pr\u00eamio de Banc\u00e1rio Padr\u00e3o pelo Sindicato local. Foi conferir o CineB de hoje acompanhado por toda fam\u00edlia. Sua simp\u00e1tica sogra dona Diva gostou de <em>O troco<\/em>. Disse que sempre assiste a filmes nacionais na TV Cultura. Dia desses assistiu <em><a href=\"http:\/\/www.adorocinema.com\/filmes\/ostra-e-vento\/\">A ostra e o vento<\/a><\/em> e achou a hist\u00f3ria linda.<\/p>\n<p><span style=\"color: #0000ff;\">A sobrinha de Oriverto e neta de dona Diva, Leniara tamb\u00e9m aprovou os filmes do CineB. Ela quer fazer jornalismo, gosta de se expressar e est\u00e1 em cartaz na cidade, com o Grupo Atua\u00e7\u00e3o. As apresenta\u00e7\u00f5es de <\/span><em><span style=\"color: #0000ff;\">Os irm\u00e3os das almas<\/span><\/em><span style=\"color: #0000ff;\"> acontecer\u00e3o \u00e0s 20 horas, nos dias 7, 9, 14 e 15 de dezembro, no Teatro Municipal de Piracicaba<\/span>.<\/p>\n<p>E se voc\u00ea foi assistir, comente aqui com a gente como foi. E Leniara, <span style=\"color: #0000ff;\">se quiser, comente as apresenta\u00e7\u00f5es!<\/span><\/p>\n<p><span style=\"color: #0000ff;\"><a href=\"http:\/\/projetocineb.com.br\/wp-content\/uploads\/2010\/02\/DSC00535_01SITE.jpg\"><img loading=\"lazy\" decoding=\"async\" class=\"aligncenter size-full wp-image-259\" title=\"A simp\u00e1tica Doana Diva veio com seu genro, Oriverto (pr\u00eamio de banc\u00e1rio padr\u00e3o) acompanhado de sua esposa Jussara e os filhos Cau\u00ea e Isadora.Carmem Lucia e Leniara, que est\u00e1 em cartaz com uma pe\u00e7a em Piracicaba tamb\u00e9m aproveitaram a sess\u00e3o ao lado dos familiares\" src=\"http:\/\/projetocineb.com.br\/wp-content\/uploads\/2010\/02\/DSC00535_01SITE.jpg\" alt=\"\" width=\"640\" height=\"302\" \/><\/a><br \/>\n<\/span><\/p>\n<h2><span style=\"color: #339966;\">PR\u00d3XIMA SESS\u00c3O<\/span><\/h2>\n<p>Internautas e <em>internautos<\/em>, nos vemos no dia <span style=\"color: #0000ff;\">10 de dezembro<\/span>, \u00e0s <span style=\"color: #0000ff;\">19 e 30<\/span> minutos pra mais uma incr\u00edvel sess\u00e3o do CineB, realizado pelo Sindicato dos Banc\u00e1rios de S\u00e3o Paulo, Osasco e Regi\u00e3o e Brazucah Produ\u00e7\u00f5es.<\/p>\n<p>O endere\u00e7o da vez \u00e9 <span style=\"color: #0000ff;\">rua Santos Dumont, 455<\/span>, J<span style=\"color: #0000ff;\">ardim Jacira<\/span>, em <span style=\"color: #0000ff;\">Itapecirica da Serr<\/span>a. Para maiores informa\u00e7\u00f5es, ligue pro <span style=\"color: #0000ff;\">4669-3799<\/span>.<\/p>\n<p><em>Int\u00e9!<\/em><\/p>\n<p style=\"text-align: center;\"><em><a href=\"http:\/\/projetocineb.com.br\/wp-content\/uploads\/2010\/02\/DSC00558_01SITE.jpg\"><img loading=\"lazy\" decoding=\"async\" class=\"aligncenter size-full wp-image-260\" title=\"Tatiana faz o sorteio das pesquisas respondidas pelo p\u00fablico. Teve camisetas do CineB, canecas, chinelo e camisetas da exposi\u00e7\u00e3o de Leonardo Da Vinci\" src=\"http:\/\/projetocineb.com.br\/wp-content\/uploads\/2010\/02\/DSC00558_01SITE.jpg\" alt=\"\" width=\"512\" height=\"266\" \/><\/a><\/em><\/p>\n<p style=\"text-align: center;\">\n<p style=\"text-align: center;\"><a href=\"http:\/\/projetocineb.com.br\/wp-content\/uploads\/2010\/02\/DSC00529_01SITE.jpg\"><img loading=\"lazy\" decoding=\"async\" class=\"aligncenter size-full wp-image-261\" title=\"Cena do curta-metragem &quot;O troco&quot;, em que a atendente de telemarketing \u00e9 que sente indigna\u00e7\u00e3o e agonia, com um casal pra l\u00e1 de vingativo\" src=\"http:\/\/projetocineb.com.br\/wp-content\/uploads\/2010\/02\/DSC00529_01SITE.jpg\" alt=\"\" width=\"640\" height=\"353\" \/><\/a><\/p>\n<p style=\"text-align: center;\">\n<p style=\"text-align: center;\"><a href=\"http:\/\/projetocineb.com.br\/wp-content\/uploads\/2010\/02\/DSC00544_01SITE.jpg\"><img loading=\"lazy\" decoding=\"async\" class=\"aligncenter size-full wp-image-262\" title=\"Mois\u00e9s que gosta dos filmes de Mazzaropi, com sua filha Roberta, que tamb\u00e9m trouxe se filhinho, Vin\u00edcius\" src=\"http:\/\/projetocineb.com.br\/wp-content\/uploads\/2010\/02\/DSC00544_01SITE.jpg\" alt=\"\" width=\"493\" height=\"304\" \/><\/a><\/p>\n<p style=\"text-align: center;\"><a href=\"http:\/\/projetocineb.com.br\/wp-content\/uploads\/2010\/02\/DSC00531_01SITE.jpg\"><img loading=\"lazy\" decoding=\"async\" class=\"aligncenter size-full wp-image-263\" title=\"Piracicaba em peso no CineB\" src=\"http:\/\/projetocineb.com.br\/wp-content\/uploads\/2010\/02\/DSC00531_01SITE.jpg\" alt=\"\" width=\"512\" height=\"333\" \/><\/a><\/p>\n<p style=\"text-align: center;\">\n<p style=\"text-align: center;\"><a href=\"http:\/\/projetocineb.com.br\/wp-content\/uploads\/2010\/02\/DSC00542_01SITE.jpg\"><img loading=\"lazy\" decoding=\"async\" class=\"aligncenter size-full wp-image-264\" title=\"Camisetas do CineB, canecas da exposi\u00e7\u00e3o Corpo Humano, chinelos e camisetas da exposi\u00e7\u00e3o de Leonardo Da Vinci: uma por\u00e7\u00e3o de coisas sorteadas\" src=\"http:\/\/projetocineb.com.br\/wp-content\/uploads\/2010\/02\/DSC00542_01SITE.jpg\" alt=\"\" width=\"576\" height=\"410\" \/><\/a><\/p>\n<p style=\"text-align: center;\"><em><a href=\"http:\/\/projetocineb.com.br\/wp-content\/uploads\/2010\/02\/DSC00526_01SITE.jpg\"><img loading=\"lazy\" decoding=\"async\" class=\"aligncenter size-full wp-image-265\" title=\"Varej\u00e3o do Parque da \u00c1gua Branca, Piracicaba\" src=\"http:\/\/projetocineb.com.br\/wp-content\/uploads\/2010\/02\/DSC00526_01SITE.jpg\" alt=\"\" width=\"640\" height=\"399\" \/><\/a><\/em><\/p>\n<p style=\"text-align: center;\">\n<p style=\"text-align: center;\"><em><a href=\"http:\/\/projetocineb.com.br\/wp-content\/uploads\/2010\/02\/DSC00561_01SITE.jpg\"><img loading=\"lazy\" decoding=\"async\" class=\"aligncenter size-full wp-image-266\" title=\"Todos os pr\u00eamios entregues aos espectadores desta sess\u00e3o do CineB em Piracicaba\" src=\"http:\/\/projetocineb.com.br\/wp-content\/uploads\/2010\/02\/DSC00561_01SITE.jpg\" alt=\"\" width=\"640\" height=\"303\" \/><\/a><\/em><\/p>\n<p style=\"text-align: center;\">\n<p style=\"text-align: center;\"><em><a href=\"http:\/\/projetocineb.com.br\/wp-content\/uploads\/2010\/02\/DSC00559_01SITE.jpg\"><img loading=\"lazy\" decoding=\"async\" class=\"aligncenter size-full wp-image-267\" title=\"Sortudos do CineB\" src=\"http:\/\/projetocineb.com.br\/wp-content\/uploads\/2010\/02\/DSC00559_01SITE.jpg\" alt=\"\" width=\"448\" height=\"294\" \/><\/a><\/em><\/p>\n<p style=\"text-align: center;\">0~0<\/p>\n","protected":false},"excerpt":{"rendered":"<p>PIRA E l\u00e1 fomos n\u00f3s (parando a cada 5 minutos na estrada para pagar ped\u00e1gios car\u00edssimos) a caminho de mais[&#8230;]<\/p>\n","protected":false},"author":2,"featured_media":0,"comment_status":"open","ping_status":"open","sticky":false,"template":"","format":"standard","meta":[],"categories":[4],"tags":[34,95,154,345,874,1132,1206],"_links":{"self":[{"href":"https:\/\/projetocineb.com.br\/index.php?rest_route=\/wp\/v2\/posts\/252"}],"collection":[{"href":"https:\/\/projetocineb.com.br\/index.php?rest_route=\/wp\/v2\/posts"}],"about":[{"href":"https:\/\/projetocineb.com.br\/index.php?rest_route=\/wp\/v2\/types\/post"}],"author":[{"embeddable":true,"href":"https:\/\/projetocineb.com.br\/index.php?rest_route=\/wp\/v2\/users\/2"}],"replies":[{"embeddable":true,"href":"https:\/\/projetocineb.com.br\/index.php?rest_route=%2Fwp%2Fv2%2Fcomments&post=252"}],"version-history":[{"count":0,"href":"https:\/\/projetocineb.com.br\/index.php?rest_route=\/wp\/v2\/posts\/252\/revisions"}],"wp:attachment":[{"href":"https:\/\/projetocineb.com.br\/index.php?rest_route=%2Fwp%2Fv2%2Fmedia&parent=252"}],"wp:term":[{"taxonomy":"category","embeddable":true,"href":"https:\/\/projetocineb.com.br\/index.php?rest_route=%2Fwp%2Fv2%2Fcategories&post=252"},{"taxonomy":"post_tag","embeddable":true,"href":"https:\/\/projetocineb.com.br\/index.php?rest_route=%2Fwp%2Fv2%2Ftags&post=252"}],"curies":[{"name":"wp","href":"https:\/\/api.w.org\/{rel}","templated":true}]}}