{"id":2523,"date":"2011-09-16T21:31:31","date_gmt":"2011-09-17T00:31:31","guid":{"rendered":"http:\/\/projetocineb.com.br\/?p=2523"},"modified":"2011-09-16T21:31:31","modified_gmt":"2011-09-17T00:31:31","slug":"itaim-paulista","status":"publish","type":"post","link":"https:\/\/projetocineb.com.br\/?p=2523","title":{"rendered":"ITAIM PAULISTA"},"content":{"rendered":"<p><span style=\"color: #ff6600;\">Pela segunda vez chegamos com o CineB em Itaim Paulista, na zona leste de S\u00e3o Paulo.<\/span> O projeto j\u00e1 esteve duas vezes em Ermelino Matarazzo, uma vez no Jardim Noemia e agora <span style=\"color: #ff6600;\">pela primeira vez no Jardim Camargo Novo<\/span>, regi\u00e3o de Itaim Paulista.<\/p>\n<figure id=\"attachment_2528\" aria-describedby=\"caption-attachment-2528\" style=\"width: 384px\" class=\"wp-caption aligncenter\"><a href=\"http:\/\/projetocineb.com.br\/wp-content\/uploads\/2011\/09\/DSC02225web.jpg\"><img fetchpriority=\"high\" decoding=\"async\" class=\"size-full wp-image-2528  \" title=\"CineB em Itaim Paulista\" src=\"http:\/\/projetocineb.com.br\/wp-content\/uploads\/2011\/09\/DSC02225web.jpg\" alt=\"CineB em Itaim Paulista\" width=\"384\" height=\"288\" \/><\/a><figcaption id=\"caption-attachment-2528\" class=\"wp-caption-text\">CineB em Itaim Paulista<\/figcaption><\/figure>\n<p><span style=\"color: #ff6600;\">\u201cQueremos que o CineB volte e seja realizado em outras associa\u00e7\u00f5es aqui de nossa regi\u00e3o\u201d, diz a fundadora da Associa\u00e7\u00e3o de Mulheres da Zona Leste, Maria Aparecida de Lima, a Cida, na abertura deste CineB.<\/span><\/p>\n<figure id=\"attachment_2530\" aria-describedby=\"caption-attachment-2530\" style=\"width: 384px\" class=\"wp-caption aligncenter\"><a href=\"http:\/\/projetocineb.com.br\/wp-content\/uploads\/2011\/09\/DSC02238web.jpg\"><img decoding=\"async\" class=\"size-full wp-image-2530  \" title=\"Cida faz o sorteio de brindes com o coordenador do CineB, Cid\u00e1lio Vieira Santos\" src=\"http:\/\/projetocineb.com.br\/wp-content\/uploads\/2011\/09\/DSC02238web.jpg\" alt=\"Cida faz o sorteio de brindes com o coordenador do CineB, Cid\u00e1lio Vieira Santos\" width=\"384\" height=\"288\" \/><\/a><figcaption id=\"caption-attachment-2530\" class=\"wp-caption-text\">Cida faz o sorteio de brindes com o coordenador do CineB, Cid\u00e1lio Vieira Santos<\/figcaption><\/figure>\n<h2><span style=\"color: #008000;\">QUEM DEFENDE, SOFRE VIOL\u00caNCIA<\/span><\/h2>\n<p>Este CineB foi realizado gra\u00e7as a parceria entre a <span style=\"color: #000000;\">Associa\u00e7\u00e3o de Mulheres da Zona Leste<\/span> e Associa\u00e7\u00e3o de Amigos do Jardim Camargo Novo. Um dos motivos foi que <span style=\"color: #ff6600;\">a sede da Associa\u00e7\u00e3o de Mulheres sofreu vandalismo em maio<\/span>.<\/p>\n<p><span style=\"color: #ff6600;\">\u201cN\u00f3s que lutamos pelo fim da viol\u00eancia, acabamos sofrendo essa viol\u00eancia. Invadiram nossa sede e jogaram tudo para fora\u201d, explica Cida. \u201cAgora alugamos uma sala no Centro de Integra\u00e7\u00e3o da Cidadania. Queremos continuar nosso trabalho\u201d, diz Cida. Segundo ela, a entidade j\u00e1 atendeu mais de 15 mil mulheres desde que foi fundada, em 24 de maio de 1987.<\/span><\/p>\n<p>Mas o trabalho dessa Associa\u00e7\u00e3o tamb\u00e9m preocupa-se em defender os jovens da regi\u00e3o.<\/p>\n<p>\u201cDe um tempo pra c\u00e1 os jovens s\u00f3 ficam ouvindo funk aqui na regi\u00e3o, queremos mostrar outras coisas pra eles. E tamb\u00e9m isso \u00e9 uma sementinha que pode dar frutos em outras associa\u00e7\u00f5es aqui da regi\u00e3o\u201d, conta Cida, que esteve presente na pr\u00e9-estreia do filme Amor?, realizada pelo CineB.<\/p>\n<p><span style=\"color: #ff6600;\">N\u00f3s da equipe do CineB, agora esperamos os convites dos l\u00edderes comunit\u00e1rios da regi\u00e3o, hein!<\/span><\/p>\n<h2><span style=\"color: #008000;\">FILME NA EDUCA\u00c7\u00c3O<\/span><\/h2>\n<figure id=\"attachment_2525\" aria-describedby=\"caption-attachment-2525\" style=\"width: 384px\" class=\"wp-caption aligncenter\"><a href=\"http:\/\/projetocineb.com.br\/wp-content\/uploads\/2011\/09\/DSC02206web.jpg\"><img decoding=\"async\" class=\"size-full wp-image-2525  \" title=\"Professores e alunos do ensino m\u00e9dio da Escola Estadual Deputado Jos\u00e9 Bustamonte estiveram presentes nesta exibi\u00e7\u00e3o do CineB.\" src=\"http:\/\/projetocineb.com.br\/wp-content\/uploads\/2011\/09\/DSC02206web.jpg\" alt=\"Professores e alunos do ensino m\u00e9dio da Escola Estadual Deputado Jos\u00e9 Bustamonte estiveram presentes nesta exibi\u00e7\u00e3o do CineB.\" width=\"384\" height=\"288\" \/><\/a><figcaption id=\"caption-attachment-2525\" class=\"wp-caption-text\">Professores e alunos do ensino m\u00e9dio da Escola Estadual Deputado Jos\u00e9 Bustamonte estiveram presentes nesta exibi\u00e7\u00e3o do CineB.<\/figcaption><\/figure>\n<p>Professores e alunos do ensino m\u00e9dio da Escola Estadual Deputado Jos\u00e9 Bustamonte estiveram presentes nesta exibi\u00e7\u00e3o do CineB.<\/p>\n<p><span style=\"color: #ff6600;\">\u201cS\u00f3 dos alunos sa\u00edrem da sala de aula, sa\u00edrem da rotina, isso j\u00e1 \u00e9 muito bom\u201d, diz o coordenador da Bustamonte, Professor Bernardo Junior Barreto de Oliveira.<\/span><\/p>\n<p>J\u00e1 para o Professor Edvaldo Carlo Ferreira da Costa, um projeto como o CineB \u00e9 fundamental por levar a cultura brasileira para todos.<\/p>\n<p><span style=\"color: #ff6600;\">\u201cNo cinema somos massacrados por muitas produ\u00e7\u00f5es de Hollywood. Ent\u00e3o \u00e9 legal que o CineB mostra para as pessoas que o cinema brasileiro \u00e9 muito fundamental para n\u00f3s\u201d, diz o Prof. Edvaldo.<\/span><\/p>\n<h2><span style=\"color: #008000;\">CLICKS<\/span><\/h2>\n<figure id=\"attachment_2529\" aria-describedby=\"caption-attachment-2529\" style=\"width: 384px\" class=\"wp-caption aligncenter\"><a href=\"http:\/\/projetocineb.com.br\/wp-content\/uploads\/2011\/09\/DSC02231web.jpg\"><img loading=\"lazy\" decoding=\"async\" class=\"size-full wp-image-2529  \" title=\"Abertura da exibi\u00e7\u00e3o\" src=\"http:\/\/projetocineb.com.br\/wp-content\/uploads\/2011\/09\/DSC02231web.jpg\" alt=\"Abertura da exibi\u00e7\u00e3o\" width=\"384\" height=\"288\" \/><\/a><figcaption id=\"caption-attachment-2529\" class=\"wp-caption-text\">Abertura da exibi\u00e7\u00e3o<\/figcaption><\/figure>\n<figure id=\"attachment_2524\" aria-describedby=\"caption-attachment-2524\" style=\"width: 384px\" class=\"wp-caption aligncenter\"><a href=\"http:\/\/projetocineb.com.br\/wp-content\/uploads\/2011\/09\/DSC02244web.jpg\"><img loading=\"lazy\" decoding=\"async\" class=\"size-full wp-image-2524  \" title=\"No final da sess\u00e3o, uma ora\u00e7\u00e3o para a cirurgia que a educadora Sandra Aparecida Martins Ferreira, parceira do CineB, faria no dia seguinte\" src=\"http:\/\/projetocineb.com.br\/wp-content\/uploads\/2011\/09\/DSC02244web.jpg\" alt=\"No final da sess\u00e3o, uma ora\u00e7\u00e3o para a cirurgia que a educadora Sandra Aparecida Martins Ferreira, parceira do CineB, faria no dia seguinte\" width=\"384\" height=\"288\" \/><\/a><figcaption id=\"caption-attachment-2524\" class=\"wp-caption-text\">No final da sess\u00e3o, uma ora\u00e7\u00e3o para a cirurgia que a educadora Sandra Aparecida Martins Ferreira, parceira do CineB, faria no dia seguinte<\/figcaption><\/figure>\n<figure id=\"attachment_2531\" aria-describedby=\"caption-attachment-2531\" style=\"width: 384px\" class=\"wp-caption aligncenter\"><a href=\"http:\/\/projetocineb.com.br\/wp-content\/uploads\/2011\/09\/DSC02242web.jpg\"><img loading=\"lazy\" decoding=\"async\" class=\"size-full wp-image-2531  \" title=\"Os sortudos desta exibi\u00e7\u00e3o que levaram pra casa diversos brindes\" src=\"http:\/\/projetocineb.com.br\/wp-content\/uploads\/2011\/09\/DSC02242web.jpg\" alt=\"Os sortudos desta exibi\u00e7\u00e3o que levaram pra casa diversos brindes\" width=\"384\" height=\"288\" \/><\/a><figcaption id=\"caption-attachment-2531\" class=\"wp-caption-text\">Os sortudos desta exibi\u00e7\u00e3o que levaram pra casa diversos brindes<\/figcaption><\/figure>\n","protected":false},"excerpt":{"rendered":"<p>Pela segunda vez chegamos com o CineB em Itaim Paulista, na zona leste de S\u00e3o Paulo. O projeto j\u00e1 esteve[&#8230;]<\/p>\n","protected":false},"author":2,"featured_media":0,"comment_status":"open","ping_status":"open","sticky":false,"template":"","format":"standard","meta":[],"categories":[2],"tags":[154,242,263,266,861,1095,1132,1247],"_links":{"self":[{"href":"https:\/\/projetocineb.com.br\/index.php?rest_route=\/wp\/v2\/posts\/2523"}],"collection":[{"href":"https:\/\/projetocineb.com.br\/index.php?rest_route=\/wp\/v2\/posts"}],"about":[{"href":"https:\/\/projetocineb.com.br\/index.php?rest_route=\/wp\/v2\/types\/post"}],"author":[{"embeddable":true,"href":"https:\/\/projetocineb.com.br\/index.php?rest_route=\/wp\/v2\/users\/2"}],"replies":[{"embeddable":true,"href":"https:\/\/projetocineb.com.br\/index.php?rest_route=%2Fwp%2Fv2%2Fcomments&post=2523"}],"version-history":[{"count":0,"href":"https:\/\/projetocineb.com.br\/index.php?rest_route=\/wp\/v2\/posts\/2523\/revisions"}],"wp:attachment":[{"href":"https:\/\/projetocineb.com.br\/index.php?rest_route=%2Fwp%2Fv2%2Fmedia&parent=2523"}],"wp:term":[{"taxonomy":"category","embeddable":true,"href":"https:\/\/projetocineb.com.br\/index.php?rest_route=%2Fwp%2Fv2%2Fcategories&post=2523"},{"taxonomy":"post_tag","embeddable":true,"href":"https:\/\/projetocineb.com.br\/index.php?rest_route=%2Fwp%2Fv2%2Ftags&post=2523"}],"curies":[{"name":"wp","href":"https:\/\/api.w.org\/{rel}","templated":true}]}}