{"id":2539,"date":"2011-09-17T21:55:55","date_gmt":"2011-09-18T00:55:55","guid":{"rendered":"http:\/\/projetocineb.com.br\/?p=2539"},"modified":"2011-09-17T21:55:55","modified_gmt":"2011-09-18T00:55:55","slug":"chacara-santo-amaro-2","status":"publish","type":"post","link":"https:\/\/projetocineb.com.br\/?p=2539","title":{"rendered":"CH\u00c1CARA SANTO AMARO"},"content":{"rendered":"<p>Do Metr\u00f4 Jabaquara, eu e a Luciana, assistente de produ\u00e7\u00e3o do CineB, tomamos um \u00f4nibus rumo ao Terminal Varginha. De l\u00e1 tomamos outro, e da\u00ed a paisagem urbana foi ficando pra tr\u00e1s.<\/p>\n<figure id=\"attachment_2551\" aria-describedby=\"caption-attachment-2551\" style=\"width: 384px\" class=\"wp-caption aligncenter\"><a href=\"http:\/\/projetocineb.com.br\/wp-content\/uploads\/2011\/09\/DSC02381web.jpg\"><img fetchpriority=\"high\" decoding=\"async\" class=\"size-full wp-image-2551  \" title=\"Entrada do sal\u00e3o da Igreja S\u00e3o Thiago, em Ch\u00e1cara Santo Amaro, com seu Ant\u00f4nio Nascimento servindo pipoca para o p\u00fablico\" src=\"http:\/\/projetocineb.com.br\/wp-content\/uploads\/2011\/09\/DSC02381web.jpg\" alt=\"Entrada do sal\u00e3o da Igreja S\u00e3o Thiago, em Ch\u00e1cara Santo Amaro, com seu Ant\u00f4nio Nascimento servindo pipoca para o p\u00fablico\" width=\"384\" height=\"288\" \/><\/a><figcaption id=\"caption-attachment-2551\" class=\"wp-caption-text\">Entrada do sal\u00e3o da Igreja S\u00e3o Thiago, em Ch\u00e1cara Santo Amaro, com seu Ant\u00f4nio Nascimento servindo pipoca para o p\u00fablico<\/figcaption><\/figure>\n<p><span style=\"color: #ff6600;\">Ainda dentro do Munic\u00edpio de S\u00e3o Paulo, nosso \u00f4nibus percorreu as ruas de terra de Ch\u00e1cara Santo Amaro, onde moram aproximadamente 3.700 pessoas at\u00e9 nosso ponto de chegada, no sal\u00e3o da Igreja S\u00e3o Thiago. Esta \u00e9 a segunda vez que o CineB arma sua telona para exibir filmes brasileiros no local.<\/span><\/p>\n<p>H\u00e1 um ano exibimos <em>O casamento de Romeu e Julieta<\/em>. Dessa vez levamos <span style=\"color: #ff6600;\">o curta <em>A mula teimosa e o controle remoto<\/em>, de H\u00e9lio Villela Nunes e o longa <em>O contador de hist\u00f3rias<\/em>, de Luiz Villa\u00e7a.<\/span><\/p>\n<p><a href=\"http:\/\/projetocineb.com.br\/?p=1264\" target=\"_blank\">Clique aqui para ler a reportagem da sess\u00e3o anterior.<\/a><\/p>\n<p><span style=\"color: #ff6600;\">\u201cA diferen\u00e7a do ano passado pra este, \u00e9 que o Posto de Sa\u00fade foi reformado\u201d, conta Carol Terrazas, gerente do Posto de Sa\u00fade do bairro. \u201cMas infelizmente o bairro continua sem op\u00e7\u00f5es de lazer e cultura\u201d, diz.<\/span><\/p>\n<figure id=\"attachment_2547\" aria-describedby=\"caption-attachment-2547\" style=\"width: 384px\" class=\"wp-caption aligncenter\"><a href=\"http:\/\/projetocineb.com.br\/wp-content\/uploads\/2011\/09\/DSC02283_01web.jpg\"><img decoding=\"async\" class=\"size-full wp-image-2547  \" title=\"Exibi\u00e7\u00e3o em Ch\u00e1cara Santo Amaro\" src=\"http:\/\/projetocineb.com.br\/wp-content\/uploads\/2011\/09\/DSC02283_01web.jpg\" alt=\"Exibi\u00e7\u00e3o em Ch\u00e1cara Santo Amaro\" width=\"384\" height=\"288\" \/><\/a><figcaption id=\"caption-attachment-2547\" class=\"wp-caption-text\">Exibi\u00e7\u00e3o em Ch\u00e1cara Santo Amaro<\/figcaption><\/figure>\n<p>\u201cE para piorar a situa\u00e7\u00e3o a creche que t\u00ednhamos aqui no bairro foi fechada\u201d, revela a enfermeira Sheila Aparecida Ferreira Latchim.<\/p>\n<p>\u201cNota mil um projeto como este\u201d, elogia a moradora Josiane do Socorro de Melo Wanzeler, que veio pela primeira vez assistir filmes com a gente. <span style=\"color: #ff6600;\">\u201cA cultura tem que ir aonde o povo est\u00e1\u201d.<\/span><\/p>\n<h2><span style=\"color: #008000;\">IR, MAS PENSANDO NA VOLTA<\/span><\/h2>\n<p>Segundo Josiane do Socorro, os moradores de Ch\u00e1cara Santo Amaro precisam se planejar antes de ir ao cinema. \u201cTemos que escolher uma sess\u00e3o que n\u00e3o acabe muito tarde, pois o \u00fanico \u00f4nibus que atende nosso bairro para de circular meia noite\u201d, explica.<\/p>\n<p><span style=\"color: #ff6600;\">Os cinema mais pr\u00f3ximos do bairro ficam nos shoppings Interlagos e SP Market. Ch\u00e1cara Santo Amaro fica aproximadamente 40km de Centro de S\u00e3o Paulo.<\/span><\/p>\n<p>\u201cPor isso para n\u00f3s foi fundamental trazer o CineB pra c\u00e1, tanto ano passado como este, porque as pessoas daqui precisam de cultura e arte\u201d, explica a gerente do Posto de Sa\u00fade, Carol Terrazas.<\/p>\n<p>Em ambas as exibi\u00e7\u00f5es Carol procurou o CineB e agitou a sess\u00e3o na comunidade com ajuda dos moradores e funcion\u00e1rios do Posto.<\/p>\n<h2><span style=\"color: #008000;\">CINEB EM CASA!<\/span><\/h2>\n<p>Esta foi oficialmente a primeira exibi\u00e7\u00e3o em que foi divulgado o primeiro <span style=\"color: #ff6600;\">DVD do Selo CineB do Cinema Brasileiro. O disco \u00e9 vendido no valor de R$5, e cont\u00e9m 5 curtas metragens exibidos pelo CineB (<em>Vida Maria<\/em>, <em>O troco<\/em>, <em>Historietas mal assombradas<\/em>, <em>O xadrez das cores<\/em>, <em>A mula teimosa e o controle remoto<\/em>).<\/span><\/p>\n<figure id=\"attachment_2540\" aria-describedby=\"caption-attachment-2540\" style=\"width: 384px\" class=\"wp-caption aligncenter\"><a href=\"http:\/\/projetocineb.com.br\/wp-content\/uploads\/2011\/09\/DSC02419web.jpg\"><img decoding=\"async\" class=\"size-full wp-image-2540  \" title=\"Os primeiros compradores do Selo CineB\" src=\"http:\/\/projetocineb.com.br\/wp-content\/uploads\/2011\/09\/DSC02419web.jpg\" alt=\"Os primeiros compradores do Selo CineB\" width=\"384\" height=\"288\" \/><\/a><figcaption id=\"caption-attachment-2540\" class=\"wp-caption-text\">Os primeiros compradores do Selo CineB<\/figcaption><\/figure>\n<p><span style=\"color: #ff6600;\">\u201cSempre no final das exibi\u00e7\u00f5es nos pedem uma c\u00f3pia dos curtas exibidos, mas n\u00e3o podemos fazer isso sem autoriza\u00e7\u00e3o\u201d, explica Cid\u00e1lio Vieira Santos, coordenador do CineB. \u201cAgora vendemos esta colet\u00e2nea a pre\u00e7o popular, e toda verba vai para os diretores dos curtas metragens\u201d.<\/span><\/p>\n<p>Apesar de na exibi\u00e7\u00e3o de ontem em Itaim Paulista n\u00e3o ter sido feita a divulga\u00e7\u00e3o do Selo na abertura, duas pessoas compraram o disco. Sinal de que a primeira tiragem de mil exemplares vai acabar loguinho!<\/p>\n<h2><span style=\"color: #008000;\">CLICKS<\/span><\/h2>\n<figure id=\"attachment_2542\" aria-describedby=\"caption-attachment-2542\" style=\"width: 384px\" class=\"wp-caption aligncenter\"><a href=\"http:\/\/projetocineb.com.br\/wp-content\/uploads\/2011\/09\/DSC02273web.jpg\"><img loading=\"lazy\" decoding=\"async\" class=\"size-full wp-image-2542  \" title=\"\u201cAno passado vim e gostei muito do projeto, principalmente porque re\u00fane a vizinhan\u00e7a\u201d, diz a moradora Elke Paulino, que veio acompanhada de sua filha Agatha Sofia, de 5 anos\" src=\"http:\/\/projetocineb.com.br\/wp-content\/uploads\/2011\/09\/DSC02273web.jpg\" alt=\"\u201cAno passado vim e gostei muito do projeto, principalmente porque re\u00fane a vizinhan\u00e7a\u201d, diz a moradora Elke Paulino, que veio acompanhada de sua filha Agatha Sofia, de 5 anos\" width=\"384\" height=\"354\" \/><\/a><figcaption id=\"caption-attachment-2542\" class=\"wp-caption-text\">\u201cAno passado vim e gostei muito do projeto, principalmente porque re\u00fane a vizinhan\u00e7a\u201d, diz a moradora Elke Paulino, que veio acompanhada de sua filha Agatha Sofia, de 5 anos<\/figcaption><\/figure>\n<figure id=\"attachment_2544\" aria-describedby=\"caption-attachment-2544\" style=\"width: 384px\" class=\"wp-caption aligncenter\"><a href=\"http:\/\/projetocineb.com.br\/wp-content\/uploads\/2011\/09\/DSC02277web.jpg\"><img loading=\"lazy\" decoding=\"async\" class=\"size-full wp-image-2544  \" title=\"Priscila Roma, com sua filha Sabrina de 9 anos, a vizinha Francileine Almeida com os filhos Bruno, 10, Breno, 14 e Beatriz, 10\" src=\"http:\/\/projetocineb.com.br\/wp-content\/uploads\/2011\/09\/DSC02277web.jpg\" alt=\"Priscila Roma, com sua filha Sabrina de 9 anos, a vizinha Francileine Almeida com os filhos Bruno, 10, Breno, 14 e Beatriz, 10\" width=\"384\" height=\"288\" \/><\/a><figcaption id=\"caption-attachment-2544\" class=\"wp-caption-text\">Priscila Roma, com sua filha Sabrina de 9 anos, a vizinha Francileine Almeida com os filhos Bruno, 10, Breno, 14 e Beatriz, 10<\/figcaption><\/figure>\n<figure id=\"attachment_2545\" aria-describedby=\"caption-attachment-2545\" style=\"width: 384px\" class=\"wp-caption aligncenter\"><a href=\"http:\/\/projetocineb.com.br\/wp-content\/uploads\/2011\/09\/DSC02279web.jpg\"><img loading=\"lazy\" decoding=\"async\" class=\"size-full wp-image-2545  \" title=\"As funcionarias do Posto de Sa\u00fade, Grasiele Miranda Oliveira Alves (aux. Enfermagem), com seu filho Yuri de 3 anos, Monica Rodrigues dos Santos (aux. Enfermagem), D\u00e9bora Cristina S. Dos Santos (agente de sa\u00fade)\" src=\"http:\/\/projetocineb.com.br\/wp-content\/uploads\/2011\/09\/DSC02279web.jpg\" alt=\"As funcionarias do Posto de Sa\u00fade, Grasiele Miranda Oliveira Alves (aux. Enfermagem), com seu filho Yuri de 3 anos, Monica Rodrigues dos Santos (aux. Enfermagem), D\u00e9bora Cristina S. Dos Santos (agente de sa\u00fade)\" width=\"384\" height=\"298\" \/><\/a><figcaption id=\"caption-attachment-2545\" class=\"wp-caption-text\">As funcion\u00e1rias do Posto de Sa\u00fade, Grasiele Miranda Oliveira Alves (aux. Enfermagem), com seu filho Yuri de 3 anos, Monica Rodrigues dos Santos (aux. Enfermagem), D\u00e9bora Cristina S. Dos Santos (agente de sa\u00fade)<\/figcaption><\/figure>\n<figure id=\"attachment_2546\" aria-describedby=\"caption-attachment-2546\" style=\"width: 384px\" class=\"wp-caption aligncenter\"><a href=\"http:\/\/projetocineb.com.br\/wp-content\/uploads\/2011\/09\/DSC02281web.jpg\"><img loading=\"lazy\" decoding=\"async\" class=\"size-full wp-image-2546  \" title=\"As funcionarias do Posto de Sa\u00fade, Cileia de Freitas (aux. Administrativa), Elza Santos (Agente Prote\u00e7\u00e3o Ambiental), Maria Patr\u00edcia A. Moreira (agente comunit\u00e1ria) com sua filha Maria Estela de 1 ano, e a moradora Maria Aparecida M. Maia\" src=\"http:\/\/projetocineb.com.br\/wp-content\/uploads\/2011\/09\/DSC02281web.jpg\" alt=\"As funcionarias do Posto de Sa\u00fade, Cileia de Freitas (aux. Administrativa), Elza Santos (Agente Prote\u00e7\u00e3o Ambiental), Maria Patr\u00edcia A. Moreira (agente comunit\u00e1ria) com sua filha Maria Estela de 1 ano, e a moradora Maria Aparecida M. Maia\" width=\"384\" height=\"288\" \/><\/a><figcaption id=\"caption-attachment-2546\" class=\"wp-caption-text\">As funcionarias do Posto de Sa\u00fade, Cileia de Freitas (aux. Administrativa), Elza Santos (Agente Prote\u00e7\u00e3o Ambiental), Maria Patr\u00edcia A. Moreira (agente comunit\u00e1ria) com sua filha Maria Estela de 1 ano, e a moradora Maria Aparecida M. Maia<\/figcaption><\/figure>\n<figure id=\"attachment_2552\" aria-describedby=\"caption-attachment-2552\" style=\"width: 384px\" class=\"wp-caption aligncenter\"><a href=\"http:\/\/projetocineb.com.br\/wp-content\/uploads\/2011\/09\/DSC02411web.jpg\"><img loading=\"lazy\" decoding=\"async\" class=\"size-full wp-image-2552  \" title=\"Os sortudos desta exibi\u00e7\u00e3o que levaram para casa camisetas e brindes do CineB\" src=\"http:\/\/projetocineb.com.br\/wp-content\/uploads\/2011\/09\/DSC02411web.jpg\" alt=\"Os sortudos desta exibi\u00e7\u00e3o que levaram para casa camisetas e brindes do CineB\" width=\"384\" height=\"264\" \/><\/a><figcaption id=\"caption-attachment-2552\" class=\"wp-caption-text\">Os sortudos desta exibi\u00e7\u00e3o que levaram para casa camisetas e brindes do CineB<\/figcaption><\/figure>\n","protected":false},"excerpt":{"rendered":"<p>Do Metr\u00f4 Jabaquara, eu e a Luciana, assistente de produ\u00e7\u00e3o do CineB, tomamos um \u00f4nibus rumo ao Terminal Varginha. De[&#8230;]<\/p>\n","protected":false},"author":2,"featured_media":0,"comment_status":"open","ping_status":"open","sticky":false,"template":"","format":"standard","meta":[],"categories":[2],"tags":[33,154,217,242,263,266,861,1095,1132,1251],"_links":{"self":[{"href":"https:\/\/projetocineb.com.br\/index.php?rest_route=\/wp\/v2\/posts\/2539"}],"collection":[{"href":"https:\/\/projetocineb.com.br\/index.php?rest_route=\/wp\/v2\/posts"}],"about":[{"href":"https:\/\/projetocineb.com.br\/index.php?rest_route=\/wp\/v2\/types\/post"}],"author":[{"embeddable":true,"href":"https:\/\/projetocineb.com.br\/index.php?rest_route=\/wp\/v2\/users\/2"}],"replies":[{"embeddable":true,"href":"https:\/\/projetocineb.com.br\/index.php?rest_route=%2Fwp%2Fv2%2Fcomments&post=2539"}],"version-history":[{"count":0,"href":"https:\/\/projetocineb.com.br\/index.php?rest_route=\/wp\/v2\/posts\/2539\/revisions"}],"wp:attachment":[{"href":"https:\/\/projetocineb.com.br\/index.php?rest_route=%2Fwp%2Fv2%2Fmedia&parent=2539"}],"wp:term":[{"taxonomy":"category","embeddable":true,"href":"https:\/\/projetocineb.com.br\/index.php?rest_route=%2Fwp%2Fv2%2Fcategories&post=2539"},{"taxonomy":"post_tag","embeddable":true,"href":"https:\/\/projetocineb.com.br\/index.php?rest_route=%2Fwp%2Fv2%2Ftags&post=2539"}],"curies":[{"name":"wp","href":"https:\/\/api.w.org\/{rel}","templated":true}]}}