{"id":2557,"date":"2011-09-18T11:42:12","date_gmt":"2011-09-18T14:42:12","guid":{"rendered":"http:\/\/projetocineb.com.br\/?p=2557"},"modified":"2011-09-18T11:42:12","modified_gmt":"2011-09-18T14:42:12","slug":"vila-anastacio-2","status":"publish","type":"post","link":"https:\/\/projetocineb.com.br\/?p=2557","title":{"rendered":"VILA ANAST\u00c1CIO"},"content":{"rendered":"<p>E l\u00e1 fomos n\u00f3s pra nossa<span style=\"color: #ff6600;\"> segunda exibi\u00e7\u00e3o do CineB em Vila Anast\u00e1cio, no Sal\u00e3o da Igreja Santo Estev\u00e3o Rei<\/span>.<\/p>\n<figure id=\"attachment_2570\" aria-describedby=\"caption-attachment-2570\" style=\"width: 384px\" class=\"wp-caption aligncenter\"><a href=\"http:\/\/projetocineb.com.br\/wp-content\/uploads\/2011\/09\/DSC02502_01web.jpg\"><img fetchpriority=\"high\" decoding=\"async\" class=\"size-full wp-image-2570   \" title=\"CineB em Vila Anast\u00e1cio, na Igreja Santo Estev\u00e3o Rei\" src=\"http:\/\/projetocineb.com.br\/wp-content\/uploads\/2011\/09\/DSC02502_01web.jpg\" alt=\"CineB em Vila Anast\u00e1cio, na Igreja Santo Estev\u00e3o Rei\" width=\"384\" height=\"276\" \/><\/a><figcaption id=\"caption-attachment-2570\" class=\"wp-caption-text\">CineB em Vila Anast\u00e1cio, na Igreja Santo Estev\u00e3o Rei<\/figcaption><\/figure>\n<p><a href=\"http:\/\/projetocineb.com.br\/?p=369\" target=\"_blank\">Clique aqui para ler a mat\u00e9ria da \u00faltima exibi\u00e7\u00e3o.<\/a><\/p>\n<p>Neste CineB, realizado pelo Sindicato dos Banc\u00e1rios de S\u00e3o Paulo, Osasco e Regi\u00e3o e pela Brazucah Produ\u00e7\u00f5es, <span style=\"color: #ff6600;\">exibimos o curta metragem <em>A mula teimosa e o controle remoto<\/em>, de H\u00e9lio Villela Nunes<\/span>, que ali\u00e1s est\u00e1 divertindo e muito o nosso p\u00fablico.\u00a0J\u00e1 o <span style=\"color: #ff6600;\">longa metragem de Luiz Villa\u00e7a, <em>O contador de hist\u00f3rias<\/em><\/span>, como sempre emociona a todos com sua bela hist\u00f3ria de supera\u00e7\u00e3o.<\/p>\n<h2><span style=\"color: #008000;\">CINEMA \u00c9 UNI\u00c3O<\/span><\/h2>\n<figure id=\"attachment_2559\" aria-describedby=\"caption-attachment-2559\" style=\"width: 384px\" class=\"wp-caption aligncenter\"><a href=\"http:\/\/projetocineb.com.br\/wp-content\/uploads\/2011\/09\/DSC02442web.jpg\"><img decoding=\"async\" class=\"size-full wp-image-2559  \" title=\"\u201cAdorei a ideia porque re\u00fane a galera\u201d, diz a moradora de Vila Anast\u00e1cio (direita), Teresa Pereira dos Santos, que veio acompanhada de sua vizinha Luisa Maria Esposito\" src=\"http:\/\/projetocineb.com.br\/wp-content\/uploads\/2011\/09\/DSC02442web.jpg\" alt=\"\u201cAdorei a ideia porque re\u00fane a galera\u201d, diz a moradora de Vila Anast\u00e1cio (direita), Teresa Pereira dos Santos, que veio acompanhada de sua vizinha Luisa Maria Esposito\" width=\"384\" height=\"298\" \/><\/a><figcaption id=\"caption-attachment-2559\" class=\"wp-caption-text\">\u201cAdorei a ideia porque re\u00fane a galera\u201d, diz a moradora de Vila Anast\u00e1cio (direita), Teresa Pereira dos Santos, que veio acompanhada de sua vizinha Luisa Maria Esposito<\/figcaption><\/figure>\n<p>Logo no in\u00edcio da exibi\u00e7\u00e3o conversei com algumas moradoras veteranas de Vila Anast\u00e1cio. <span style=\"color: #ff6600;\">\u201cQuando era mo\u00e7a ia todo domingo nas matin\u00eas do Cine Santo Estev\u00e3o, que ficava aqui ao lado da igreja\u201d, revela a simp\u00e1tica senhora Mathilde Meyer. \u201cGostava muito de assistir ao seriado do Tarzan e os filmes do Mazzaropi. Uma pena que hoje n\u00e3o tem mais cinemas aqui no bairro\u201d, explica dona Mathilde.<\/span><\/p>\n<p>Este foi o primeiro CineB desta professora aposentada, mas ela n\u00e3o se sentiu insegura para divulgar a iniciativa.<span style=\"color: #ff6600;\"> \u201cQuando vi no Jornal da Lapa j\u00e1 fui mostrar para minhas irm\u00e3s e meus vizinhos\u201d, conta dona Mathilde. \u201cCinema no bairro \u00e9 bom, de gra\u00e7a ent\u00e3o, melhor ainda!\u201d<\/span>.<\/p>\n<figure id=\"attachment_2560\" aria-describedby=\"caption-attachment-2560\" style=\"width: 384px\" class=\"wp-caption aligncenter\"><a href=\"http:\/\/projetocineb.com.br\/wp-content\/uploads\/2011\/09\/DSC02446web.jpg\"><img decoding=\"async\" class=\"size-full wp-image-2560  \" title=\"Mathilde Meyer\" src=\"http:\/\/projetocineb.com.br\/wp-content\/uploads\/2011\/09\/DSC02446web.jpg\" alt=\"Mathilde Meyer\" width=\"384\" height=\"278\" \/><\/a><figcaption id=\"caption-attachment-2560\" class=\"wp-caption-text\">Mathilde Meyer<\/figcaption><\/figure>\n<p>Outro morador que ajudou a divulgar o CineB de Vila Anast\u00e1cio \u00e9 o comerciante Ferrez Nenitalla Haddede. Ele cola os cartazes do projeto na vitrine de sua loja. \u201cPrecisamos incentivar o cinema brasileiro\u201d, conta Ferrez. <span style=\"color: #ff6600;\"><strong>\u201cO governo precisa exigir que os cinemas passem mais filmes brasileiros. Isso faz bem pra na\u00e7\u00e3o, para nossa cultura\u201d, explica Ferrez muito sabiamente.<\/strong><\/span><\/p>\n<figure id=\"attachment_2561\" aria-describedby=\"caption-attachment-2561\" style=\"width: 384px\" class=\"wp-caption aligncenter\"><a href=\"http:\/\/projetocineb.com.br\/wp-content\/uploads\/2011\/09\/DSC02447web.jpg\"><img loading=\"lazy\" decoding=\"async\" class=\"size-full wp-image-2561  \" title=\"O comerciante de Vila Anast\u00e1cio, Ferrez, tamb\u00e9m conhecido como Ferrinho, parceiro do cinema brasileiro\" src=\"http:\/\/projetocineb.com.br\/wp-content\/uploads\/2011\/09\/DSC02447web.jpg\" alt=\"O comerciante de Vila Anast\u00e1cio, Ferrez, tamb\u00e9m conhecido como Ferrinho, parceiro do cinema brasileiro\" width=\"384\" height=\"358\" \/><\/a><figcaption id=\"caption-attachment-2561\" class=\"wp-caption-text\">O comerciante de Vila Anast\u00e1cio, Ferrez, tamb\u00e9m conhecido como Ferrinho, parceiro do cinema brasileiro<\/figcaption><\/figure>\n<p>Na abertura da exibi\u00e7\u00e3o, Padre Joaquim disse ter satisfa\u00e7\u00e3o em abrir a Igreja para o CineB. <span style=\"color: #ff6600;\">\u201cAl\u00e9m da import\u00e2ncia cultural, o cinema \u00e9 bom porque as pessoas assistem aos filmes juntas, n\u00e3o sozinhas em casa\u201d, explica o Padre.<\/span><\/p>\n<figure id=\"attachment_2566\" aria-describedby=\"caption-attachment-2566\" style=\"width: 384px\" class=\"wp-caption aligncenter\"><a href=\"http:\/\/projetocineb.com.br\/wp-content\/uploads\/2011\/09\/DSC02481_01web.jpg\"><img loading=\"lazy\" decoding=\"async\" class=\"size-full wp-image-2566  \" title=\"\u201cSe \u00e9 para o bem da comunidade, o espa\u00e7o sempre est\u00e1 dispon\u00edvel\u201d\" src=\"http:\/\/projetocineb.com.br\/wp-content\/uploads\/2011\/09\/DSC02481_01web.jpg\" alt=\"\u201cSe \u00e9 para o bem da comunidade, o espa\u00e7o sempre est\u00e1 dispon\u00edvel\u201d\" width=\"384\" height=\"340\" \/><\/a><figcaption id=\"caption-attachment-2566\" class=\"wp-caption-text\">\u201cSe \u00e9 para o bem da comunidade, o espa\u00e7o sempre est\u00e1 dispon\u00edvel\u201d, diz o Padre Joaquim, da Igreja Santo Estev\u00e3o Rei<\/figcaption><\/figure>\n<figure id=\"attachment_2567\" aria-describedby=\"caption-attachment-2567\" style=\"width: 384px\" class=\"wp-caption aligncenter\"><a href=\"http:\/\/projetocineb.com.br\/wp-content\/uploads\/2011\/09\/DSC02493_01web.jpg\"><img loading=\"lazy\" decoding=\"async\" class=\"size-full wp-image-2567  \" title=\"\u201cSair de casa, deixar de ver a novela e ir ao cinema j\u00e1 \u00e9 uma forma de se libertar\u201d, ressalta o assessor do deputado Luiz Cl\u00e1udio Marcolino, Adaucto Durigan.\" src=\"http:\/\/projetocineb.com.br\/wp-content\/uploads\/2011\/09\/DSC02493_01web.jpg\" alt=\"\u201cSair de casa, deixar de ver a novela e ir ao cinema j\u00e1 \u00e9 uma forma de se libertar\u201d, ressalta o assessor do deputado Luiz Cl\u00e1udio Marcolino, Adaucto Durigan.\" width=\"384\" height=\"288\" \/><\/a><figcaption id=\"caption-attachment-2567\" class=\"wp-caption-text\">\u201cSair de casa, deixar de ver a novela e ir ao cinema j\u00e1 \u00e9 uma forma de se libertar\u201d, ressalta o assessor do deputado Luiz Cl\u00e1udio Marcolino, Adaucto Durigan, na abertura do CineB. Na foto acompanhado do coordenador do projeto Cid\u00e1lio V. Santos, membra da Comiss\u00e3o Justi\u00e7a e Paz, Erm\u00ednia Alonso e o Padre Joaquim<\/figcaption><\/figure>\n<h2><span style=\"color: #008000;\">CLICKS<\/span><\/h2>\n<figure id=\"attachment_2565\" aria-describedby=\"caption-attachment-2565\" style=\"width: 384px\" class=\"wp-caption aligncenter\"><a href=\"http:\/\/projetocineb.com.br\/wp-content\/uploads\/2011\/09\/DSC02469_01web.jpg\"><img loading=\"lazy\" decoding=\"async\" class=\"size-full wp-image-2565  \" title=\"\u201cMuito v\u00e1lida essa iniciativa do Sindicato em promover os filmes brasileiros. N\u00e3o podemos ficar esperando apenas o governo tomar atitude\u201d, elogia o banc\u00e1rio Jos\u00e9 Costa, que veio acompanhado de Adaucto Durigan\" src=\"http:\/\/projetocineb.com.br\/wp-content\/uploads\/2011\/09\/DSC02469_01web.jpg\" alt=\"\u201cMuito v\u00e1lida essa iniciativa do Sindicato em promover os filmes brasileiros. N\u00e3o podemos ficar esperando apenas o governo tomar atitude\u201d, elogia o banc\u00e1rio Jos\u00e9 Costa, que veio acompanhado de Adaucto Durigan\" width=\"384\" height=\"345\" \/><\/a><figcaption id=\"caption-attachment-2565\" class=\"wp-caption-text\">\u201cMuito v\u00e1lida essa iniciativa do Sindicato em promover os filmes brasileiros. N\u00e3o podemos ficar esperando apenas o governo tomar atitude\u201d, elogia o banc\u00e1rio Jos\u00e9 Costa, que veio acompanhado de Adaucto Durigan<\/figcaption><\/figure>\n<figure id=\"attachment_2558\" aria-describedby=\"caption-attachment-2558\" style=\"width: 384px\" class=\"wp-caption aligncenter\"><a href=\"http:\/\/projetocineb.com.br\/wp-content\/uploads\/2011\/09\/DSC02512_01web.jpg\"><img loading=\"lazy\" decoding=\"async\" class=\"size-full wp-image-2558  \" title=\"Mais compradores do Selo CineB do Cinema Brasileiro. Os cinco curtas metragens deste primeiro DVD do Selo j\u00e1 est\u00e3o sendo assistidos cada vez por mais pessoas. Viva!\" src=\"http:\/\/projetocineb.com.br\/wp-content\/uploads\/2011\/09\/DSC02512_01web.jpg\" alt=\"Mais compradores do Selo CineB do Cinema Brasileiro. Os cinco curtas metragens deste primeiro DVD do Selo j\u00e1 est\u00e3o sendo assistidos cada vez por mais pessoas. Viva!\" width=\"384\" height=\"288\" \/><\/a><figcaption id=\"caption-attachment-2558\" class=\"wp-caption-text\">Mais compradores do Selo CineB do Cinema Brasileiro. Os cinco curtas metragens deste primeiro DVD do Selo j\u00e1 est\u00e3o sendo assistidos cada vez por mais pessoas. Viva!<\/figcaption><\/figure>\n<figure id=\"attachment_2563\" aria-describedby=\"caption-attachment-2563\" style=\"width: 384px\" class=\"wp-caption aligncenter\"><a href=\"http:\/\/projetocineb.com.br\/wp-content\/uploads\/2011\/09\/DSC02452web.jpg\"><img loading=\"lazy\" decoding=\"async\" class=\"size-full wp-image-2563  \" title=\"O espectador Wilson Vieira de Almeida ao lado de nossa assistente de produ\u00e7\u00e3o, Luciana Oliveira\" src=\"http:\/\/projetocineb.com.br\/wp-content\/uploads\/2011\/09\/DSC02452web.jpg\" alt=\"O espectador Wilson Vieira de Almeida ao lado de nossa assistente de produ\u00e7\u00e3o, Luciana Oliveira\" width=\"384\" height=\"318\" \/><\/a><figcaption id=\"caption-attachment-2563\" class=\"wp-caption-text\">O espectador Wilson Vieira de Almeida ao lado de nossa assistente de produ\u00e7\u00e3o, Luciana Oliveira<\/figcaption><\/figure>\n<figure id=\"attachment_2564\" aria-describedby=\"caption-attachment-2564\" style=\"width: 384px\" class=\"wp-caption aligncenter\"><a href=\"http:\/\/projetocineb.com.br\/wp-content\/uploads\/2011\/09\/DSC02463_01web.jpg\"><img loading=\"lazy\" decoding=\"async\" class=\"size-full wp-image-2564  \" title=\"Exibi\u00e7\u00e3o da reportatem da Record News sobre o CineB\" src=\"http:\/\/projetocineb.com.br\/wp-content\/uploads\/2011\/09\/DSC02463_01web.jpg\" alt=\"Exibi\u00e7\u00e3o da reportatem da Record News sobre o CineB\" width=\"384\" height=\"319\" \/><\/a><figcaption id=\"caption-attachment-2564\" class=\"wp-caption-text\">Exibi\u00e7\u00e3o da reportatem da Record News sobre o CineB<\/figcaption><\/figure>\n<figure id=\"attachment_2562\" aria-describedby=\"caption-attachment-2562\" style=\"width: 384px\" class=\"wp-caption aligncenter\"><a href=\"http:\/\/projetocineb.com.br\/wp-content\/uploads\/2011\/09\/DSC02449web.jpg\"><img loading=\"lazy\" decoding=\"async\" class=\"size-full wp-image-2562  \" title=\"\u201cInfelizmente, por aqui cinema s\u00f3 em shopping\u201d, diz a moradora Sandra Viana, que veio pela primeira vez ao CineB acompanhada de seu marido Delson Vaiz Ferreira e a filha Victoria Viana Ferreira de 7 anos\" src=\"http:\/\/projetocineb.com.br\/wp-content\/uploads\/2011\/09\/DSC02449web.jpg\" alt=\"\u201cInfelizmente, por aqui cinema s\u00f3 em shopping\u201d, diz a moradora Sandra Viana, que veio pela primeira vez ao CineB acompanhada de seu marido Delson Vaiz Ferreira e a filha Victoria Viana Ferreira de 7 anos\" width=\"384\" height=\"306\" \/><\/a><figcaption id=\"caption-attachment-2562\" class=\"wp-caption-text\">\u201cInfelizmente, por aqui cinema s\u00f3 em shopping\u201d, diz a moradora Sandra Viana, que veio pela primeira vez ao CineB acompanhada de seu marido Delson Vaiz Ferreira e a filha Victoria Viana Ferreira de 7 anos<\/figcaption><\/figure>\n<figure id=\"attachment_2571\" aria-describedby=\"caption-attachment-2571\" style=\"width: 384px\" class=\"wp-caption aligncenter\"><a href=\"http:\/\/projetocineb.com.br\/wp-content\/uploads\/2011\/09\/DSC02507_01web.jpg\"><img loading=\"lazy\" decoding=\"async\" class=\"size-full wp-image-2571  \" title=\"Os sortudos da exibi\u00e7\u00e3o em Vila Anast\u00e1cio que levaram para casa camisetas do CineB, agendas do Sindicato dos Banc\u00e1rios e sacolas com livro e caneca da exposi\u00e7\u00e3o Corpo Humano\" src=\"http:\/\/projetocineb.com.br\/wp-content\/uploads\/2011\/09\/DSC02507_01web.jpg\" alt=\"Os sortudos da exibi\u00e7\u00e3o em Vila Anast\u00e1cio que levaram para casa camisetas do CineB, agendas do Sindicato dos Banc\u00e1rios e sacolas com livro e caneca da exposi\u00e7\u00e3o Corpo Humano\" width=\"384\" height=\"288\" \/><\/a><figcaption id=\"caption-attachment-2571\" class=\"wp-caption-text\">Os sortudos da exibi\u00e7\u00e3o em Vila Anast\u00e1cio que levaram para casa camisetas do CineB, agendas do Sindicato dos Banc\u00e1rios e sacolas com livro e caneca da exposi\u00e7\u00e3o Corpo Humano<\/figcaption><\/figure>\n","protected":false},"excerpt":{"rendered":"<p>E l\u00e1 fomos n\u00f3s pra nossa segunda exibi\u00e7\u00e3o do CineB em Vila Anast\u00e1cio, no Sal\u00e3o da Igreja Santo Estev\u00e3o Rei.[&#8230;]<\/p>\n","protected":false},"author":2,"featured_media":0,"comment_status":"open","ping_status":"open","sticky":false,"template":"","format":"standard","meta":[],"categories":[2],"tags":[33,154,242,263,266,596,625,760,861,1132,1250],"_links":{"self":[{"href":"https:\/\/projetocineb.com.br\/index.php?rest_route=\/wp\/v2\/posts\/2557"}],"collection":[{"href":"https:\/\/projetocineb.com.br\/index.php?rest_route=\/wp\/v2\/posts"}],"about":[{"href":"https:\/\/projetocineb.com.br\/index.php?rest_route=\/wp\/v2\/types\/post"}],"author":[{"embeddable":true,"href":"https:\/\/projetocineb.com.br\/index.php?rest_route=\/wp\/v2\/users\/2"}],"replies":[{"embeddable":true,"href":"https:\/\/projetocineb.com.br\/index.php?rest_route=%2Fwp%2Fv2%2Fcomments&post=2557"}],"version-history":[{"count":0,"href":"https:\/\/projetocineb.com.br\/index.php?rest_route=\/wp\/v2\/posts\/2557\/revisions"}],"wp:attachment":[{"href":"https:\/\/projetocineb.com.br\/index.php?rest_route=%2Fwp%2Fv2%2Fmedia&parent=2557"}],"wp:term":[{"taxonomy":"category","embeddable":true,"href":"https:\/\/projetocineb.com.br\/index.php?rest_route=%2Fwp%2Fv2%2Fcategories&post=2557"},{"taxonomy":"post_tag","embeddable":true,"href":"https:\/\/projetocineb.com.br\/index.php?rest_route=%2Fwp%2Fv2%2Ftags&post=2557"}],"curies":[{"name":"wp","href":"https:\/\/api.w.org\/{rel}","templated":true}]}}