{"id":2577,"date":"2011-09-25T20:27:38","date_gmt":"2011-09-25T23:27:38","guid":{"rendered":"http:\/\/projetocineb.com.br\/?p=2577"},"modified":"2011-09-25T20:27:38","modified_gmt":"2011-09-25T23:27:38","slug":"cineb-no-parque","status":"publish","type":"post","link":"https:\/\/projetocineb.com.br\/?p=2577","title":{"rendered":"CINEB NO PARQUE"},"content":{"rendered":"<p>O CineB j\u00e1 exibiu filmes debaixo de ponte, em escolas e igrejas, na rua, em pra\u00e7as e parques p\u00fablicos. Esta semana exibiremos<em> O contador de hist\u00f3rias<\/em> de Luiz Villa\u00e7a, e o curta metragem <em>A mula teimosa e o controle remoto<\/em>, na zona leste de S\u00e3o Paulo, no Parque Vila Silvia.<\/p>\n<p>Voc\u00ea j\u00e1 pode retirar seus ingressos, e neste s\u00e1bado curtir uma pipoca quentinha e bons filmes brasileiros!<\/p>\n<figure id=\"attachment_2583\" aria-describedby=\"caption-attachment-2583\" style=\"width: 430px\" class=\"wp-caption aligncenter\"><a href=\"http:\/\/projetocineb.com.br\/wp-content\/uploads\/2011\/09\/panfleto_setembro-4.jpg\"><img fetchpriority=\"high\" decoding=\"async\" class=\"size-full wp-image-2583 \" title=\"Curta nossa p\u00e1gina no Facebook: www.facebook.com\/cinemabrasileiro\" src=\"http:\/\/projetocineb.com.br\/wp-content\/uploads\/2011\/09\/panfleto_setembro-4.jpg\" alt=\"Curta nossa p\u00e1gina no Facebook: www.facebook.com\/cinemabrasileiro\" width=\"430\" height=\"290\" \/><\/a><figcaption id=\"caption-attachment-2583\" class=\"wp-caption-text\">Curta nossa p\u00e1gina no Facebook: www.facebook.com\/cinemabrasileiro<\/figcaption><\/figure>\n<h2><span style=\"color: #008000;\">SERVI\u00c7O<\/span><\/h2>\n<p>DIA: <strong><span style=\"color: #ff6600;\">01, OUTUBRO, S\u00c1BADO, 19h<\/span><\/strong><\/p>\n<p>LOCAL: <strong><span style=\"color: #ff6600;\">PARQUE MUNICIPAL VILA SILVIA<\/span><\/strong><\/p>\n<p>ENDERE\u00c7O: <span style=\"color: #ff6600;\"><strong>Rua Carlos Barbosa,365 \u2013 Vla Silvia, zona leste<\/strong><\/span><\/p>\n<p>Ponto de refer\u00eancia: Rua Olho d\u00b4\u00c1gua do Borges<\/p>\n<p><span style=\"color: #ff6600;\"><strong>R<\/strong><\/span><span style=\"color: #ff6600;\"><strong>ETIRADA DE INGRESSOS: no pr\u00f3prio Parque, com Alcides<\/strong><\/span> (assistente administrativo do parque)<\/p>\n<p>Telefone: <span style=\"color: #ff6600;\"><strong>11 2545-4944<\/strong><\/span><\/p>\n<p>Espa\u00e7o com capacidade para 300 pessoas<\/p>\n","protected":false},"excerpt":{"rendered":"<p>O CineB j\u00e1 exibiu filmes debaixo de ponte, em escolas e igrejas, na rua, em pra\u00e7as e parques p\u00fablicos. Esta[&#8230;]<\/p>\n","protected":false},"author":2,"featured_media":0,"comment_status":"open","ping_status":"open","sticky":false,"template":"","format":"standard","meta":[],"categories":[10],"tags":[],"_links":{"self":[{"href":"https:\/\/projetocineb.com.br\/index.php?rest_route=\/wp\/v2\/posts\/2577"}],"collection":[{"href":"https:\/\/projetocineb.com.br\/index.php?rest_route=\/wp\/v2\/posts"}],"about":[{"href":"https:\/\/projetocineb.com.br\/index.php?rest_route=\/wp\/v2\/types\/post"}],"author":[{"embeddable":true,"href":"https:\/\/projetocineb.com.br\/index.php?rest_route=\/wp\/v2\/users\/2"}],"replies":[{"embeddable":true,"href":"https:\/\/projetocineb.com.br\/index.php?rest_route=%2Fwp%2Fv2%2Fcomments&post=2577"}],"version-history":[{"count":0,"href":"https:\/\/projetocineb.com.br\/index.php?rest_route=\/wp\/v2\/posts\/2577\/revisions"}],"wp:attachment":[{"href":"https:\/\/projetocineb.com.br\/index.php?rest_route=%2Fwp%2Fv2%2Fmedia&parent=2577"}],"wp:term":[{"taxonomy":"category","embeddable":true,"href":"https:\/\/projetocineb.com.br\/index.php?rest_route=%2Fwp%2Fv2%2Fcategories&post=2577"},{"taxonomy":"post_tag","embeddable":true,"href":"https:\/\/projetocineb.com.br\/index.php?rest_route=%2Fwp%2Fv2%2Ftags&post=2577"}],"curies":[{"name":"wp","href":"https:\/\/api.w.org\/{rel}","templated":true}]}}