{"id":2587,"date":"2011-09-29T23:52:49","date_gmt":"2011-09-30T02:52:49","guid":{"rendered":"http:\/\/projetocineb.com.br\/?p=2587"},"modified":"2011-09-29T23:52:49","modified_gmt":"2011-09-30T02:52:49","slug":"cineb-lanca-dvd-de-curtas-metragens","status":"publish","type":"post","link":"https:\/\/projetocineb.com.br\/?p=2587","title":{"rendered":"CINEB LAN\u00c7A DVD DE CURTAS METRAGENS"},"content":{"rendered":"<figure id=\"attachment_2588\" aria-describedby=\"caption-attachment-2588\" style=\"width: 341px\" class=\"wp-caption aligncenter\"><a href=\"http:\/\/projetocineb.com.br\/wp-content\/uploads\/2011\/09\/DVD-CINEB-FRENTEvfinalOK.jpg\"><img fetchpriority=\"high\" decoding=\"async\" class=\"size-full wp-image-2588    \" title=\"O primeiro DVD da colet\u00e2nea Selo CineB do Cinema Brasileiro traz cinco curtas metragens que fizeram sucesso nas exibi\u00e7\u00f5es do projeto\" src=\"http:\/\/projetocineb.com.br\/wp-content\/uploads\/2011\/09\/DVD-CINEB-FRENTEvfinalOK.jpg\" alt=\"O primeiro DVD da colet\u00e2nea Selo CineB do Cinema Brasileiro traz cinco curtas metragens que fizeram sucesso nas exibi\u00e7\u00f5es do projeto\" width=\"341\" height=\"334\" \/><\/a><figcaption id=\"caption-attachment-2588\" class=\"wp-caption-text\">O primeiro DVD da colet\u00e2nea Selo CineB do Cinema Brasileiro traz cinco curtas metragens que fizeram sucesso nas exibi\u00e7\u00f5es do projeto<\/figcaption><\/figure>\n<p><span style=\"color: #ff6600;\">\u201cParticularmente gosto dos curtas, e no Cine B sempre exibimos um curta e um longa-metragem para que as pessoas vejam os curtas, que s\u00e3o t\u00e3o pouco assistidos\u201d, conta a presidenta do Sindicato dos Banc\u00e1rios de S\u00e3o Paulo, Osasco e Regi\u00e3o, Juvandia Moreira.<\/span><\/p>\n<p>Para que mais pessoas assistam esse formato de filme, durante o Segundo Pr\u00eamio Cine B, foi lan\u00e7ado o Selo Cine B do Cinema Brasileiro.<\/p>\n<p>\u201cCom os curtas mais bem avaliados pelo p\u00fablico do Cine B nas pesquisas, montamos um primeiro disco que ser\u00e1 vendido depois das exibi\u00e7\u00f5es\u201d, explica Cynthia Alario, diretora da Brazucah Produ\u00e7\u00f5es. <span style=\"color: #ff6600;\">\u201cSempre as comunidades pedem uma c\u00f3pia, mas n\u00e3o podemos copiar sem os direitos autorais. Ent\u00e3o lan\u00e7amos este Selo, que ser\u00e1 vendido a pre\u00e7o popular\u201d, ressalta Cynthia.<\/span><\/p>\n<p><span style=\"color: #ff6600;\"><strong>O DVD custa 5 reais e \u00e9 vendido ap\u00f3s as exibi\u00e7\u00f5es do projeto. Cada diretor selecionado recebe 1 real por unidade vendida.<\/strong><\/span><\/p>\n<figure id=\"attachment_2626\" aria-describedby=\"caption-attachment-2626\" style=\"width: 384px\" class=\"wp-caption aligncenter\"><a href=\"http:\/\/projetocineb.com.br\/wp-content\/uploads\/2011\/09\/MAU_1192cy-ci.jpg\"><img decoding=\"async\" class=\"size-full wp-image-2626  \" title=\"A diretora da Brazucah Produ\u00e7\u00f5es, Cynthia Alario, e o coordenador do CineB, Cid\u00e1lio Vieira Santos \" src=\"http:\/\/projetocineb.com.br\/wp-content\/uploads\/2011\/09\/MAU_1192cy-ci.jpg\" alt=\"A diretora da Brazucah Produ\u00e7\u00f5es, Cynthia Alario, e o coordenador do CineB, Cid\u00e1lio Vieira Santos \" width=\"384\" height=\"255\" \/><\/a><figcaption id=\"caption-attachment-2626\" class=\"wp-caption-text\">A diretora da Brazucah Produ\u00e7\u00f5es, Cynthia Alario, e o coordenador do CineB, Cid\u00e1lio Vieira Santos <\/figcaption><\/figure>\n<p><span style=\"color: #ff6600;\">\u201cA gente faz filmes para as pessoas assistirem, e no Brasil a distribui\u00e7\u00e3o \u00e9 o mais dif\u00edcil no cinema\u201d, diz o diretor H\u00e9lio Villela Nunes. \u201cEnt\u00e3o \u00e9 legal que o Selo Cine B vai aproximar nossos filmes das pessoas\u201d, comenta o diretor de <em>A mula teimosa e o controle remoto, <\/em>filme que est\u00e1 neste primeiro disco.<\/span><\/p>\n<h2><span style=\"color: #008000;\">SINOPSE<\/span><\/h2>\n<p>Confira abaixo uma breve sinopse sobre os filmes deste DVD.<\/p>\n<p><em><span style=\"color: #ff6600;\"><strong>Vida Maria<\/strong><\/span><\/em>, de M\u00e1rcio Ramos (9min &#8211; anima\u00e7\u00e3o): Maria Jos\u00e9 precisa deixar os estudos para trabalhar. O tempo passa sua rotina de vida para a filha Lurdes, que continua a vida no sert\u00e3o.<\/p>\n<p><em><span style=\"color: #ff6600;\"><strong>Historietas mal-assombradas<\/strong><\/span><\/em>, de Victor-Hugo Borges (15min &#8211; anima\u00e7\u00e3o): Tr\u00eas hist\u00f3rias que sua av\u00f3 n\u00e3o contou, sen\u00e3o voc\u00ea faria xixi na cama.<\/p>\n<p><em><span style=\"color: #ff6600;\"><strong>O troco<\/strong><\/span><\/em>, de Andr\u00e9 Rolim (11min &#8211; com\u00e9dia): Uma atendente de telemarketing tenta convencer um casal a adquirir mais um produto de sua empresa&#8230;<\/p>\n<p><em><span style=\"color: #ff6600;\"><strong>O Xadrez das cores<\/strong><\/span><\/em>, de Marco Schiavon (22min &#8211; drama):\u00a0Cida \u00e9 uma mulher negra que vai trabalhar para Maria, uma branca racista. Mas o xadrez pode mudar a vida delas.<\/p>\n<p><em><span style=\"color: #ff6600;\"><strong>A mula teimosa e o controle remoto<\/strong><\/span><\/em>, de H\u00e9lio Villela Nunes (15min &#8211; aventura):\u00a0A hist\u00f3ria de uma amizade num duelo sem palavras.<\/p>\n<figure id=\"attachment_2622\" aria-describedby=\"caption-attachment-2622\" style=\"width: 383px\" class=\"wp-caption aligncenter\"><a href=\"http:\/\/projetocineb.com.br\/wp-content\/uploads\/2011\/09\/DVD-CINEB-TRASvfinalOK.jpg\"><img decoding=\"async\" class=\"size-full wp-image-2622    \" title=\"Curtiu? Divulgue para seus amigos!\" src=\"http:\/\/projetocineb.com.br\/wp-content\/uploads\/2011\/09\/DVD-CINEB-TRASvfinalOK.jpg\" alt=\"Curtiu? Divulgue para seus amigos!\" width=\"383\" height=\"376\" \/><\/a><figcaption id=\"caption-attachment-2622\" class=\"wp-caption-text\">Curtiu? Divulgue para seus amigos!<\/figcaption><\/figure>\n","protected":false},"excerpt":{"rendered":"<p>\u201cParticularmente gosto dos curtas, e no Cine B sempre exibimos um curta e um longa-metragem para que as pessoas vejam[&#8230;]<\/p>\n","protected":false},"author":2,"featured_media":0,"comment_status":"open","ping_status":"open","sticky":false,"template":"","format":"standard","meta":[],"categories":[7],"tags":[98,154,263,349,352,353,1132],"_links":{"self":[{"href":"https:\/\/projetocineb.com.br\/index.php?rest_route=\/wp\/v2\/posts\/2587"}],"collection":[{"href":"https:\/\/projetocineb.com.br\/index.php?rest_route=\/wp\/v2\/posts"}],"about":[{"href":"https:\/\/projetocineb.com.br\/index.php?rest_route=\/wp\/v2\/types\/post"}],"author":[{"embeddable":true,"href":"https:\/\/projetocineb.com.br\/index.php?rest_route=\/wp\/v2\/users\/2"}],"replies":[{"embeddable":true,"href":"https:\/\/projetocineb.com.br\/index.php?rest_route=%2Fwp%2Fv2%2Fcomments&post=2587"}],"version-history":[{"count":0,"href":"https:\/\/projetocineb.com.br\/index.php?rest_route=\/wp\/v2\/posts\/2587\/revisions"}],"wp:attachment":[{"href":"https:\/\/projetocineb.com.br\/index.php?rest_route=%2Fwp%2Fv2%2Fmedia&parent=2587"}],"wp:term":[{"taxonomy":"category","embeddable":true,"href":"https:\/\/projetocineb.com.br\/index.php?rest_route=%2Fwp%2Fv2%2Fcategories&post=2587"},{"taxonomy":"post_tag","embeddable":true,"href":"https:\/\/projetocineb.com.br\/index.php?rest_route=%2Fwp%2Fv2%2Ftags&post=2587"}],"curies":[{"name":"wp","href":"https:\/\/api.w.org\/{rel}","templated":true}]}}