{"id":26302,"date":"2025-03-12T09:50:24","date_gmt":"2025-03-12T12:50:24","guid":{"rendered":"https:\/\/projetocineb.com.br\/?p=26302"},"modified":"2025-06-21T14:32:05","modified_gmt":"2025-06-21T17:32:05","slug":"cineb-retorna-ao-parque-novo-mundo-com-sessao-especial-na-quadra-da-comunidade","status":"publish","type":"post","link":"https:\/\/projetocineb.com.br\/?p=26302","title":{"rendered":"CineB retorna ao Parque Novo Mundo com sess\u00e3o especial na quadra da&nbsp;<br>comunidade"},"content":{"rendered":"\n<p>Texto: Cid\u00e1lio Vieira Santos&nbsp;&nbsp;<br>Fotos: Lucas Rosendo<\/p>\n\n\n\n<p><\/p>\n\n\n\n<figure class=\"wp-block-image size-large\"><img fetchpriority=\"high\" decoding=\"async\" width=\"1024\" height=\"683\" src=\"https:\/\/projetocineb.com.br\/wp-content\/uploads\/2025\/03\/CINEB-00117-1024x683.jpg\" alt=\"\" class=\"wp-image-26303\" srcset=\"https:\/\/projetocineb.com.br\/wp-content\/uploads\/2025\/03\/CINEB-00117-1024x683.jpg 1024w, https:\/\/projetocineb.com.br\/wp-content\/uploads\/2025\/03\/CINEB-00117-300x200.jpg 300w, https:\/\/projetocineb.com.br\/wp-content\/uploads\/2025\/03\/CINEB-00117-768x512.jpg 768w, https:\/\/projetocineb.com.br\/wp-content\/uploads\/2025\/03\/CINEB-00117-1536x1024.jpg 1536w, https:\/\/projetocineb.com.br\/wp-content\/uploads\/2025\/03\/CINEB-00117-2048x1365.jpg 2048w, https:\/\/projetocineb.com.br\/wp-content\/uploads\/2025\/03\/CINEB-00117-840x560.jpg 840w, https:\/\/projetocineb.com.br\/wp-content\/uploads\/2025\/03\/CINEB-00117-120x80.jpg 120w, https:\/\/projetocineb.com.br\/wp-content\/uploads\/2025\/03\/CINEB-00117-360x240.jpg 360w, https:\/\/projetocineb.com.br\/wp-content\/uploads\/2025\/03\/CINEB-00117-600x400.jpg 600w\" sizes=\"(max-width: 1024px) 100vw, 1024px\" \/><figcaption class=\"wp-element-caption\">Sess\u00e3o na Quadra Esportiva<\/figcaption><\/figure>\n\n\n\n<p class=\"has-text-align-center\">Na \u00faltima sess\u00e3o do CineB, o cinema itinerante voltou ao Parque Novo Mundo para<br>mais uma exibi\u00e7\u00e3o gratuita, levando cultura e entretenimento \u00e0 comunidade. O evento<br>aconteceu na quadra esportiva da Associa\u00e7\u00e3o dos Moradores, com uma recep\u00e7\u00e3o<br>calorosa da presidenta Maeli Santos Urbano.<\/p>\n\n\n\n<figure class=\"wp-block-image size-large\"><img decoding=\"async\" width=\"1024\" height=\"683\" src=\"https:\/\/projetocineb.com.br\/wp-content\/uploads\/2025\/03\/CINEB-00064-1024x683.jpg\" alt=\"\" class=\"wp-image-26304\" srcset=\"https:\/\/projetocineb.com.br\/wp-content\/uploads\/2025\/03\/CINEB-00064-1024x683.jpg 1024w, https:\/\/projetocineb.com.br\/wp-content\/uploads\/2025\/03\/CINEB-00064-300x200.jpg 300w, https:\/\/projetocineb.com.br\/wp-content\/uploads\/2025\/03\/CINEB-00064-768x512.jpg 768w, https:\/\/projetocineb.com.br\/wp-content\/uploads\/2025\/03\/CINEB-00064-1536x1024.jpg 1536w, https:\/\/projetocineb.com.br\/wp-content\/uploads\/2025\/03\/CINEB-00064-2048x1365.jpg 2048w, https:\/\/projetocineb.com.br\/wp-content\/uploads\/2025\/03\/CINEB-00064-840x560.jpg 840w, https:\/\/projetocineb.com.br\/wp-content\/uploads\/2025\/03\/CINEB-00064-120x80.jpg 120w, https:\/\/projetocineb.com.br\/wp-content\/uploads\/2025\/03\/CINEB-00064-360x240.jpg 360w, https:\/\/projetocineb.com.br\/wp-content\/uploads\/2025\/03\/CINEB-00064-600x400.jpg 600w\" sizes=\"(max-width: 1024px) 100vw, 1024px\" \/><figcaption class=\"wp-element-caption\">Crian\u00e7ada chegando e j\u00e1 pegando a pipoca quentinha<\/figcaption><\/figure>\n\n\n\n<p class=\"has-text-align-center\">A estrutura foi cuidadosamente montada: 100 cadeiras forradas com capas, um tapete<br>vermelho no centro, um tel\u00e3o estrategicamente posicionado e, na portaria da quadra,<br>um painel luminoso destacava o filme do m\u00eas, chamando ainda mais a aten\u00e7\u00e3o do<br>p\u00fablico. Antes mesmo da sess\u00e3o come\u00e7ar, uma longa fila de moradores j\u00e1 se formava<br>do lado de fora, ansiosos para assistir ao filme &#8220;Teca e Tuti: Uma Noite na Biblioteca&#8221;<br>e, claro, saborear a tradicional pipoca gratuita.<\/p>\n\n\n\n<figure class=\"wp-block-image size-large\"><img decoding=\"async\" width=\"1024\" height=\"683\" src=\"https:\/\/projetocineb.com.br\/wp-content\/uploads\/2025\/03\/CINEB-00049-1024x683.jpg\" alt=\"\" class=\"wp-image-26305\" srcset=\"https:\/\/projetocineb.com.br\/wp-content\/uploads\/2025\/03\/CINEB-00049-1024x683.jpg 1024w, https:\/\/projetocineb.com.br\/wp-content\/uploads\/2025\/03\/CINEB-00049-300x200.jpg 300w, https:\/\/projetocineb.com.br\/wp-content\/uploads\/2025\/03\/CINEB-00049-768x512.jpg 768w, https:\/\/projetocineb.com.br\/wp-content\/uploads\/2025\/03\/CINEB-00049-1536x1024.jpg 1536w, https:\/\/projetocineb.com.br\/wp-content\/uploads\/2025\/03\/CINEB-00049-2048x1365.jpg 2048w, https:\/\/projetocineb.com.br\/wp-content\/uploads\/2025\/03\/CINEB-00049-840x560.jpg 840w, https:\/\/projetocineb.com.br\/wp-content\/uploads\/2025\/03\/CINEB-00049-120x80.jpg 120w, https:\/\/projetocineb.com.br\/wp-content\/uploads\/2025\/03\/CINEB-00049-360x240.jpg 360w, https:\/\/projetocineb.com.br\/wp-content\/uploads\/2025\/03\/CINEB-00049-600x400.jpg 600w\" sizes=\"(max-width: 1024px) 100vw, 1024px\" \/><figcaption class=\"wp-element-caption\">Todos na fila aguardando momento para entrar<\/figcaption><\/figure>\n\n\n\n<p class=\"has-text-align-center\">O p\u00fablico superou as expectativas! As 100 cadeiras n\u00e3o foram suficientes, e muitas<br>crian\u00e7as e adultos se acomodaram no ch\u00e3o da quadra, mostrando o quanto a<br>comunidade abra\u00e7ou o evento.<\/p>\n\n\n\n<figure class=\"wp-block-image size-large\"><img loading=\"lazy\" decoding=\"async\" width=\"1024\" height=\"683\" src=\"https:\/\/projetocineb.com.br\/wp-content\/uploads\/2025\/03\/CINEB-00129-1024x683.jpg\" alt=\"\" class=\"wp-image-26306\" srcset=\"https:\/\/projetocineb.com.br\/wp-content\/uploads\/2025\/03\/CINEB-00129-1024x683.jpg 1024w, https:\/\/projetocineb.com.br\/wp-content\/uploads\/2025\/03\/CINEB-00129-300x200.jpg 300w, https:\/\/projetocineb.com.br\/wp-content\/uploads\/2025\/03\/CINEB-00129-768x512.jpg 768w, https:\/\/projetocineb.com.br\/wp-content\/uploads\/2025\/03\/CINEB-00129-1536x1024.jpg 1536w, https:\/\/projetocineb.com.br\/wp-content\/uploads\/2025\/03\/CINEB-00129-2048x1365.jpg 2048w, https:\/\/projetocineb.com.br\/wp-content\/uploads\/2025\/03\/CINEB-00129-840x560.jpg 840w, https:\/\/projetocineb.com.br\/wp-content\/uploads\/2025\/03\/CINEB-00129-120x80.jpg 120w, https:\/\/projetocineb.com.br\/wp-content\/uploads\/2025\/03\/CINEB-00129-360x240.jpg 360w, https:\/\/projetocineb.com.br\/wp-content\/uploads\/2025\/03\/CINEB-00129-600x400.jpg 600w\" sizes=\"(max-width: 1024px) 100vw, 1024px\" \/><figcaption class=\"wp-element-caption\">Todos se divertindo com o curta metragem<\/figcaption><\/figure>\n\n\n\n<p class=\"has-text-align-center\">A abertura contou com a presen\u00e7a da equipe da associa\u00e7\u00e3o e do assessor do deputado<br>estadual Luiz Cl\u00e1udio Marcolino, um dos idealizadores do projeto. Segundo Maeli, a<br>sess\u00e3o foi um grande sucesso e, desta vez, teve um diferencial: mais pais participaram<br>com seus filhos, tornando a experi\u00eancia ainda mais especial.<\/p>\n\n\n\n<figure class=\"wp-block-image size-large\"><img loading=\"lazy\" decoding=\"async\" width=\"1024\" height=\"683\" src=\"https:\/\/projetocineb.com.br\/wp-content\/uploads\/2025\/03\/CINEB-00090-1024x683.jpg\" alt=\"\" class=\"wp-image-26307\" srcset=\"https:\/\/projetocineb.com.br\/wp-content\/uploads\/2025\/03\/CINEB-00090-1024x683.jpg 1024w, https:\/\/projetocineb.com.br\/wp-content\/uploads\/2025\/03\/CINEB-00090-300x200.jpg 300w, https:\/\/projetocineb.com.br\/wp-content\/uploads\/2025\/03\/CINEB-00090-768x512.jpg 768w, https:\/\/projetocineb.com.br\/wp-content\/uploads\/2025\/03\/CINEB-00090-1536x1024.jpg 1536w, https:\/\/projetocineb.com.br\/wp-content\/uploads\/2025\/03\/CINEB-00090-2048x1365.jpg 2048w, https:\/\/projetocineb.com.br\/wp-content\/uploads\/2025\/03\/CINEB-00090-840x560.jpg 840w, https:\/\/projetocineb.com.br\/wp-content\/uploads\/2025\/03\/CINEB-00090-120x80.jpg 120w, https:\/\/projetocineb.com.br\/wp-content\/uploads\/2025\/03\/CINEB-00090-360x240.jpg 360w, https:\/\/projetocineb.com.br\/wp-content\/uploads\/2025\/03\/CINEB-00090-600x400.jpg 600w\" sizes=\"(max-width: 1024px) 100vw, 1024px\" \/><figcaption class=\"wp-element-caption\">Abertura do evento, com Maeli Santos Urbano (presidenta da associa\u00e7\u00e3o), M\u00e1rio L\u00facio<br>Jos\u00e9 de Oliveira (vice-presidente), Luiz Silva (assessor do deputado Luiz Cl\u00e1udio<br>Marcolino) e Cid\u00e1lio Vieira Santos (coordenador do Projeto CineB))<\/figcaption><\/figure>\n\n\n\n<p class=\"has-text-align-center\">Al\u00e9m da presidenta da associa\u00e7\u00e3o, Maeli Santos Urbano, tamb\u00e9m marcaram presen\u00e7a<br>M\u00e1rio L\u00facio Jos\u00e9 de Oliveira, vice-presidente, e Regiane Carvalho, secret\u00e1ria da<br>associa\u00e7\u00e3o.<\/p>\n\n\n\n<figure class=\"wp-block-image size-large\"><img loading=\"lazy\" decoding=\"async\" width=\"1024\" height=\"683\" src=\"https:\/\/projetocineb.com.br\/wp-content\/uploads\/2025\/03\/CINEB-00174-1024x683.jpg\" alt=\"\" class=\"wp-image-26308\" srcset=\"https:\/\/projetocineb.com.br\/wp-content\/uploads\/2025\/03\/CINEB-00174-1024x683.jpg 1024w, https:\/\/projetocineb.com.br\/wp-content\/uploads\/2025\/03\/CINEB-00174-300x200.jpg 300w, https:\/\/projetocineb.com.br\/wp-content\/uploads\/2025\/03\/CINEB-00174-768x512.jpg 768w, https:\/\/projetocineb.com.br\/wp-content\/uploads\/2025\/03\/CINEB-00174-1536x1024.jpg 1536w, https:\/\/projetocineb.com.br\/wp-content\/uploads\/2025\/03\/CINEB-00174-2048x1365.jpg 2048w, https:\/\/projetocineb.com.br\/wp-content\/uploads\/2025\/03\/CINEB-00174-840x560.jpg 840w, https:\/\/projetocineb.com.br\/wp-content\/uploads\/2025\/03\/CINEB-00174-120x80.jpg 120w, https:\/\/projetocineb.com.br\/wp-content\/uploads\/2025\/03\/CINEB-00174-360x240.jpg 360w, https:\/\/projetocineb.com.br\/wp-content\/uploads\/2025\/03\/CINEB-00174-600x400.jpg 600w\" sizes=\"(max-width: 1024px) 100vw, 1024px\" \/><figcaption class=\"wp-element-caption\">M\u00e1rio L\u00facio,Maeli e Regiane<\/figcaption><\/figure>\n\n\n\n<p class=\"has-text-align-center\">Antes da exibi\u00e7\u00e3o do filme, o p\u00fablico foi surpreendido com um depoimento exclusivo<br>do diretor Tiago Mal, enviado em v\u00eddeo e exibido na tela.<\/p>\n\n\n\n<figure class=\"wp-block-image size-large\"><img loading=\"lazy\" decoding=\"async\" width=\"1024\" height=\"529\" src=\"https:\/\/projetocineb.com.br\/wp-content\/uploads\/2025\/03\/Captura-de-Tela-2025-03-12-as-09.46.32-1024x529.png\" alt=\"\" class=\"wp-image-26309\" srcset=\"https:\/\/projetocineb.com.br\/wp-content\/uploads\/2025\/03\/Captura-de-Tela-2025-03-12-as-09.46.32-1024x529.png 1024w, https:\/\/projetocineb.com.br\/wp-content\/uploads\/2025\/03\/Captura-de-Tela-2025-03-12-as-09.46.32-300x155.png 300w, https:\/\/projetocineb.com.br\/wp-content\/uploads\/2025\/03\/Captura-de-Tela-2025-03-12-as-09.46.32-768x397.png 768w, https:\/\/projetocineb.com.br\/wp-content\/uploads\/2025\/03\/Captura-de-Tela-2025-03-12-as-09.46.32-1536x793.png 1536w, https:\/\/projetocineb.com.br\/wp-content\/uploads\/2025\/03\/Captura-de-Tela-2025-03-12-as-09.46.32.png 1890w\" sizes=\"(max-width: 1024px) 100vw, 1024px\" \/><figcaption class=\"wp-element-caption\">Diretor do Filme<\/figcaption><\/figure>\n\n\n\n<p class=\"has-text-align-center\">Durante a sess\u00e3o, crian\u00e7as e adultos acompanharam atentos a hist\u00f3ria de Teca e Tuti,<br>vibrando com as aventuras dos personagens. O CineB tamb\u00e9m aproveitou a<br>oportunidade para gravar cenas in\u00e9ditas da vinheta oficial de 2025, trazendo<br>novidades para o p\u00fablico do projeto.<\/p>\n\n\n\n<figure class=\"wp-block-image size-large\"><img loading=\"lazy\" decoding=\"async\" width=\"1024\" height=\"683\" src=\"https:\/\/projetocineb.com.br\/wp-content\/uploads\/2025\/03\/CINEB-00158-1024x683.jpg\" alt=\"\" class=\"wp-image-26310\" srcset=\"https:\/\/projetocineb.com.br\/wp-content\/uploads\/2025\/03\/CINEB-00158-1024x683.jpg 1024w, https:\/\/projetocineb.com.br\/wp-content\/uploads\/2025\/03\/CINEB-00158-300x200.jpg 300w, https:\/\/projetocineb.com.br\/wp-content\/uploads\/2025\/03\/CINEB-00158-768x512.jpg 768w, https:\/\/projetocineb.com.br\/wp-content\/uploads\/2025\/03\/CINEB-00158-1536x1024.jpg 1536w, https:\/\/projetocineb.com.br\/wp-content\/uploads\/2025\/03\/CINEB-00158-2048x1365.jpg 2048w, https:\/\/projetocineb.com.br\/wp-content\/uploads\/2025\/03\/CINEB-00158-840x560.jpg 840w, https:\/\/projetocineb.com.br\/wp-content\/uploads\/2025\/03\/CINEB-00158-120x80.jpg 120w, https:\/\/projetocineb.com.br\/wp-content\/uploads\/2025\/03\/CINEB-00158-360x240.jpg 360w, https:\/\/projetocineb.com.br\/wp-content\/uploads\/2025\/03\/CINEB-00158-600x400.jpg 600w\" sizes=\"(max-width: 1024px) 100vw, 1024px\" \/><figcaption class=\"wp-element-caption\">P\u00fablico assistindo ao filme<\/figcaption><\/figure>\n\n\n\n<p class=\"has-text-align-center\"><strong>N\u00daMEROS<\/strong><br>Desde 2007, o projeto j\u00e1 atingiu um p\u00fablico de&nbsp;<strong>92mil<\/strong> espectadores em mais<br>de<strong>&nbsp;740&nbsp;<\/strong>sess\u00f5es gratuitas realizadas em comunidades e universidades de S\u00e3o Paulo.<br>Percorremos cerca de&nbsp;<strong>300<\/strong> bairros&nbsp;da cidade de S\u00e3o Paulo&nbsp; e&nbsp;<strong>23<\/strong> cidades&nbsp;fora de S\u00e3o<br>Paulo. Ao longo destes <strong>18<\/strong> anos criamos o&nbsp;<strong>Selo CineB<\/strong>&nbsp;do cinema brasileiro , com&nbsp;<strong>4<\/strong><br>DVDs&nbsp;que cont\u00e9m no total <strong>18<\/strong> curtas&nbsp; mais bem avaliados pelo projeto. No&nbsp;Pr\u00eamio<\/p>\n\n\n\n<p class=\"has-text-align-center\">CineB do Cinema Brasileiro&nbsp;premiamos com trof\u00e9u&nbsp;<strong>&nbsp;217<\/strong>&nbsp; entidades&nbsp;e&nbsp;<strong>156<\/strong> diretores<br>dos filmes&nbsp;exibidos. A iniciativa busca democratizar o acesso ao cinema nacional e<br>divulgar os filmes produzidos no Brasil. J\u00e1 foram exibidos na tela do CINEB<br><strong>&nbsp;172&nbsp;<\/strong>&nbsp;longas-metragens e&nbsp;<strong>125<\/strong>&nbsp;curtas-metragens; al\u00e9m da realiza\u00e7\u00e3o de pr\u00e9-estreias<br>exclusivas. Em <strong>2020 <\/strong>no momento de isolamento, para evitar aglomera\u00e7\u00f5es, nos<br>reinventamos e preparamos novos projetos: <strong>CineB on-line, CineB na Janela e CineB<br>Autorama<\/strong>, a\u00e7\u00f5es para que todos possam ficar em casa e se divertir com uma sess\u00e3o de<br>cinema.<\/p>\n\n\n\n<p class=\"has-text-align-center\">E falando em cinema, recentemente acompanhamos a grande premia\u00e7\u00e3o do Oscar<br>2025, que trouxe uma vit\u00f3ria hist\u00f3rica para o Brasil! O filme Ainda Estou Aqui, dirigido<br>por Walter Salles, conquistou a estatueta, reafirmando a for\u00e7a do cinema nacional no<br>cen\u00e1rio mundial. O CineB celebra essa conquista e segue comprometido em levar o<br>melhor do cinema brasileiro \u00e0s comunidades, democratizando o acesso \u00e0 cultura e<br>incentivando o amor pela s\u00e9tima arte.<br>Para relembrar esse momento especial, produzimos uma arte especial do CineB com a<br>estatueta do Oscar!<\/p>\n\n\n<div class=\"wp-block-image\">\n<figure class=\"aligncenter size-full\"><img loading=\"lazy\" decoding=\"async\" width=\"450\" height=\"340\" src=\"https:\/\/projetocineb.com.br\/wp-content\/uploads\/2025\/03\/logo.jpg\" alt=\"\" class=\"wp-image-26311\" srcset=\"https:\/\/projetocineb.com.br\/wp-content\/uploads\/2025\/03\/logo.jpg 450w, https:\/\/projetocineb.com.br\/wp-content\/uploads\/2025\/03\/logo-300x227.jpg 300w\" sizes=\"(max-width: 450px) 100vw, 450px\" \/><\/figure><\/div>","protected":false},"excerpt":{"rendered":"<p>Texto: Cid\u00e1lio Vieira Santos&nbsp;&nbsp;Fotos: Lucas Rosendo Na \u00faltima sess\u00e3o do CineB, o cinema itinerante voltou ao Parque Novo Mundo paramais[&#8230;]<\/p>\n","protected":false},"author":4,"featured_media":26303,"comment_status":"open","ping_status":"open","sticky":false,"template":"","format":"standard","meta":[],"categories":[2,6,7],"tags":[],"_links":{"self":[{"href":"https:\/\/projetocineb.com.br\/index.php?rest_route=\/wp\/v2\/posts\/26302"}],"collection":[{"href":"https:\/\/projetocineb.com.br\/index.php?rest_route=\/wp\/v2\/posts"}],"about":[{"href":"https:\/\/projetocineb.com.br\/index.php?rest_route=\/wp\/v2\/types\/post"}],"author":[{"embeddable":true,"href":"https:\/\/projetocineb.com.br\/index.php?rest_route=\/wp\/v2\/users\/4"}],"replies":[{"embeddable":true,"href":"https:\/\/projetocineb.com.br\/index.php?rest_route=%2Fwp%2Fv2%2Fcomments&post=26302"}],"version-history":[{"count":2,"href":"https:\/\/projetocineb.com.br\/index.php?rest_route=\/wp\/v2\/posts\/26302\/revisions"}],"predecessor-version":[{"id":26313,"href":"https:\/\/projetocineb.com.br\/index.php?rest_route=\/wp\/v2\/posts\/26302\/revisions\/26313"}],"wp:featuredmedia":[{"embeddable":true,"href":"https:\/\/projetocineb.com.br\/index.php?rest_route=\/wp\/v2\/media\/26303"}],"wp:attachment":[{"href":"https:\/\/projetocineb.com.br\/index.php?rest_route=%2Fwp%2Fv2%2Fmedia&parent=26302"}],"wp:term":[{"taxonomy":"category","embeddable":true,"href":"https:\/\/projetocineb.com.br\/index.php?rest_route=%2Fwp%2Fv2%2Fcategories&post=26302"},{"taxonomy":"post_tag","embeddable":true,"href":"https:\/\/projetocineb.com.br\/index.php?rest_route=%2Fwp%2Fv2%2Ftags&post=26302"}],"curies":[{"name":"wp","href":"https:\/\/api.w.org\/{rel}","templated":true}]}}