{"id":26315,"date":"2025-03-12T12:55:39","date_gmt":"2025-03-12T15:55:39","guid":{"rendered":"https:\/\/projetocineb.com.br\/?p=26315"},"modified":"2025-06-21T14:31:52","modified_gmt":"2025-06-21T17:31:52","slug":"comunidade-caritas-sao-francisco-de-assis-tata-loreta-recebe-o-cineb-pela-segunda-vez-e-entra-no-clima-do-oscar","status":"publish","type":"post","link":"https:\/\/projetocineb.com.br\/?p=26315","title":{"rendered":"<strong>Comunidade C\u00e1ritas S\u00e3o Francisco de Assis \u2013 Tata Loreta recebe o CineB pela segunda vez e entra no clima do Oscar<\/strong>"},"content":{"rendered":"\n<p>\ud83d\udcf8 Fotos e v\u00eddeos: Lucas Rosendo |&nbsp;\u270d\ufe0f Texto: Cid\u00e1lio Vieira<\/p>\n\n\n\n<figure class=\"wp-block-image size-full\"><img decoding=\"async\" src=\"http:\/\/projetocineb.com.br\/wp-content\/uploads\/2025\/03\/IMG_4482.mov\" alt=\"\" class=\"wp-image-26316\"\/><\/figure>\n\n\n\n<p>Na \u00faltima quinta-feira (27), por volta das 16h30, a equipe do CineB chegou \u00e0 Comunidade C\u00e1ritas S\u00e3o Francisco de Assis \u2013 Tata Loreta, em Jandira, para realizar mais uma sess\u00e3o gratuita de cinema brasileiro. A chuva que ca\u00eda no momento n\u00e3o desanimou a produ\u00e7\u00e3o, que logo come\u00e7ou a transformar o espa\u00e7o coberto da comunidade em uma verdadeira sala de cinema.<\/p>\n\n\n\n<p>Desta vez, a sess\u00e3o foi realizada no p\u00e1tio da entidade, um espa\u00e7o mais amplo para acomodar o p\u00fablico. A primeira exibi\u00e7\u00e3o do CineB na C\u00e1ritas S\u00e3o Francisco havia acontecido na entrada da entidade<\/p>\n\n\n\n<p>A abertura do evento contou com a presen\u00e7a de F\u00e1bio Betera, vereador respons\u00e1vel por indicar a entidade para receber o projeto; Anair, coordenadora da C\u00e1ritas S\u00e3o Francisco; Cid\u00e1lio Vieira, coordenador do CineB; Fl\u00e1vio, representando o deputado estadual Luiz Cl\u00e1udio Marcolino; e Alexandre, presidente do PT de Jandira. A presen\u00e7a das lideran\u00e7as refor\u00e7ou a import\u00e2ncia do cinema itinerante como ferramenta de democratiza\u00e7\u00e3o cultural e inclus\u00e3o social.<\/p>\n\n\n\n<figure class=\"wp-block-image size-large is-resized\"><img fetchpriority=\"high\" decoding=\"async\" src=\"https:\/\/projetocineb.com.br\/wp-content\/uploads\/2025\/03\/CINEB-00332-1024x683.jpg\" alt=\"\" class=\"wp-image-26317\" width=\"867\" height=\"578\" srcset=\"https:\/\/projetocineb.com.br\/wp-content\/uploads\/2025\/03\/CINEB-00332-1024x683.jpg 1024w, https:\/\/projetocineb.com.br\/wp-content\/uploads\/2025\/03\/CINEB-00332-300x200.jpg 300w, https:\/\/projetocineb.com.br\/wp-content\/uploads\/2025\/03\/CINEB-00332-768x512.jpg 768w, https:\/\/projetocineb.com.br\/wp-content\/uploads\/2025\/03\/CINEB-00332-1536x1024.jpg 1536w, https:\/\/projetocineb.com.br\/wp-content\/uploads\/2025\/03\/CINEB-00332-2048x1365.jpg 2048w, https:\/\/projetocineb.com.br\/wp-content\/uploads\/2025\/03\/CINEB-00332-840x560.jpg 840w, https:\/\/projetocineb.com.br\/wp-content\/uploads\/2025\/03\/CINEB-00332-120x80.jpg 120w, https:\/\/projetocineb.com.br\/wp-content\/uploads\/2025\/03\/CINEB-00332-360x240.jpg 360w, https:\/\/projetocineb.com.br\/wp-content\/uploads\/2025\/03\/CINEB-00332-600x400.jpg 600w\" sizes=\"(max-width: 867px) 100vw, 867px\" \/><figcaption class=\"wp-element-caption\"><br><\/figcaption><\/figure>\n\n\n\n<p>Cerca de 130 pessoas prestigiaram a exibi\u00e7\u00e3o, entre elas muitas crian\u00e7as acompanhadas pelos pais. O p\u00fablico assistiu ao filme Teca e Tuti, uma anima\u00e7\u00e3o nacional que aborda temas como amizade, respeito \u00e0s diferen\u00e7as e preserva\u00e7\u00e3o ambiental.<\/p>\n\n\n\n<figure class=\"wp-block-image size-large\"><img decoding=\"async\" width=\"683\" height=\"1024\" src=\"http:\/\/projetocineb.com.br\/wp-content\/uploads\/2025\/03\/CINEB-00359-683x1024.jpg\" alt=\"\" class=\"wp-image-26318\" srcset=\"https:\/\/projetocineb.com.br\/wp-content\/uploads\/2025\/03\/CINEB-00359-683x1024.jpg 683w, https:\/\/projetocineb.com.br\/wp-content\/uploads\/2025\/03\/CINEB-00359-200x300.jpg 200w, https:\/\/projetocineb.com.br\/wp-content\/uploads\/2025\/03\/CINEB-00359-768x1152.jpg 768w, https:\/\/projetocineb.com.br\/wp-content\/uploads\/2025\/03\/CINEB-00359-1024x1536.jpg 1024w, https:\/\/projetocineb.com.br\/wp-content\/uploads\/2025\/03\/CINEB-00359-1366x2048.jpg 1366w, https:\/\/projetocineb.com.br\/wp-content\/uploads\/2025\/03\/CINEB-00359.jpg 1667w\" sizes=\"(max-width: 683px) 100vw, 683px\" \/><\/figure>\n\n\n\n<p>Antes da exibi\u00e7\u00e3o, um momento especial emocionou a todos: um v\u00eddeo exclusivo do diretor Tiago Mal, enviado especialmente para a sess\u00e3o, foi projetado no tel\u00e3o. No depoimento, o cineasta compartilhou a import\u00e2ncia do filme e da experi\u00eancia de lev\u00e1-lo \u00e0s comunidades, aproximando ainda mais o p\u00fablico da produ\u00e7\u00e3o nacional.<\/p>\n\n\n\n<figure class=\"wp-block-image size-large\"><img decoding=\"async\" width=\"1024\" height=\"576\" src=\"https:\/\/projetocineb.com.br\/wp-content\/uploads\/2025\/03\/CINEB-00339-1024x576.jpg\" alt=\"\" class=\"wp-image-26319\" srcset=\"https:\/\/projetocineb.com.br\/wp-content\/uploads\/2025\/03\/CINEB-00339-1024x576.jpg 1024w, https:\/\/projetocineb.com.br\/wp-content\/uploads\/2025\/03\/CINEB-00339-300x169.jpg 300w, https:\/\/projetocineb.com.br\/wp-content\/uploads\/2025\/03\/CINEB-00339-768x432.jpg 768w, https:\/\/projetocineb.com.br\/wp-content\/uploads\/2025\/03\/CINEB-00339-1536x864.jpg 1536w, https:\/\/projetocineb.com.br\/wp-content\/uploads\/2025\/03\/CINEB-00339-2048x1152.jpg 2048w\" sizes=\"(max-width: 1024px) 100vw, 1024px\" \/><\/figure>\n\n\n\n<p>A Associa\u00e7\u00e3o C\u00e1ritas S\u00e3o Francisco \u00e9 uma ONG fundada em 1983 por membros da comunidade de Santa Ana da Par\u00f3quia S\u00e3o Francisco de&nbsp; , juntamente com o padre Jo\u00e3o Carlos Pacchin. Inicialmente, surgiu da necessidade das fam\u00edlias por um espa\u00e7o de acolhimento para suas crian\u00e7as. Em 1988, a C\u00e1ritas se consolidou como uma institui\u00e7\u00e3o formal, ampliando sua estrutura e atua\u00e7\u00e3o. Atualmente, atende crian\u00e7as de 2 a 5 anos em per\u00edodo integral e de 6 a 14 anos no contraturno escolar. Al\u00e9m disso, desenvolve projetos voltados para jovens e adultos, incluindo cursos profissionalizantes e o programa Jovem Aprendiz, que atende adolescentes de 14 a 18 anos, preparando-os para o mercado de trabalho.<\/p>\n\n\n\n<p>&#8220;Trazer o projeto CineB para a nossa entidade foi uma experi\u00eancia enriquecedora para as crian\u00e7as e adolescentes. O acesso \u00e0 cultura e ao cinema fortalece o desenvolvimento social e amplia horizontes, proporcionando momentos de aprendizado e lazer.&#8221; \u2013 Anair Pereira Barbosa, coordenadora da C\u00e1ritas S\u00e3o Francisco.<\/p>\n\n\n\n<p>Anair esteve presente na Unidade Tata Loreta, onde acompanhou de perto a realiza\u00e7\u00e3o desse evento, que refor\u00e7a o compromisso da C\u00e1ritas com a oferta de experi\u00eancias significativas para a comunidade. A entidade segue seus valores fundamentais de amor e solidariedade, seguindo o exemplo de S\u00e3o Francisco.<\/p>\n\n\n\n<p>Al\u00e9m da exibi\u00e7\u00e3o, o evento contou com uma a\u00e7\u00e3o especial: um v\u00eddeo a\u00e9reo foi produzido com a equipe e o p\u00fablico segurando estatuetas do Oscar, celebrando a proximidade da maior premia\u00e7\u00e3o do cinema mundial. A iniciativa simbolizou a valoriza\u00e7\u00e3o do cinema brasileiro e sua conex\u00e3o com o cen\u00e1rio cinematogr\u00e1fico internacional.<\/p>\n\n\n\n<figure class=\"wp-block-image size-large\"><img loading=\"lazy\" decoding=\"async\" width=\"1024\" height=\"683\" src=\"https:\/\/projetocineb.com.br\/wp-content\/uploads\/2025\/03\/CINEB-00425-1024x683.jpg\" alt=\"\" class=\"wp-image-26320\" srcset=\"https:\/\/projetocineb.com.br\/wp-content\/uploads\/2025\/03\/CINEB-00425-1024x683.jpg 1024w, https:\/\/projetocineb.com.br\/wp-content\/uploads\/2025\/03\/CINEB-00425-300x200.jpg 300w, https:\/\/projetocineb.com.br\/wp-content\/uploads\/2025\/03\/CINEB-00425-768x512.jpg 768w, https:\/\/projetocineb.com.br\/wp-content\/uploads\/2025\/03\/CINEB-00425-1536x1024.jpg 1536w, https:\/\/projetocineb.com.br\/wp-content\/uploads\/2025\/03\/CINEB-00425-2048x1365.jpg 2048w, https:\/\/projetocineb.com.br\/wp-content\/uploads\/2025\/03\/CINEB-00425-840x560.jpg 840w, https:\/\/projetocineb.com.br\/wp-content\/uploads\/2025\/03\/CINEB-00425-120x80.jpg 120w, https:\/\/projetocineb.com.br\/wp-content\/uploads\/2025\/03\/CINEB-00425-360x240.jpg 360w, https:\/\/projetocineb.com.br\/wp-content\/uploads\/2025\/03\/CINEB-00425-600x400.jpg 600w\" sizes=\"(max-width: 1024px) 100vw, 1024px\" \/><\/figure>\n\n\n\n<p>Outro destaque foi o servi\u00e7o de pipoca, que, desta vez, teve o apoio da pr\u00f3pria C\u00e1ritas S\u00e3o Francisco. Como nosso pipoqueiro oficial, Sr. Ant\u00f4nio, estava de licen\u00e7a m\u00e9dica, levamos os ingredientes \u2013 milho, sal, \u00f3leo \u2013 e as caixinhas de pipoca personalizadas do projeto. Um grupo de volunt\u00e1rios da comunidade preparou as pipocas na cozinha da entidade, garantindo que todos pudessem desfrutar da experi\u00eancia completa de um dia de cinema.<\/p>\n\n\n\n<p>Ao final da exibi\u00e7\u00e3o, a alegria se multiplicou com o sorteio de camisetas do CineB e a entrega de livros, incentivando ainda mais o contato das crian\u00e7as com a cultura e a leitura.<\/p>\n\n\n\n<figure class=\"wp-block-image size-large\"><img loading=\"lazy\" decoding=\"async\" width=\"1024\" height=\"683\" src=\"https:\/\/projetocineb.com.br\/wp-content\/uploads\/2025\/03\/CINEB-00392-1024x683.jpg\" alt=\"\" class=\"wp-image-26321\" srcset=\"https:\/\/projetocineb.com.br\/wp-content\/uploads\/2025\/03\/CINEB-00392-1024x683.jpg 1024w, https:\/\/projetocineb.com.br\/wp-content\/uploads\/2025\/03\/CINEB-00392-300x200.jpg 300w, https:\/\/projetocineb.com.br\/wp-content\/uploads\/2025\/03\/CINEB-00392-768x512.jpg 768w, https:\/\/projetocineb.com.br\/wp-content\/uploads\/2025\/03\/CINEB-00392-1536x1024.jpg 1536w, https:\/\/projetocineb.com.br\/wp-content\/uploads\/2025\/03\/CINEB-00392-2048x1365.jpg 2048w, https:\/\/projetocineb.com.br\/wp-content\/uploads\/2025\/03\/CINEB-00392-840x560.jpg 840w, https:\/\/projetocineb.com.br\/wp-content\/uploads\/2025\/03\/CINEB-00392-120x80.jpg 120w, https:\/\/projetocineb.com.br\/wp-content\/uploads\/2025\/03\/CINEB-00392-360x240.jpg 360w, https:\/\/projetocineb.com.br\/wp-content\/uploads\/2025\/03\/CINEB-00392-600x400.jpg 600w\" sizes=\"(max-width: 1024px) 100vw, 1024px\" \/><\/figure>\n\n\n\n<p>A segunda passagem do CineB pela C\u00e1ritas S\u00e3o Francisco de Assis \u2013 Tata Loreta reafirma a import\u00e2ncia do cinema itinerante e do acesso gratuito a produ\u00e7\u00f5es nacionais de qualidade. A iniciativa fortalece o v\u00ednculo com a comunidade e refor\u00e7a o papel do cinema como ferramenta de transforma\u00e7\u00e3o social.<\/p>\n\n\n\n<p>N\u00daMEROS DO CINEB<\/p>\n\n\n\n<p>Desde 2007, o projeto j\u00e1 atingiu um p\u00fablico de 92 mil espectadores em mais de 740 sess\u00f5es gratuitas realizadas em comunidades e universidades de S\u00e3o Paulo. Percorremos cerca de 300 bairros da capital e 23 cidades no interior e Grande S\u00e3o Paulo.<\/p>\n\n\n\n<p>Ao longo destes 18 anos, criamos o Selo CineB do Cinema Brasileiro, com 4 DVDs que re\u00fanem 18 curtas-metragens mais bem avaliados pelo projeto. No Pr\u00eamio CineB do Cinema Brasileiro, premiamos com trof\u00e9us 217 entidades e 156 diretores de filmes exibidos.<\/p>\n\n\n\n<p>A iniciativa busca democratizar o acesso ao cinema nacional e divulgar os filmes produzidos no Brasil. J\u00e1 exibimos 172 longas-metragens e 125 curtas-metragens, al\u00e9m da realiza\u00e7\u00e3o de pr\u00e9-estreias exclusivas.<\/p>\n\n\n\n<p>Em 2020, durante o per\u00edodo de isolamento social, o CineB se reinventou com novos projetos: CineB On-line, CineB na Janela e CineB Autorama, a\u00e7\u00f5es que levaram o cinema at\u00e9 o p\u00fablico de maneira segura, refor\u00e7ando o compromisso do projeto com a cultura e a democratiza\u00e7\u00e3o do acesso ao cinema brasileiro.<\/p>\n\n\n\n<figure class=\"wp-block-image size-full\"><img loading=\"lazy\" decoding=\"async\" width=\"450\" height=\"340\" src=\"http:\/\/projetocineb.com.br\/wp-content\/uploads\/2025\/03\/logo.jpg\" alt=\"\" class=\"wp-image-26311\" srcset=\"https:\/\/projetocineb.com.br\/wp-content\/uploads\/2025\/03\/logo.jpg 450w, https:\/\/projetocineb.com.br\/wp-content\/uploads\/2025\/03\/logo-300x227.jpg 300w\" sizes=\"(max-width: 450px) 100vw, 450px\" \/><\/figure>\n","protected":false},"excerpt":{"rendered":"<p>\ud83d\udcf8 Fotos e v\u00eddeos: Lucas Rosendo |&nbsp;\u270d\ufe0f Texto: Cid\u00e1lio Vieira Na \u00faltima quinta-feira (27), por volta das 16h30, a equipe[&#8230;]<\/p>\n","protected":false},"author":4,"featured_media":26320,"comment_status":"open","ping_status":"open","sticky":false,"template":"","format":"standard","meta":[],"categories":[2,6,7],"tags":[],"_links":{"self":[{"href":"https:\/\/projetocineb.com.br\/index.php?rest_route=\/wp\/v2\/posts\/26315"}],"collection":[{"href":"https:\/\/projetocineb.com.br\/index.php?rest_route=\/wp\/v2\/posts"}],"about":[{"href":"https:\/\/projetocineb.com.br\/index.php?rest_route=\/wp\/v2\/types\/post"}],"author":[{"embeddable":true,"href":"https:\/\/projetocineb.com.br\/index.php?rest_route=\/wp\/v2\/users\/4"}],"replies":[{"embeddable":true,"href":"https:\/\/projetocineb.com.br\/index.php?rest_route=%2Fwp%2Fv2%2Fcomments&post=26315"}],"version-history":[{"count":2,"href":"https:\/\/projetocineb.com.br\/index.php?rest_route=\/wp\/v2\/posts\/26315\/revisions"}],"predecessor-version":[{"id":26323,"href":"https:\/\/projetocineb.com.br\/index.php?rest_route=\/wp\/v2\/posts\/26315\/revisions\/26323"}],"wp:featuredmedia":[{"embeddable":true,"href":"https:\/\/projetocineb.com.br\/index.php?rest_route=\/wp\/v2\/media\/26320"}],"wp:attachment":[{"href":"https:\/\/projetocineb.com.br\/index.php?rest_route=%2Fwp%2Fv2%2Fmedia&parent=26315"}],"wp:term":[{"taxonomy":"category","embeddable":true,"href":"https:\/\/projetocineb.com.br\/index.php?rest_route=%2Fwp%2Fv2%2Fcategories&post=26315"},{"taxonomy":"post_tag","embeddable":true,"href":"https:\/\/projetocineb.com.br\/index.php?rest_route=%2Fwp%2Fv2%2Ftags&post=26315"}],"curies":[{"name":"wp","href":"https:\/\/api.w.org\/{rel}","templated":true}]}}