{"id":2664,"date":"2011-10-11T10:34:25","date_gmt":"2011-10-11T13:34:25","guid":{"rendered":"http:\/\/projetocineb.com.br\/?p=2664"},"modified":"2011-10-11T10:34:25","modified_gmt":"2011-10-11T13:34:25","slug":"cineb-nas-universidades","status":"publish","type":"post","link":"https:\/\/projetocineb.com.br\/?p=2664","title":{"rendered":"CINEB NAS UNIVERSIDADES"},"content":{"rendered":"<p>A equipe do CineB sempre quer levar o cinema pra mais e mais lugares. <span style=\"color: #ff6600;\">D<\/span><span style=\"color: #ff6600;\">esde 2007, o projeto j\u00e1 fez exibi\u00e7\u00f5es debaixo de ponte, em pra\u00e7as e parques p\u00fablicos, ruas, escolas, igrejas e associa\u00e7\u00f5es de bairro. E o espa\u00e7o universit\u00e1rio, ber\u00e7o de cidad\u00e3os que constroem esse Brasil pra melhor, n\u00e3o pode ficar de fora, certo?<\/span><\/p>\n<figure id=\"attachment_2665\" aria-describedby=\"caption-attachment-2665\" style=\"width: 340px\" class=\"wp-caption aligncenter\"><a href=\"http:\/\/projetocineb.com.br\/wp-content\/uploads\/2011\/10\/cartaz_UNIVERSIDADE2web.jpg\"><img fetchpriority=\"high\" decoding=\"async\" class=\"size-full wp-image-2665 \" title=\"Mesmo quem n\u00e3o \u00e9 universit\u00e1rio e mora perto deste local de exibi\u00e7\u00e3o, pode participar!\" src=\"http:\/\/projetocineb.com.br\/wp-content\/uploads\/2011\/10\/cartaz_UNIVERSIDADE2web.jpg\" alt=\"Mesmo quem n\u00e3o \u00e9 universit\u00e1rio e mora perto deste local de exibi\u00e7\u00e3o, pode participar!\" width=\"340\" height=\"480\" \/><\/a><figcaption id=\"caption-attachment-2665\" class=\"wp-caption-text\">Mesmo quem n\u00e3o \u00e9 universit\u00e1rio e mora perto deste local de exibi\u00e7\u00e3o pode participar!<\/figcaption><\/figure>\n<p>Ent\u00e3o marque a\u00ed em sua agenda, que vale a pena conferir esta sele\u00e7\u00e3o de curtas metragens feita pela Brazucah Produ\u00e7\u00f5es especialmente aos universit\u00e1rios!<\/p>\n<blockquote><p><span style=\"color: #ff6600;\"><strong>Dilvulgue para seus amigos, n\u00e3o perca!<\/strong><\/span><\/p><\/blockquote>\n<p>Ah! E tamb\u00e9m d\u00ea um <a href=\"http:\/\/www.facebook.com\/cinemabrasileiro\" target=\"_blank\">curtir<\/a> em <span style=\"color: #ff6600;\">nossa p\u00e1gina do Facebook<\/span> e fique sabendo das pr\u00f3ximas sess\u00f5es: <a href=\"www.facebook.com\/cinemabrasileiro\" target=\"_blank\">www.facebook.com\/cinemabrasileiro<\/a><\/p>\n","protected":false},"excerpt":{"rendered":"<p>A equipe do CineB sempre quer levar o cinema pra mais e mais lugares. Desde 2007, o projeto j\u00e1 fez[&#8230;]<\/p>\n","protected":false},"author":2,"featured_media":0,"comment_status":"open","ping_status":"open","sticky":false,"template":"","format":"standard","meta":[],"categories":[7],"tags":[33,154,263,266,286,347,351,509,644,874,1071,1132,1214],"_links":{"self":[{"href":"https:\/\/projetocineb.com.br\/index.php?rest_route=\/wp\/v2\/posts\/2664"}],"collection":[{"href":"https:\/\/projetocineb.com.br\/index.php?rest_route=\/wp\/v2\/posts"}],"about":[{"href":"https:\/\/projetocineb.com.br\/index.php?rest_route=\/wp\/v2\/types\/post"}],"author":[{"embeddable":true,"href":"https:\/\/projetocineb.com.br\/index.php?rest_route=\/wp\/v2\/users\/2"}],"replies":[{"embeddable":true,"href":"https:\/\/projetocineb.com.br\/index.php?rest_route=%2Fwp%2Fv2%2Fcomments&post=2664"}],"version-history":[{"count":0,"href":"https:\/\/projetocineb.com.br\/index.php?rest_route=\/wp\/v2\/posts\/2664\/revisions"}],"wp:attachment":[{"href":"https:\/\/projetocineb.com.br\/index.php?rest_route=%2Fwp%2Fv2%2Fmedia&parent=2664"}],"wp:term":[{"taxonomy":"category","embeddable":true,"href":"https:\/\/projetocineb.com.br\/index.php?rest_route=%2Fwp%2Fv2%2Fcategories&post=2664"},{"taxonomy":"post_tag","embeddable":true,"href":"https:\/\/projetocineb.com.br\/index.php?rest_route=%2Fwp%2Fv2%2Ftags&post=2664"}],"curies":[{"name":"wp","href":"https:\/\/api.w.org\/{rel}","templated":true}]}}