{"id":2682,"date":"2011-10-16T20:00:59","date_gmt":"2011-10-16T22:00:59","guid":{"rendered":"http:\/\/projetocineb.com.br\/?p=2682"},"modified":"2011-10-16T20:00:59","modified_gmt":"2011-10-16T22:00:59","slug":"programacao-de-outubro","status":"publish","type":"post","link":"https:\/\/projetocineb.com.br\/?p=2682","title":{"rendered":"PROGRAMA\u00c7\u00c3O DE OUTUBRO"},"content":{"rendered":"<div id=\"_mcePaste\">\n<p class=\"MsoNormal\">Vai um curtinha a\u00ed? <span style=\"color: #ff6600;\">Os curtas mais votados pelo p\u00fablico nos 4 anos de projeto est\u00e3o em cartaz no CineB. As sess\u00f5es marcam o lan\u00e7amento oficial do <strong>Selo CineB do Cinema Brasileiro<\/strong>. E o que \u00e9 o Selo CineB?<\/span><\/p>\n<p class=\"MsoNormal\"><span style=\"color: #ff6600;\">\u201c\u00c9 uma colet\u00e2nea de curtas metragens brasileiros. Montamos um primeiro disco, com 5 curtas, que ser\u00e1 vendido depois das exibi\u00e7\u00f5es\u201d, diz a diretora da Brazucah Produ\u00e7\u00f5es, Cynthia Alario. \u201cO pre\u00e7o (R$5) \u00e9 menor que um DVD pirata e o dinheiro vai para os diretores dos curtas\u201d, ressalta.<\/span><\/p>\n<p class=\"MsoNormal\">Cada diretor selecionado recebe 1 real por unidade vendida. <span style=\"color: #ff6600;\">O Selo CineB \u00e9 subsidiado pelo Sindicato dos Banc\u00e1rios de S\u00e3o Paulo, Osasco e Regi\u00e3o.<\/span><\/p>\n<p class=\"MsoNormal\">\n<figure id=\"attachment_2693\" aria-describedby=\"caption-attachment-2693\" style=\"width: 341px\" class=\"wp-caption aligncenter\"><a href=\"http:\/\/projetocineb.com.br\/wp-content\/uploads\/2011\/10\/DVD-CINEB-TRASvfinalOK.jpg\"><img fetchpriority=\"high\" decoding=\"async\" class=\"size-full wp-image-2693    \" title=\"Os curtas metragens que o p\u00fablico mais gostou\" src=\"http:\/\/projetocineb.com.br\/wp-content\/uploads\/2011\/10\/DVD-CINEB-TRASvfinalOK.jpg\" alt=\"Os curtas metragens que o p\u00fablico mais gostou\" width=\"341\" height=\"334\" \/><\/a><figcaption id=\"caption-attachment-2693\" class=\"wp-caption-text\">Os curtas metragens que o p\u00fablico mais gostou<\/figcaption><\/figure>\n<p class=\"MsoNormal\"><span style=\"color: #ff6600;\">\u201cSe o longa brasileiro n\u00e3o tem espa\u00e7o nos cinemas, imagine os curtas\u201d<\/span><span style=\"color: #ff6600;\">, diz a presidenta do Sindicato dos Banc\u00e1rios, Juvandia Moreira.<\/span> \u201cE s\u00e3o filmes que as comunidades geralmente adoram\u201d.<\/p>\n<p class=\"MsoNormal\">&#8220;Toda sess\u00e3o algu\u00e9m pede uma c\u00f3pia do filme, mas sem autoriza\u00e7\u00e3o n\u00e3o podemos copiar e infelizmente n\u00e3o se encontram curtas para alugar ou comprar\u201d, explica o coordenador do CineB, Cid\u00e1lio Vieira Santos.<\/p>\n<p><span style=\"font-size: 11.0pt; line-height: 115%; font-family: &amp;amp;amp; mso-ascii-theme-font: minor-latin; mso-fareast-font-family: Calibri; mso-fareast-theme-font: minor-latin; mso-hansi-theme-font: minor-latin; mso-bidi-font-family: &amp;amp;amp; mso-bidi-theme-font: minor-bidi; mso-ansi-language: PT-BR; mso-fareast-language: EN-US; mso-bidi-language: AR-SA;\">\u201cFazemos filmes para as pessoas assistirem. Atrav\u00e9s do CineB nossos filmes est\u00e3o chegando nas pessoas\u201d, diz H\u00e9lio Villela Nunes, diretor do curta-metragem A mula teimosa e o controle remoto que est\u00e1 neste primeiro disco do Selo.<\/span><\/p>\n<\/div>\n<div>\n<figure id=\"attachment_2659\" aria-describedby=\"caption-attachment-2659\" style=\"width: 341px\" class=\"wp-caption aligncenter\"><a href=\"http:\/\/projetocineb.com.br\/wp-content\/uploads\/2011\/08\/DVD-CINEB-FRENTEvfinalOK.jpg\"><img decoding=\"async\" class=\"size-full wp-image-2659    \" title=\"Os cinco curtas-metragens que ser\u00e3o exibidos fazem parte do primeiro Selo CineB\" src=\"http:\/\/projetocineb.com.br\/wp-content\/uploads\/2011\/08\/DVD-CINEB-FRENTEvfinalOK.jpg\" alt=\"Os cinco curtas-metragens que ser\u00e3o exibidos fazem parte do primeiro Selo CineB\" width=\"341\" height=\"334\" \/><\/a><figcaption id=\"caption-attachment-2659\" class=\"wp-caption-text\">Os cinco curtas-metragens que ser\u00e3o exibidos fazem parte do primeiro Selo CineB<\/figcaption><\/figure>\n<\/div>\n<blockquote>\n<div id=\"_mcePaste\"><span style=\"color: #ff6600;\"><strong>Esses 5 filmes de curta dura\u00e7\u00e3o ser\u00e3o exibidos na Lapa, em Carapicu\u00edba, Jardim Apuan\u00e3 e Cohab Raposo Tavares. Confira!<\/strong><\/span><\/div>\n<\/blockquote>\n<div><span style=\"color: #333333; line-height: normal;\"><\/p>\n<h2><span style=\"color: #008000;\">SERVI\u00c7O<\/span><\/h2>\n<div style=\"font-family: 'Lucida Grande', Verdana, Arial, sans-serif;\"><strong>CARAPICUIBA<\/strong><\/div>\n<div style=\"font-family: 'Lucida Grande', Verdana, Arial, sans-serif;\"><span style=\"color: #ff6600;\">DIA: 21, OUTUBRO, SEXTA-FEIRA, 19h<\/span><\/div>\n<div style=\"font-family: 'Lucida Grande', Verdana, Arial, sans-serif;\"><span style=\"color: #ff6600;\">LOCAL: COMUNIDADE KOLPING NOVA CARAPICUIB<\/span><span style=\"color: #ff6600;\">A<\/span><\/div>\n<div style=\"font-family: 'Lucida Grande', Verdana, Arial, sans-serif;\">ENDERE\u00c7O: Rua Campo Er\u00ea, 3000, Jardim Beatriz \u2013 Carapicuiba, SP<\/div>\n<div style=\"font-family: 'Lucida Grande', Verdana, Arial, sans-serif;\">Ponto de refer\u00eancia: Par\u00f3quia Sagrado Cora\u00e7\u00e3o de Jesus<\/div>\n<div style=\"font-family: 'Lucida Grande', Verdana, Arial, sans-serif;\">RETIRADA DE INGRESSOS: na secretaria da associa\u00e7\u00e3o, falar com \u00a0 Simone ou \u00a0Felipe<\/div>\n<div style=\"font-family: 'Lucida Grande', Verdana, Arial, sans-serif;\">Espa\u00e7o com capacidade para 200 pessoas<\/div>\n<div style=\"font-family: 'Lucida Grande', Verdana, Arial, sans-serif;\">\n<div><strong>LAPA \u2013 AO AR \u00a0LIVRE<\/strong><\/div>\n<div><span style=\"color: #ff6600;\">DIA: 22, OUTUBRO, S\u00c1BADO, 19h<\/span><\/div>\n<div><span style=\"color: #ff6600;\">LOCAL: AO AR LIVRE NA RUA ARA\u00c7ATUBA (em frente biblioteca Cec\u00edlia Meirelles)<\/span><\/div>\n<div>ENDERE\u00c7O: Rua Ara\u00e7atuba, 522 \u2013 Lapa, zona oeste<\/div>\n<div>Ponto de refer\u00eancia:<\/div>\n<div>RETIRADA DE INGRESSOS: na Biblioteca Cec\u00edlia Meirelles<\/div>\n<div>Espa\u00e7o com capacidade para 150 pessoas<\/div>\n<div>\n<div>\n<div><strong>COHAB RAPOSO TAVARES \u2013 AO AR \u00a0LIVRE<\/strong><\/div>\n<\/div>\n<div><span style=\"color: #ff6600;\">DIA: 29, OUTUBRO, S\u00c1BADO, 19h<\/span><\/div>\n<div><span style=\"color: #ff6600;\">LOCAL: AO AR LIVRE NA TRAVESSA CACHOEIRA COCHA BAMBA<\/span><\/div>\n<div>ENDERE\u00c7O: Rua Cocha Bamba, Cohab Raposo Tavares, zona oeste<\/div>\n<div>RETIRADA DE INGRESSOS: com Arthur o Ilda, na Travessa Cocha Bamba, 46<\/div>\n<div>Espa\u00e7o com capacidade para 150 pessoas<\/div>\n<div>\n<div><strong>JARDIM APUAN\u00c3<\/strong><\/div>\n<div><span style=\"color: #ff6600;\">DIA: 28, OUTUBRO, SEXTA-FEIRA, 19h<\/span><\/div>\n<div><span style=\"color: #ff6600;\">LOCAL: GALP\u00c3O COMUNITARIO<\/span><\/div>\n<div>ENDERE\u00c7O: Rua Um, 220, Jd Apuan\u00e3, zona norte<\/div>\n<div>RETIRADA DE INGRESSOS: no pr\u00f3prio local<\/div>\n<div>Telefones: 11 9116-2274 (Izilda) \/ 8949-7088<\/div>\n<div>Espa\u00e7o com capacidade para 200 pessoas<\/div>\n<\/div>\n<\/div>\n<\/div>\n<p><\/span><\/div>\n","protected":false},"excerpt":{"rendered":"<p>Vai um curtinha a\u00ed? Os curtas mais votados pelo p\u00fablico nos 4 anos de projeto est\u00e3o em cartaz no CineB.[&#8230;]<\/p>\n","protected":false},"author":2,"featured_media":0,"comment_status":"open","ping_status":"open","sticky":false,"template":"","format":"standard","meta":[],"categories":[7],"tags":[33,98,154,263,266,354,358,608,874,876,1095,1107,1132],"_links":{"self":[{"href":"https:\/\/projetocineb.com.br\/index.php?rest_route=\/wp\/v2\/posts\/2682"}],"collection":[{"href":"https:\/\/projetocineb.com.br\/index.php?rest_route=\/wp\/v2\/posts"}],"about":[{"href":"https:\/\/projetocineb.com.br\/index.php?rest_route=\/wp\/v2\/types\/post"}],"author":[{"embeddable":true,"href":"https:\/\/projetocineb.com.br\/index.php?rest_route=\/wp\/v2\/users\/2"}],"replies":[{"embeddable":true,"href":"https:\/\/projetocineb.com.br\/index.php?rest_route=%2Fwp%2Fv2%2Fcomments&post=2682"}],"version-history":[{"count":0,"href":"https:\/\/projetocineb.com.br\/index.php?rest_route=\/wp\/v2\/posts\/2682\/revisions"}],"wp:attachment":[{"href":"https:\/\/projetocineb.com.br\/index.php?rest_route=%2Fwp%2Fv2%2Fmedia&parent=2682"}],"wp:term":[{"taxonomy":"category","embeddable":true,"href":"https:\/\/projetocineb.com.br\/index.php?rest_route=%2Fwp%2Fv2%2Fcategories&post=2682"},{"taxonomy":"post_tag","embeddable":true,"href":"https:\/\/projetocineb.com.br\/index.php?rest_route=%2Fwp%2Fv2%2Ftags&post=2682"}],"curies":[{"name":"wp","href":"https:\/\/api.w.org\/{rel}","templated":true}]}}