{"id":269,"date":"2010-02-09T22:44:35","date_gmt":"2010-02-09T22:44:35","guid":{"rendered":"http:\/\/projetocineb.com.br\/?p=269"},"modified":"2010-02-09T22:44:35","modified_gmt":"2010-02-09T22:44:35","slug":"jd-jacira-itapecerica-da-serra","status":"publish","type":"post","link":"https:\/\/projetocineb.com.br\/?p=269","title":{"rendered":"JD JACIRA . ITAPECERICA DA SERRA"},"content":{"rendered":"<h2><span style=\"color: #339966;\">M\u00daSICA<\/span><\/h2>\n<p>E <span style=\"color: #0000ff;\">pela quarta vez o CineB, realizado pelo Sindicato dos Banc\u00e1rios de S\u00e3o Paulo, Osasco e Regi\u00e3o e a Brazucah Produ\u00e7\u00f5es, leva o melhor do cinema nacional para a galera do Jardim Jacira, em Itapecerica da Serra<\/span>.<\/p>\n<p>Uma hora antes do in\u00edcio da exibi\u00e7\u00e3o, dona Margarida chegou para pegar um cineminha e, principalmente, conferir a apresenta\u00e7\u00e3o de sua filha Carolina Barboza da Silva, de 15 anos. Carolina, que toca flauta e violoncelo h\u00e1 um ano, pela primeira vez p\u00f4de se apresentar com a m\u00e3ezona na plat\u00e9ia.<\/p>\n<p>Dona Margarida, que trabalha de dom\u00e9stica, disse que seu cotidiano \u00e9 muito corrido, e por isso sempre perde as apresenta\u00e7\u00f5es da filha. \u201cAcordo tr\u00eas e meia para ir ao trabalho. Gasto duas horas para ir e voltar. Saio 17 horas e a\u00ed voc\u00ea sabe, n\u00e3o d\u00e1 tempo! Hoje sa\u00ed mais cedo, disse que tinha a apresenta\u00e7\u00e3o da minha filha e vim\u201d, disse dona Margarida.<\/p>\n<p>Os dois filhos de dona Margarida s\u00e3o m\u00fasicos. O mais velho mora atualmente na Bahia. Tomou gosto pela bateria e atualmente trabalha profissionalmente na \u00e1rea art\u00edstica.<\/p>\n<p><span style=\"color: #0000ff;\">\u201cA m\u00fasica mexe com a gente. \u00c9 muito legal poder assistir hoje a um filme que conta uma hist\u00f3ria que envolve m\u00fasica\u201d, disse Carolina<\/span>.<\/p>\n<p>Antes da exibi\u00e7\u00e3o dos filmes, a orquestra da comunidade tocou diversas m\u00fasicas, abrilhantando o lugar com muita arte. Toda a galera da orquestra est\u00e1 de parab\u00e9ns!<\/p>\n<p style=\"text-align: center;\"><a href=\"http:\/\/projetocineb.com.br\/wp-content\/uploads\/2010\/02\/DSC00574_01SITE.jpg\"><img fetchpriority=\"high\" decoding=\"async\" class=\"aligncenter size-full wp-image-273\" title=\"Dona Margarida com sua filha, a violoncelista, Carolina, que se apresentou junto a orquestra, no CineB de hoje\" src=\"http:\/\/projetocineb.com.br\/wp-content\/uploads\/2010\/02\/DSC00574_01SITE.jpg\" alt=\"\" width=\"384\" height=\"290\" \/><\/a><\/p>\n<h2><span style=\"color: #339966;\">EVOLU\u00c7\u00c3O<\/span><\/h2>\n<p>Jean e seu amigo Maur\u00edcio tamb\u00e9m chegaram bem cedo para conferir o CineB de hoje, realizado pelo Sindicato dos Banc\u00e1rios de S\u00e3o Paulo, Osasco e Regi\u00e3o, e pela Brazucah Produ\u00e7\u00f5es. <span style=\"color: #0000ff;\">\u201c\u00c9 minha primeira vez no cinema. Eu e meus amigos pensamos esses dias atr\u00e1s em ir num cinema\u201d, disse Jean, que como \u00e9 apaixonado por street dance, confessou gostar de filmes com muitas dan\u00e7as<\/span>.<\/p>\n<p>Ele e Maur\u00edcio <span style=\"color: #0000ff;\">freq\u00fcentam as aulas do PPT (Programa Profissional para Trabalho)<\/span>. H\u00e1 um ano os dois se inscreveram neste Programa que desde 2007 busca complementar os estudos regulares dos jovens da comunidade.<\/p>\n<p><span style=\"color: #0000ff;\">\u201cNo PPT temos at\u00e9 aulas de teatro, porque eles querem nos ensinar a lidar com o p\u00fablico\u201d, explica Maur\u00edcio<\/span>. Jean ressalta que j\u00e1 participou de duas entrevistas de emprego, uma para telemarketing e outra para o cargo de auxiliar administrativo. \u201cO objetivo do PPT \u00e9 fazer com que a gente j\u00e1 saia empregado\u201d, disse Jean.<\/p>\n<p style=\"text-align: center;\"><a href=\"http:\/\/projetocineb.com.br\/wp-content\/uploads\/2010\/02\/DSC00576_01SITE.jpg\"><img decoding=\"async\" class=\"aligncenter size-full wp-image-274\" title=\"Os estudantes Jean, na sua primeira experi\u00eancia com a grande tela e seu amigo Maur\u00edcio\" src=\"http:\/\/projetocineb.com.br\/wp-content\/uploads\/2010\/02\/DSC00576_01SITE.jpg\" alt=\"\" width=\"362\" height=\"384\" \/><\/a><\/p>\n<p>Para a assistente social da ONG MOCAPE, Fernanda Resende, a comunidade passa por um momento de significativa melhora, apesar de ainda muitos viverem com dificuldades financeiras. <span style=\"color: #0000ff;\">\u201cDesde a d\u00e9cada de 80 que a MOCAPE atua nesta regi\u00e3o. Quando come\u00e7ou, as crian\u00e7as vinham para a creche principalmente para comer, hoje elas v\u00eam porque a m\u00e3e est\u00e1 no trabalho. Com a distribui\u00e7\u00e3o do leite, hoje temos que ficar indo atr\u00e1s das pessoas, mas h\u00e1 alguns anos tinham at\u00e9 brigas nas filas\u201d, disse Fernanda<\/span>.<\/p>\n<p>Segundo ela, a ONG consegue executar muitas atividades e programas no bairro, mas ressalta que a ajuda dos governos sempre \u00e9 bem vinda e necess\u00e1ria. \u201cGosto muito daqui e fico triste por ainda n\u00e3o termos um cinema ou teatro mais pr\u00f3ximo de n\u00f3s\u201d, diz Fernanda.<\/p>\n<p>Se depender do vereador Z\u00e9 Maria, essas alternativas de cultura n\u00e3o est\u00e3o longe de se tornar realidade. <span style=\"color: #0000ff;\">\u201cJ\u00e1 aprovamos na c\u00e2mara um projeto da constru\u00e7\u00e3o de um teatro e iremos come\u00e7ar a constru\u00e7\u00e3o em 2010\u201d, disse o vereador, l\u00edder da c\u00e2mara pelo PT, Z\u00e9 Maria, que ressalta que o Governo Federal atende em torno de 8 mil fam\u00edlias da regi\u00e3o, atrav\u00e9s do Programa Bolsa Fam\u00edlia<\/span>.<\/p>\n<p>Para ele, o CineB \u00e9 uma iniciativa que sempre deve ser apoiada. \u201cJ\u00e1 \u00e9 a quarta vez do CineB aqui em Itapecerica. Se fosse poss\u00edvel ter uma vez por m\u00eas seria \u00f3timo\u201d, comentou o vereador.<\/p>\n<p>Lacilete, coordenadora do Espa\u00e7o Cultural Jardim Jacira, tamb\u00e9m concorda que n\u00e3o \u00e9 suficiente somente duas apresenta\u00e7\u00f5es ao ano. \u201c\u00c9 algo maravilhoso para a nossa comunidade\u201d, disse Lacilete que afirmou estar trabalhando com todas as for\u00e7as para oferecer alternativas de divers\u00e3o e cultura para a terceira idade. \u201cFaltam iniciativas na regi\u00e3o para esse p\u00fablico\u201d, disse a coordenadora Lacilete.<\/p>\n<p style=\"text-align: center;\"><a href=\"http:\/\/projetocineb.com.br\/wp-content\/uploads\/2010\/02\/DSC00599_01SITE.jpg\"><img decoding=\"async\" class=\"aligncenter size-full wp-image-275\" title=\"Na abertura do CineB, Cid\u00e1lio, Mendes, o vereador de Itapecerica pelo PT, Z\u00e9 Maria, a diretora do centro cultural, Lacilete e a assistente social Fernanda\" src=\"http:\/\/projetocineb.com.br\/wp-content\/uploads\/2010\/02\/DSC00599_01SITE.jpg\" alt=\"\" width=\"358\" height=\"281\" \/><\/a><\/p>\n<h2><span style=\"color: #339966;\">PALAVRA DE BANC\u00c1RIA<\/span><\/h2>\n<p>Amanda Machado, banc\u00e1ria do Unibanco e participante do movimento sindical, disse que <span style=\"color: #0000ff;\">\u201ceventos como o CineB despertam talentos\u201d<\/span>. \u201cS\u00e3o filmes que valem a pena ser vistos e revistos. A maioria das pessoas aqui da comunidade n\u00e3o vai ao cinema e atividades como essa despertam a consci\u00eancia de cada pessoa\u201d, disse Amanda.<\/p>\n<p>A banc\u00e1ria fez quest\u00e3o de indicar o filme <em>Olga<\/em>, para passar na pr\u00f3xima sess\u00e3o do CineB. J\u00e1 a m\u00e3e dela, a dona Marine Machado Santana disse que n\u00e3o indica o filme <em>\u00d3 pai, \u00f3<\/em>, porque tem muito palavr\u00e3o. \u201cAs crian\u00e7as j\u00e1 tem uma cabe\u00e7a suja, depois de assistir fica pior ainda\u201d, alertou dona Marine.<\/p>\n<p style=\"text-align: center;\"><a href=\"http:\/\/projetocineb.com.br\/wp-content\/uploads\/2010\/02\/DSC00608_01SITE.jpg\"><img loading=\"lazy\" decoding=\"async\" class=\"aligncenter size-full wp-image-276\" title=\"Cid\u00e1lio posa com a banc\u00e1ria Amanda Machado, sua m\u00e3e Mariane Machado Santana e sua cunhada Welika Lopes\" src=\"http:\/\/projetocineb.com.br\/wp-content\/uploads\/2010\/02\/DSC00608_01SITE.jpg\" alt=\"\" width=\"358\" height=\"265\" \/><\/a><\/p>\n<h2><span style=\"color: #339966;\">ESTUDO N\u00c3O TEM IDADE<\/span><\/h2>\n<p>Maria T\u00e2nia trouxe a filha Raiany para a sess\u00e3o do CineB de hoje. Os professores da escola que Maria freq\u00fcenta \u00e9 que a convidaram. Depois de 28 anos parada, voltou a estudar e agora j\u00e1 est\u00e1 quase concluindo o ensino m\u00e9dio.<span style=\"color: #0000ff;\"> \u201cAntes eu ficava com medo de ser complicado e tamb\u00e9m de eu ser a mais velha na sala. Mas a\u00ed me inscrevi e achei maravilhoso. E n\u00e3o sou a mais velha da sala\u201d, brinca Maria T\u00e2nia<\/span>.<\/p>\n<p>\u201cAcho importante incentivar outras pessoas que n\u00e3o tinham conclu\u00eddo os estudos, a voltar. Estudando, a pessoa entende melhor o mundo que vive, sen\u00e3o fica por fora de muita coisa\u201d, disse Maria. Para ela o CineB complementa a forma\u00e7\u00e3o dessa consci\u00eancia existencial. \u201cIsso tudo ajuda a pessoa se empregar em oportunidades melhores\u201d, explica Maria T\u00e2nia.<\/p>\n<p style=\"text-align: center;\"><a href=\"http:\/\/projetocineb.com.br\/wp-content\/uploads\/2010\/02\/DSC00578_01SITE.jpg\"><img loading=\"lazy\" decoding=\"async\" class=\"aligncenter size-full wp-image-277\" title=\"Dona Maria T\u00e2nia e sua filha Raiany\" src=\"http:\/\/projetocineb.com.br\/wp-content\/uploads\/2010\/02\/DSC00578_01SITE.jpg\" alt=\"\" width=\"341\" height=\"369\" \/><\/a><\/p>\n<h2><span style=\"color: #339966;\">PR\u00d3XIMA SESS\u00c3O<\/span><\/h2>\n<p>Ass\u00edduos espectadores do CineB, amanh\u00e3 nos encontramos em <span style=\"color: #0000ff;\">Interlagos<\/span>, no <span style=\"color: #0000ff;\">Condom\u00ednio Parque dos P\u00e1ssaros<\/span>, que fica na <span style=\"color: #0000ff;\">rua Engenheiro Jos\u00e9 Sales, 200<\/span>. Para maiores informa\u00e7\u00f5es d\u00e1 uma ligadinha pro <span style=\"color: #0000ff;\">5667-6448<\/span>.<\/p>\n<p>Tchau!<\/p>\n<p style=\"text-align: center;\"><a href=\"http:\/\/projetocineb.com.br\/wp-content\/uploads\/2010\/02\/DSC00610_01SITE.jpg\"><img loading=\"lazy\" decoding=\"async\" class=\"aligncenter size-full wp-image-278\" title=\"A banc\u00e1ria Amanda Machado posa com sua m\u00e3e e o pr\u00eamio do sorteio\" src=\"http:\/\/projetocineb.com.br\/wp-content\/uploads\/2010\/02\/DSC00610_01SITE.jpg\" alt=\"\" width=\"351\" height=\"384\" \/><\/a><\/p>\n<p style=\"text-align: center;\"><a href=\"http:\/\/projetocineb.com.br\/wp-content\/uploads\/2010\/02\/DSC00572_01SITE.jpg\"><img loading=\"lazy\" decoding=\"async\" class=\"aligncenter size-full wp-image-279\" title=\"Antes da sess\u00e3o come\u00e7ar j\u00e1 tinha fila para entrar\" src=\"http:\/\/projetocineb.com.br\/wp-content\/uploads\/2010\/02\/DSC00572_01SITE.jpg\" alt=\"\" width=\"358\" height=\"229\" \/><\/a><\/p>\n<p style=\"text-align: center;\"><a href=\"http:\/\/projetocineb.com.br\/wp-content\/uploads\/2010\/02\/DSC00595_01SITE.jpg\"><img loading=\"lazy\" decoding=\"async\" class=\"aligncenter size-full wp-image-280\" title=\"Sess\u00e3o cheia\" src=\"http:\/\/projetocineb.com.br\/wp-content\/uploads\/2010\/02\/DSC00595_01SITE.jpg\" alt=\"\" width=\"346\" height=\"461\" \/><\/a><\/p>\n<p style=\"text-align: center;\"><a href=\"http:\/\/projetocineb.com.br\/wp-content\/uploads\/2010\/02\/DSC00598_01SITE1.jpg\"><img loading=\"lazy\" decoding=\"async\" class=\"aligncenter size-full wp-image-282\" title=\"Espectadores aguardam para assistir aos filmes brasileiros &quot;O troco&quot; e &quot;A orquestra dos Meninos&quot;\" src=\"http:\/\/projetocineb.com.br\/wp-content\/uploads\/2010\/02\/DSC00598_01SITE1.jpg\" alt=\"\" width=\"358\" height=\"269\" \/><\/a><\/p>\n<p style=\"text-align: center;\"><a href=\"http:\/\/projetocineb.com.br\/wp-content\/uploads\/2010\/02\/DSC00606_01SITE.jpg\"><img loading=\"lazy\" decoding=\"async\" class=\"aligncenter size-full wp-image-283\" title=\"A foto p\u00f3s sorteio de brindes no CineB\" src=\"http:\/\/projetocineb.com.br\/wp-content\/uploads\/2010\/02\/DSC00606_01SITE.jpg\" alt=\"\" width=\"363\" height=\"272\" \/><\/a><\/p>\n<p>0~0<\/p>\n","protected":false},"excerpt":{"rendered":"<p>M\u00daSICA E pela quarta vez o CineB, realizado pelo Sindicato dos Banc\u00e1rios de S\u00e3o Paulo, Osasco e Regi\u00e3o e a[&#8230;]<\/p>\n","protected":false},"author":2,"featured_media":0,"comment_status":"open","ping_status":"open","sticky":false,"template":"","format":"standard","meta":[],"categories":[2],"tags":[34,154,266,653,874,889,1132],"_links":{"self":[{"href":"https:\/\/projetocineb.com.br\/index.php?rest_route=\/wp\/v2\/posts\/269"}],"collection":[{"href":"https:\/\/projetocineb.com.br\/index.php?rest_route=\/wp\/v2\/posts"}],"about":[{"href":"https:\/\/projetocineb.com.br\/index.php?rest_route=\/wp\/v2\/types\/post"}],"author":[{"embeddable":true,"href":"https:\/\/projetocineb.com.br\/index.php?rest_route=\/wp\/v2\/users\/2"}],"replies":[{"embeddable":true,"href":"https:\/\/projetocineb.com.br\/index.php?rest_route=%2Fwp%2Fv2%2Fcomments&post=269"}],"version-history":[{"count":0,"href":"https:\/\/projetocineb.com.br\/index.php?rest_route=\/wp\/v2\/posts\/269\/revisions"}],"wp:attachment":[{"href":"https:\/\/projetocineb.com.br\/index.php?rest_route=%2Fwp%2Fv2%2Fmedia&parent=269"}],"wp:term":[{"taxonomy":"category","embeddable":true,"href":"https:\/\/projetocineb.com.br\/index.php?rest_route=%2Fwp%2Fv2%2Fcategories&post=269"},{"taxonomy":"post_tag","embeddable":true,"href":"https:\/\/projetocineb.com.br\/index.php?rest_route=%2Fwp%2Fv2%2Ftags&post=269"}],"curies":[{"name":"wp","href":"https:\/\/api.w.org\/{rel}","templated":true}]}}