{"id":2706,"date":"2011-10-23T22:47:49","date_gmt":"2011-10-24T00:47:49","guid":{"rendered":"http:\/\/projetocineb.com.br\/?p=2706"},"modified":"2011-10-23T22:47:49","modified_gmt":"2011-10-24T00:47:49","slug":"2706","status":"publish","type":"post","link":"https:\/\/projetocineb.com.br\/?p=2706","title":{"rendered":"CARAPICU\u00cdBA"},"content":{"rendered":"<p>\u00c9 com imenso prazer que anunciamos <span style=\"color: #ff6600;\">mais uma exibi\u00e7\u00e3o do Cine B fora do munic\u00edpio de S\u00e3o Paulo<\/span>. Dessa vez o projeto armou seu tel\u00e3o na cidade de <span style=\"color: #ff6600;\">Carapicu\u00edba, na Comunidade Kolping Nova Carapicu\u00edba<\/span>.<\/p>\n<figure id=\"attachment_2713\" aria-describedby=\"caption-attachment-2713\" style=\"width: 384px\" class=\"wp-caption aligncenter\"><a href=\"http:\/\/projetocineb.com.br\/wp-content\/uploads\/2011\/10\/DSC03006_01web1.jpg\"><img fetchpriority=\"high\" decoding=\"async\" class=\"size-full wp-image-2713  \" title=\"Cine B em Carapicu\u00edba reuniu mais de 200 moradores na Comunidade Kolping Nova Carapicu\u00edba\" src=\"http:\/\/projetocineb.com.br\/wp-content\/uploads\/2011\/10\/DSC03006_01web1.jpg\" alt=\"Cine B em Carapicu\u00edba reuniu mais de 200 moradores na Comunidade Kolping Nova Carapicu\u00edba\" width=\"384\" height=\"248\" \/><\/a><figcaption id=\"caption-attachment-2713\" class=\"wp-caption-text\">Cine B em Carapicu\u00edba reuniu mais de 200 moradores na Comunidade Kolping Nova Carapicu\u00edba<\/figcaption><\/figure>\n<p><span style=\"color: #ff6600;\">O projeto exibiu 5 curtas metragens brasileiro que foram os mais votados pelo p\u00fablico do Cine B nesses 4 anos de itiner\u00e2ncia.<span style=\"color: #000000;\"> A exibi\u00e7\u00e3o foi um sucesso. O p\u00fablico lotou completamente a sala. Al\u00e9m da divulga\u00e7\u00e3o na comunidade, <\/span>tamb\u00e9m \u00e9 bom ressaltar a import\u00e2ncia de todos os jornais de bairro da cidade que divulgaram a sess\u00e3o.<\/span><\/p>\n<figure id=\"attachment_2711\" aria-describedby=\"caption-attachment-2711\" style=\"width: 384px\" class=\"wp-caption aligncenter\"><a href=\"http:\/\/projetocineb.com.br\/wp-content\/uploads\/2011\/10\/DSC02997_01web1.jpg\"><img decoding=\"async\" class=\"size-full wp-image-2711  \" title=\"Na entrada do sal\u00e3o, a fila j\u00e1 dava o tom da sess\u00e3o\" src=\"http:\/\/projetocineb.com.br\/wp-content\/uploads\/2011\/10\/DSC02997_01web1.jpg\" alt=\"Na entrada do sal\u00e3o, a fila j\u00e1 dava o tom da sess\u00e3o\" width=\"384\" height=\"288\" \/><\/a><figcaption id=\"caption-attachment-2711\" class=\"wp-caption-text\">Na entrada do sal\u00e3o, a fila j\u00e1 dava o tom da sess\u00e3o<\/figcaption><\/figure>\n<p><span style=\"color: #ff6600;\">\u201cEm Carapicu\u00edba n\u00e3o temos um cinema sequer. Com o Cine B podemos minimizar esse problema cultural da cidade\u201d, explica Zezinho da Defesa Civil do munic\u00edpio.<\/span><\/p>\n<p><span style=\"color: #ff6600;\"><span style=\"color: #000000;\">&#8220;J\u00e1 tive experi\u00eancia das pr\u00f3prias educadoras aqui da comunidade nunca terem ido ao cinema&#8221;, diz Simone de Melo Fernandes Teixeira.<\/span> &#8220;De 22 mulheres, 8 nunca assistiram um filme no cinema&#8221;.<\/span><\/p>\n<p>\u201cAtividades culturais s\u00e3o muito importantes e al\u00e9m disso, o Cine B mostra para as pessoas que nosso cinema melhorou, est\u00e1 diferente e que h\u00e1 muitos filmes bons a serem vistos\u201d, comenta o coordenador administrativo da Comunidade Kolping, Felipe Duschek.<\/p>\n<figure id=\"attachment_2717\" aria-describedby=\"caption-attachment-2717\" style=\"width: 384px\" class=\"wp-caption aligncenter\"><a href=\"http:\/\/projetocineb.com.br\/wp-content\/uploads\/2011\/10\/DSC03023_01web1.jpg\"><img decoding=\"async\" class=\"size-full wp-image-2717  \" title=\"Na abertura da exibi\u00e7\u00e3o\" src=\"http:\/\/projetocineb.com.br\/wp-content\/uploads\/2011\/10\/DSC03023_01web1.jpg\" alt=\"Na abertura da exibi\u00e7\u00e3o\" width=\"384\" height=\"294\" \/><\/a><figcaption id=\"caption-attachment-2717\" class=\"wp-caption-text\">Na abertura da exibi\u00e7\u00e3o, o coordenador do Cine B, Cid\u00e1lio Vieira Santos, agradece a participa\u00e7\u00e3o do p\u00fablico, ao lado de Zezinho da Defesa Civil do munic\u00edpio (esquerda), a gestora de projetos sociais da Kolping, Lia Duschek e seu marido, o coordenador administrativo Felipe Duschek, o tesoureiro Du Rap e Simone de Melo Fernandes Texeira<\/figcaption><\/figure>\n<h2><span style=\"color: #008000;\">A COMUNIDADE KOLPING<\/span><\/h2>\n<p>Em 1854 Adolfo Kolping come\u00e7ou a se preocupar com os jovens desocupados e resolveu solucionar esse \u00f3cio. Em 1922 a Kolping chega ao Brasil e na d\u00e9cada de 80, uma sede da entidade foi aberta em Carapicu\u00edba, uma cidade que comporta aproximadamente 450 mil habitantes.<\/p>\n<p><span style=\"color: #ff6600;\">\u201cAtualmente atendemos 430 pessoas diretamente, oferecendo cursos de profissionaliza\u00e7\u00e3o, capacita\u00e7\u00e3o, alfabetiza\u00e7\u00e3o de adultos. A ideia da entidade \u00e9 auxiliar as fam\u00edlias\u201d, explica a gestora de projetos sociais da Comunidade Kolping, Lia Duschek.<\/span> \u201cO Cine B \u00e9 um projeto interessante, porque integra pais e filhos numa atividade cultural\u201d, comenta a gestora.<\/p>\n<h2><span style=\"color: #008000;\">CLICKS<\/span><\/h2>\n<figure id=\"attachment_2718\" aria-describedby=\"caption-attachment-2718\" style=\"width: 384px\" class=\"wp-caption aligncenter\"><a href=\"http:\/\/projetocineb.com.br\/wp-content\/uploads\/2011\/10\/DSC03029_01web1.jpg\"><img loading=\"lazy\" decoding=\"async\" class=\"size-full wp-image-2718  \" title=\"&quot;Vou guardar o ingresso de hoje como recorda\u00e7\u00e3o&quot;, diz o morador de Carapicu\u00edba Jos\u00e9 Misson Galera, que o Cine B foi sua primeira vez no cinema! A TV dos Banc\u00e1rios gravou uma reportagem com ele\" src=\"http:\/\/projetocineb.com.br\/wp-content\/uploads\/2011\/10\/DSC03029_01web1.jpg\" alt=\"&quot;Vou guardar o ingresso de hoje como recorda\u00e7\u00e3o&quot;, diz o morador de Carapicu\u00edba Jos\u00e9 Misson Galera, que o Cine B foi sua primeira vez no cinema! A TV dos Banc\u00e1rios gravou uma reportagem com ele\" width=\"384\" height=\"288\" \/><\/a><figcaption id=\"caption-attachment-2718\" class=\"wp-caption-text\">&quot;Vou guardar o ingresso de hoje como recorda\u00e7\u00e3o&quot;, diz o morador de Carapicu\u00edba Jos\u00e9 Misson Galera, que o Cine B foi sua primeira vez no cinema! A TV dos Banc\u00e1rios gravou uma reportagem com ele<\/figcaption><\/figure>\n<figure id=\"attachment_2715\" aria-describedby=\"caption-attachment-2715\" style=\"width: 384px\" class=\"wp-caption aligncenter\"><a href=\"http:\/\/projetocineb.com.br\/wp-content\/uploads\/2011\/10\/DSC03012_01web1.jpg\"><img loading=\"lazy\" decoding=\"async\" class=\"size-full wp-image-2715  \" title=\"A sala ficou completamente lotada, as crian\u00e7as precisaram sentar no ch\u00e3o.\" src=\"http:\/\/projetocineb.com.br\/wp-content\/uploads\/2011\/10\/DSC03012_01web1.jpg\" alt=\"A sala ficou completamente lotada, as crian\u00e7as precisaram sentar no ch\u00e3o.\" width=\"384\" height=\"288\" \/><\/a><figcaption id=\"caption-attachment-2715\" class=\"wp-caption-text\">A sala ficou completamente lotada, as crian\u00e7as precisaram sentar no ch\u00e3o.<\/figcaption><\/figure>\n<figure id=\"attachment_2712\" aria-describedby=\"caption-attachment-2712\" style=\"width: 384px\" class=\"wp-caption aligncenter\"><a href=\"http:\/\/projetocineb.com.br\/wp-content\/uploads\/2011\/10\/DSC03005_01web1.jpg\"><img loading=\"lazy\" decoding=\"async\" class=\"size-full wp-image-2712  \" title=\"O morador de Nova Carapicu\u00edba,Egberto Felix da Silva, com seu filho Erick Felix da Silva, de 5 anos\" src=\"http:\/\/projetocineb.com.br\/wp-content\/uploads\/2011\/10\/DSC03005_01web1.jpg\" alt=\"O morador de Nova Carapicu\u00edba,Egberto Felix da Silva, com seu filho Erick Felix da Silva, de 5 anos\" width=\"384\" height=\"288\" \/><\/a><figcaption id=\"caption-attachment-2712\" class=\"wp-caption-text\">O morador de Nova Carapicu\u00edba,Egberto Felix da Silva, com seu filho Erick Felix da Silva, de 5 anos<\/figcaption><\/figure>\n<figure id=\"attachment_2716\" aria-describedby=\"caption-attachment-2716\" style=\"width: 384px\" class=\"wp-caption aligncenter\"><a href=\"http:\/\/projetocineb.com.br\/wp-content\/uploads\/2011\/10\/DSC03016_01web1.jpg\"><img loading=\"lazy\" decoding=\"async\" class=\"size-full wp-image-2716  \" title=\"As moradoras do bairro que participam na institui\u00e7\u00e3o, do Grupo Obra Kolping do Brasil: Maria Jos\u00e9, Maria Mota com Bianca Fernandes e 1 anos e meio, Doralice Cabral Mota e a assistente social Andreia Cabral\" src=\"http:\/\/projetocineb.com.br\/wp-content\/uploads\/2011\/10\/DSC03016_01web1.jpg\" alt=\"As moradoras do bairro que participam na institui\u00e7\u00e3o, do Grupo Obra Kolping do Brasil: Maria Jos\u00e9, Maria Mota com Bianca Fernandes e 1 anos e meio, Doralice Cabral Mota e a assistente social Andreia Cabral\" width=\"384\" height=\"302\" \/><\/a><figcaption id=\"caption-attachment-2716\" class=\"wp-caption-text\">As moradoras do bairro que participam na institui\u00e7\u00e3o, do Grupo Obra Kolping do Brasil: Maria Jos\u00e9, Maria Mota com Bianca Fernandes e 1 anos e meio, Doralice Cabral Mota e a assistente social Andreia Cabral<\/figcaption><\/figure>\n<figure id=\"attachment_2722\" aria-describedby=\"caption-attachment-2722\" style=\"width: 384px\" class=\"wp-caption aligncenter\"><a href=\"http:\/\/projetocineb.com.br\/wp-content\/uploads\/2011\/10\/DSC03041_01web1.jpg\"><img loading=\"lazy\" decoding=\"async\" class=\"size-full wp-image-2722  \" title=\"Toda fam\u00edlia saiu pro cinema! Da esquerda para direita, Dolores de Jesus Silva,Elis Rita da Silva Pinto, Be os irm\u00e3os Bianca e Guilherme\" src=\"http:\/\/projetocineb.com.br\/wp-content\/uploads\/2011\/10\/DSC03041_01web1.jpg\" alt=\"Toda fam\u00edlia saiu pro cinema! Da esquerda para direita, Dolores de Jesus Silva,Elis Rita da Silva Pinto, Be os irm\u00e3os Bianca e Guilherme\" width=\"384\" height=\"274\" \/><\/a><figcaption id=\"caption-attachment-2722\" class=\"wp-caption-text\">Toda fam\u00edlia saiu pro cinema! Da esquerda para direita, Dolores de Jesus Silva,Elis Rita da Silva Pinto, Be os irm\u00e3os Bianca e Guilherme<\/figcaption><\/figure>\n<figure id=\"attachment_2720\" aria-describedby=\"caption-attachment-2720\" style=\"width: 384px\" class=\"wp-caption aligncenter\"><a href=\"http:\/\/projetocineb.com.br\/wp-content\/uploads\/2011\/10\/DSC03037_01web3.jpg\"><img loading=\"lazy\" decoding=\"async\" class=\"size-full wp-image-2720  \" title=\"As professoras da Escola Ana Beatriz\" src=\"http:\/\/projetocineb.com.br\/wp-content\/uploads\/2011\/10\/DSC03037_01web3.jpg\" alt=\"As professoras da Escola Ana Beatriz\" width=\"384\" height=\"288\" \/><\/a><figcaption id=\"caption-attachment-2720\" class=\"wp-caption-text\">As professoras da Escola Ana Beatriz<\/figcaption><\/figure>\n<figure id=\"attachment_2721\" aria-describedby=\"caption-attachment-2721\" style=\"width: 384px\" class=\"wp-caption aligncenter\"><a href=\"http:\/\/projetocineb.com.br\/wp-content\/uploads\/2011\/10\/DSC03040_01web3.jpg\"><img loading=\"lazy\" decoding=\"async\" class=\"size-full wp-image-2721  \" title=\"Os sortudos desse Cine B em Carapicu\u00edba. Parab\u00e9ns a todos da comunidade pela participa\u00e7\u00e3o! Esperamos voltar em breve\" src=\"http:\/\/projetocineb.com.br\/wp-content\/uploads\/2011\/10\/DSC03040_01web3.jpg\" alt=\"Os sortudos desse Cine B em Carapicu\u00edba. Parab\u00e9ns a todos da comunidade pela participa\u00e7\u00e3o! Esperamos voltar em breve\" width=\"384\" height=\"288\" \/><\/a><figcaption id=\"caption-attachment-2721\" class=\"wp-caption-text\">Os sortudos desse Cine B em Carapicu\u00edba. Parab\u00e9ns a todos da comunidade pela participa\u00e7\u00e3o! Esperamos voltar em breve<\/figcaption><\/figure>\n<p><span style=\"color: #008000;\"><br \/>\n<\/span><\/p>\n","protected":false},"excerpt":{"rendered":"<p>\u00c9 com imenso prazer que anunciamos mais uma exibi\u00e7\u00e3o do Cine B fora do munic\u00edpio de S\u00e3o Paulo. Dessa vez[&#8230;]<\/p>\n","protected":false},"author":2,"featured_media":0,"comment_status":"open","ping_status":"open","sticky":false,"template":"","format":"standard","meta":[],"categories":[2],"tags":[154,178,242,263,266,272,760,1105,1132],"_links":{"self":[{"href":"https:\/\/projetocineb.com.br\/index.php?rest_route=\/wp\/v2\/posts\/2706"}],"collection":[{"href":"https:\/\/projetocineb.com.br\/index.php?rest_route=\/wp\/v2\/posts"}],"about":[{"href":"https:\/\/projetocineb.com.br\/index.php?rest_route=\/wp\/v2\/types\/post"}],"author":[{"embeddable":true,"href":"https:\/\/projetocineb.com.br\/index.php?rest_route=\/wp\/v2\/users\/2"}],"replies":[{"embeddable":true,"href":"https:\/\/projetocineb.com.br\/index.php?rest_route=%2Fwp%2Fv2%2Fcomments&post=2706"}],"version-history":[{"count":0,"href":"https:\/\/projetocineb.com.br\/index.php?rest_route=\/wp\/v2\/posts\/2706\/revisions"}],"wp:attachment":[{"href":"https:\/\/projetocineb.com.br\/index.php?rest_route=%2Fwp%2Fv2%2Fmedia&parent=2706"}],"wp:term":[{"taxonomy":"category","embeddable":true,"href":"https:\/\/projetocineb.com.br\/index.php?rest_route=%2Fwp%2Fv2%2Fcategories&post=2706"},{"taxonomy":"post_tag","embeddable":true,"href":"https:\/\/projetocineb.com.br\/index.php?rest_route=%2Fwp%2Fv2%2Ftags&post=2706"}],"curies":[{"name":"wp","href":"https:\/\/api.w.org\/{rel}","templated":true}]}}