{"id":2728,"date":"2011-10-24T10:39:14","date_gmt":"2011-10-24T12:39:14","guid":{"rendered":"http:\/\/projetocineb.com.br\/?p=2728"},"modified":"2011-10-24T10:39:14","modified_gmt":"2011-10-24T12:39:14","slug":"aniversario-da-lapa","status":"publish","type":"post","link":"https:\/\/projetocineb.com.br\/?p=2728","title":{"rendered":"ANIVERS\u00c1RIO DA LAPA"},"content":{"rendered":"<blockquote><p><span style=\"color: #ff6600;\"><strong>Ao tradicional bairro paulistano da Lapa e todos os moradores da regi\u00e3o, um feliz anivers\u00e1rio do Cine B! <\/strong><\/span><\/p><\/blockquote>\n<figure id=\"attachment_2738\" aria-describedby=\"caption-attachment-2738\" style=\"width: 384px\" class=\"wp-caption aligncenter\"><a href=\"http:\/\/projetocineb.com.br\/wp-content\/uploads\/2011\/10\/DSC03066_01web.jpg\"><img fetchpriority=\"high\" decoding=\"async\" class=\"size-full wp-image-2738  \" title=\"O projeto comemorou os 421 anos da Lapa promovendo uma exibi\u00e7\u00e3o ao ar livre, no Centro de Conviv\u00eancia e Conv\u00edvio da Lapa, Biblioteca Cec\u00edlia Meirelles.\" src=\"http:\/\/projetocineb.com.br\/wp-content\/uploads\/2011\/10\/DSC03066_01web.jpg\" alt=\"O projeto comemorou os 421 anos da Lapa promovendo uma exibi\u00e7\u00e3o ao ar livre, no Centro de Conviv\u00eancia e Conv\u00edvio da Lapa, Biblioteca Cec\u00edlia Meirelles.\" width=\"384\" height=\"288\" \/><\/a><figcaption id=\"caption-attachment-2738\" class=\"wp-caption-text\">O projeto comemorou os 421 anos da Lapa promovendo uma exibi\u00e7\u00e3o ao ar livre, no Centro de Conviv\u00eancia e Conv\u00edvio da Lapa, Biblioteca Cec\u00edlia Meirelles.<\/figcaption><\/figure>\n<p>Na sess\u00e3o foram exibidos 5 curtas metragens brasileiros que comp\u00f5e o primeiro DVD do Selo Cine B do Cinema Brasileiro, projeto subsidiado pelo Sindicato dos Banc\u00e1rios de S\u00e3o Paulo, Osasco e Regi\u00e3o, tem objetivo de popularizar este formato de filme t\u00e3o bom quanto o longa, mas com t\u00e3o pouco espa\u00e7o de exibi\u00e7\u00e3o. O DVD \u00e9 vendido sempre ap\u00f3s as sess\u00f5es, por R$5.<\/p>\n<figure id=\"attachment_2742\" aria-describedby=\"caption-attachment-2742\" style=\"width: 384px\" class=\"wp-caption aligncenter\"><a href=\"http:\/\/projetocineb.com.br\/wp-content\/uploads\/2011\/10\/DSC03101_01web.jpg\"><img decoding=\"async\" class=\"size-full wp-image-2742  \" title=\"Cena do curta metragem 'Vida Maria'\" src=\"http:\/\/projetocineb.com.br\/wp-content\/uploads\/2011\/10\/DSC03101_01web.jpg\" alt=\"Cena do curta metragem 'Vida Maria'\" width=\"384\" height=\"306\" \/><\/a><figcaption id=\"caption-attachment-2742\" class=\"wp-caption-text\">Cena do curta metragem &#39;Vida Maria&#39;<\/figcaption><\/figure>\n<p>Para a diretora da Brazucah Produ\u00e7\u00f5es, Cynthia Alario, a sess\u00e3o do Cine B na Lapa \u00e9 importante porque a produtora est\u00e1 a poucos metros da Pra\u00e7a. <span style=\"color: #ff6600;\">\u201cPara n\u00f3s esta \u00e9 uma forma de participar do conceito de \u201csindicato cidad\u00e3o\u201d, da produtora cidad\u00e3, que atua tamb\u00e9m em sua regi\u00e3o\u201d, explica Cynthia. \u201cAl\u00e9m disso, a classe m\u00e9dia tamb\u00e9m sofre de uma car\u00eancia de espa\u00e7os coletivos que ajudam na sociabiliza\u00e7\u00e3o da vizinhan\u00e7a\u201d, diz.<\/span><\/p>\n<figure id=\"attachment_2739\" aria-describedby=\"caption-attachment-2739\" style=\"width: 384px\" class=\"wp-caption aligncenter\"><a href=\"http:\/\/projetocineb.com.br\/wp-content\/uploads\/2011\/10\/DSC03068_01web.jpg\"><img decoding=\"async\" class=\"size-full wp-image-2739  \" title=\"Na abertura da exibi\u00e7\u00e3o, ao microfone, a especialista em gest\u00e3o cultural da Prefeitura e representante do Centro de Conv\u00edvio e Mem\u00f3ria, Cec\u00edlia Mano, o coordenador do Cine B Cid\u00e1lio Vieira Santos e a diretora da Brazucah Produ\u00e7\u00f5es, Cynthia Alario\" src=\"http:\/\/projetocineb.com.br\/wp-content\/uploads\/2011\/10\/DSC03068_01web.jpg\" alt=\"Na abertura da exibi\u00e7\u00e3o, ao microfone, a especialista em gest\u00e3o cultural da Prefeitura e representante do Centro de Conv\u00edvio e Mem\u00f3ria, Cec\u00edlia Mano, o coordenador do Cine B Cid\u00e1lio Vieira Santos e a diretora da Brazucah Produ\u00e7\u00f5es, Cynthia Alario\" width=\"384\" height=\"286\" \/><\/a><figcaption id=\"caption-attachment-2739\" class=\"wp-caption-text\">Na abertura da exibi\u00e7\u00e3o, ao microfone, a especialista em gest\u00e3o cultural da Prefeitura e representante do Centro de Conv\u00edvio e Mem\u00f3ria, Cec\u00edlia Mano, o coordenador do Cine B Cid\u00e1lio Vieira Santos e a diretora da Brazucah Produ\u00e7\u00f5es, Cynthia Alario<\/figcaption><\/figure>\n<p><span style=\"color: #ff6600;\">\u201cO Cine B \u00e9 um projeto que conhe\u00e7o, pois sempre acompanho as not\u00edcias do Sindicato\u201d, diz a bancaria Solange Marino.<\/span> \u201c\u00c9 um projeto fundamental porque aproxima o cinema das pessoas que n\u00e3o tem f\u00e1cil acesso a cultura\u201d.<\/p>\n<figure id=\"attachment_2734\" aria-describedby=\"caption-attachment-2734\" style=\"width: 384px\" class=\"wp-caption aligncenter\"><a href=\"http:\/\/projetocineb.com.br\/wp-content\/uploads\/2011\/10\/DSC03057_01web.jpg\"><img loading=\"lazy\" decoding=\"async\" class=\"size-full wp-image-2734  \" title=\"banc\u00e1ria Solange Marino, que veio com sua vizinha Isabel Cristina Toni e a filha Ana Julia Sousa Pereira, 10\" src=\"http:\/\/projetocineb.com.br\/wp-content\/uploads\/2011\/10\/DSC03057_01web.jpg\" alt=\"banc\u00e1ria Solange Marino, que veio com sua vizinha Isabel Cristina Toni e a filha Ana Julia Sousa Pereira, 10\" width=\"384\" height=\"288\" \/><\/a><figcaption id=\"caption-attachment-2734\" class=\"wp-caption-text\">banc\u00e1ria Solange Marino, que veio com sua vizinha Isabel Cristina Toni e a filha Ana Julia Sousa Pereira, 10<\/figcaption><\/figure>\n<p>\u201cEsse tipo de evento \u00e9 bom porque as crian\u00e7as acabam tendo algo diferente para fazer no fim de semana\u201d, comenta a espectadora e moradora da Lapa, Isabel Cristina Toni.<\/p>\n<p><span style=\"color: #ff6600;\">\u201cAl\u00e9m dessa integra\u00e7\u00e3o que esse programa oferece para os moradores aqui da rua, ainda por ser uma exibi\u00e7\u00e3o na pra\u00e7a, integra a cultura com a natureza\u201d, diz o morador da rua Ara\u00e7atuba, Leandro Fernandes.<\/span><\/p>\n<p><span style=\"color: #ff6600;\"> <\/span><\/p>\n<figure id=\"attachment_2740\" aria-describedby=\"caption-attachment-2740\" style=\"width: 384px\" class=\"wp-caption aligncenter\"><a href=\"http:\/\/projetocineb.com.br\/wp-content\/uploads\/2011\/10\/DSC03080_01web.jpg\"><img loading=\"lazy\" decoding=\"async\" class=\"size-full wp-image-2740  \" title=\"A exibi\u00e7\u00e3o ao ar livre sempre deixa o programa mais gostoso, principalmentepara as crian\u00e7as!\" src=\"http:\/\/projetocineb.com.br\/wp-content\/uploads\/2011\/10\/DSC03080_01web.jpg\" alt=\"A exibi\u00e7\u00e3o ao ar livre sempre deixa o programa mais gostoso, principalmentepara as crian\u00e7as!A exibi\u00e7\u00e3o ao ar livre sempre deixa o programa mais gostoso, principalmentepara as crian\u00e7as!\" width=\"384\" height=\"288\" \/><\/a><figcaption id=\"caption-attachment-2740\" class=\"wp-caption-text\">A exibi\u00e7\u00e3o ao ar livre sempre deixa o programa mais gostoso, principalmentepara as crian\u00e7as!<\/figcaption><\/figure>\n<p>Na abertura desta sess\u00e3o, a\u00a0representante da Bibioteca Cec\u00edlia Meirelles, C\u00e9lia Mano, agradeceu a presen\u00e7a dos moradores. <span style=\"color: #ff6600;\">\u201cAgrade\u00e7o porque sem a participa\u00e7\u00e3o das pessoas, um evento como este perde seu significado\u201d, explica C\u00e9lia.<\/span><\/p>\n<h2><span style=\"color: #008000;\">CLICKS<\/span><\/h2>\n<figure id=\"attachment_2737\" aria-describedby=\"caption-attachment-2737\" style=\"width: 398px\" class=\"wp-caption aligncenter\"><a href=\"http:\/\/projetocineb.com.br\/wp-content\/uploads\/2011\/10\/DSC03063_01web.jpg\"><img loading=\"lazy\" decoding=\"async\" class=\"size-full wp-image-2737      \" title=\"Alguns moradores da Vila Nova Anglo Brasileira compareceram na exibi\u00e7\u00e3o da Lapa, bairro vizinho. Izildinha Aparecida Ramos, assistente social do CCA Vla Anglo, Jupira Moreira Franco, Guilherme Celestino\" src=\"http:\/\/projetocineb.com.br\/wp-content\/uploads\/2011\/10\/DSC03063_01web.jpg\" alt=\"Alguns moradores da Vila Nova Anglo Brasileira compareceram na exibi\u00e7\u00e3o da Lapa, bairro vizinho. Izildinha Aparecida Ramos, assistente social do CCA Vla Anglo, Jupira Moreira Franco, Guilherme Celestino\" width=\"398\" height=\"301\" \/><\/a><figcaption id=\"caption-attachment-2737\" class=\"wp-caption-text\">Alguns moradores da Vila Nova Anglo Brasileira compareceram na exibi\u00e7\u00e3o da Lapa, bairro vizinho. Izildinha Aparecida Ramos, assistente social do CCA Vla Anglo, Jupira Moreira Franco, Guilherme Celestino<\/figcaption><\/figure>\n<figure id=\"attachment_2730\" aria-describedby=\"caption-attachment-2730\" style=\"width: 384px\" class=\"wp-caption aligncenter\"><a href=\"http:\/\/projetocineb.com.br\/wp-content\/uploads\/2011\/10\/DSC03043_01web.jpg\"><img loading=\"lazy\" decoding=\"async\" class=\"size-full wp-image-2730  \" title=\"&quot;Viemos brincar aqui na pra\u00e7a e ficamos sabendo do cinema&quot;, diz o morador do bairro, Carlos Lins, com seu filho Bruno, de 4 anos\" src=\"http:\/\/projetocineb.com.br\/wp-content\/uploads\/2011\/10\/DSC03043_01web.jpg\" alt=\"&quot;Viemos brincar aqui na pra\u00e7a e ficamos sabendo do cinema&quot;, diz o morador do bairro, Carlos Lins, com seu filho Bruno, de 4 anos\" width=\"384\" height=\"320\" \/><\/a><figcaption id=\"caption-attachment-2730\" class=\"wp-caption-text\">&quot;Viemos brincar aqui na pra\u00e7a e ficamos sabendo do cinema&quot;, diz o morador do bairro, Carlos Lins, com seu filho Bruno, de 4 anos<\/figcaption><\/figure>\n<figure id=\"attachment_2733\" aria-describedby=\"caption-attachment-2733\" style=\"width: 384px\" class=\"wp-caption aligncenter\"><a href=\"http:\/\/projetocineb.com.br\/wp-content\/uploads\/2011\/10\/DSC03056_01web.jpg\"><img loading=\"lazy\" decoding=\"async\" class=\"size-full wp-image-2733  \" title=\"A pipoca sempre gostosa do Cine B \u00e9 a recep\u00e7\u00e3o do cinema!\" src=\"http:\/\/projetocineb.com.br\/wp-content\/uploads\/2011\/10\/DSC03056_01web.jpg\" alt=\"A pipoca sempre gostosa do Cine B \u00e9 a recep\u00e7\u00e3o do cinema!\" width=\"384\" height=\"316\" \/><\/a><figcaption id=\"caption-attachment-2733\" class=\"wp-caption-text\">A pipoca sempre gostosa do Cine B \u00e9 a recep\u00e7\u00e3o do cinema!<\/figcaption><\/figure>\n<figure id=\"attachment_2735\" aria-describedby=\"caption-attachment-2735\" style=\"width: 384px\" class=\"wp-caption aligncenter\"><a href=\"http:\/\/projetocineb.com.br\/wp-content\/uploads\/2011\/10\/DSC03060_01web.jpg\"><img loading=\"lazy\" decoding=\"async\" class=\"size-full wp-image-2735  \" title=\"A diretora da Brazucah Produ\u00e7\u00f5es, Cynthia Alario, com seu marido Paulo Perez e os pais Vera e Pablo Perez Gamero\" src=\"http:\/\/projetocineb.com.br\/wp-content\/uploads\/2011\/10\/DSC03060_01web.jpg\" alt=\"A diretora da Brazucah Produ\u00e7\u00f5es, Cynthia Alario, com seu marido Paulo Perez e os pais Vera e Pablo Perez Gamero\" width=\"384\" height=\"276\" \/><\/a><figcaption id=\"caption-attachment-2735\" class=\"wp-caption-text\">A diretora da Brazucah Produ\u00e7\u00f5es, Cynthia Alario, com seu marido Paulo Perez e os pais Vera e Pablo Perez Gamero<\/figcaption><\/figure>\n<figure id=\"attachment_2731\" aria-describedby=\"caption-attachment-2731\" style=\"width: 384px\" class=\"wp-caption aligncenter\"><a href=\"http:\/\/projetocineb.com.br\/wp-content\/uploads\/2011\/10\/DSC03048_01web.jpg\"><img loading=\"lazy\" decoding=\"async\" class=\"size-full wp-image-2731  \" title=\"O assessor do Deputado Luiz Claudio Marcolino, Adaucto Durigan, que sempre prestigia o Cine B da regi\u00e3o oeste de SP, onde mora\" src=\"http:\/\/projetocineb.com.br\/wp-content\/uploads\/2011\/10\/DSC03048_01web.jpg\" alt=\"O assessor do Deputado Luiz Claudio Marcolino, Adaucto Durigan, que sempre prestigia o Cine B da regi\u00e3o oeste de SP, onde mora\" width=\"384\" height=\"288\" \/><\/a><figcaption id=\"caption-attachment-2731\" class=\"wp-caption-text\">O assessor do Deputado Luiz Claudio Marcolino, Adaucto Durigan, que sempre prestigia o Cine B da regi\u00e3o oeste de SP, onde mora<\/figcaption><\/figure>\n<figure id=\"attachment_2736\" aria-describedby=\"caption-attachment-2736\" style=\"width: 384px\" class=\"wp-caption aligncenter\"><a href=\"http:\/\/projetocineb.com.br\/wp-content\/uploads\/2011\/10\/DSC03061_01web.jpg\"><img loading=\"lazy\" decoding=\"async\" class=\"size-full wp-image-2736  \" title=\"Os moradores da Lapa, Vivencia Leite e Leandro Fernandes\" src=\"http:\/\/projetocineb.com.br\/wp-content\/uploads\/2011\/10\/DSC03061_01web.jpg\" alt=\"Os moradores da Lapa, Vivencia Leite e Leandro Fernandes\" width=\"384\" height=\"266\" \/><\/a><figcaption id=\"caption-attachment-2736\" class=\"wp-caption-text\">Os moradores da Lapa, Vivencia Leite e Leandro Fernandes<\/figcaption><\/figure>\n<figure id=\"attachment_2729\" aria-describedby=\"caption-attachment-2729\" style=\"width: 384px\" class=\"wp-caption aligncenter\"><a href=\"http:\/\/projetocineb.com.br\/wp-content\/uploads\/2011\/10\/DSC03111_01web.jpg\"><img loading=\"lazy\" decoding=\"async\" class=\"size-full wp-image-2729  \" title=\"Os sortudos da noite, que levaram para casa brindes do Cine B, como camisetas do projeto\" src=\"http:\/\/projetocineb.com.br\/wp-content\/uploads\/2011\/10\/DSC03111_01web.jpg\" alt=\"Os sortudos da noite, que levaram para casa brindes do Cine B, como camisetas do projeto\" width=\"384\" height=\"287\" \/><\/a><figcaption id=\"caption-attachment-2729\" class=\"wp-caption-text\">Os sortudos da noite, que levaram para casa brindes do Cine B, como camisetas do projeto<\/figcaption><\/figure>\n<p><span style=\"color: #008000;\"><br \/>\n<\/span><\/p>\n","protected":false},"excerpt":{"rendered":"<p>Ao tradicional bairro paulistano da Lapa e todos os moradores da regi\u00e3o, um feliz anivers\u00e1rio do Cine B! Na sess\u00e3o[&#8230;]<\/p>\n","protected":false},"author":2,"featured_media":0,"comment_status":"open","ping_status":"open","sticky":false,"template":"","format":"standard","meta":[],"categories":[2],"tags":[18,139,154,208,242,263,266,354,362,470,732,1132,1250],"_links":{"self":[{"href":"https:\/\/projetocineb.com.br\/index.php?rest_route=\/wp\/v2\/posts\/2728"}],"collection":[{"href":"https:\/\/projetocineb.com.br\/index.php?rest_route=\/wp\/v2\/posts"}],"about":[{"href":"https:\/\/projetocineb.com.br\/index.php?rest_route=\/wp\/v2\/types\/post"}],"author":[{"embeddable":true,"href":"https:\/\/projetocineb.com.br\/index.php?rest_route=\/wp\/v2\/users\/2"}],"replies":[{"embeddable":true,"href":"https:\/\/projetocineb.com.br\/index.php?rest_route=%2Fwp%2Fv2%2Fcomments&post=2728"}],"version-history":[{"count":0,"href":"https:\/\/projetocineb.com.br\/index.php?rest_route=\/wp\/v2\/posts\/2728\/revisions"}],"wp:attachment":[{"href":"https:\/\/projetocineb.com.br\/index.php?rest_route=%2Fwp%2Fv2%2Fmedia&parent=2728"}],"wp:term":[{"taxonomy":"category","embeddable":true,"href":"https:\/\/projetocineb.com.br\/index.php?rest_route=%2Fwp%2Fv2%2Fcategories&post=2728"},{"taxonomy":"post_tag","embeddable":true,"href":"https:\/\/projetocineb.com.br\/index.php?rest_route=%2Fwp%2Fv2%2Ftags&post=2728"}],"curies":[{"name":"wp","href":"https:\/\/api.w.org\/{rel}","templated":true}]}}