{"id":2761,"date":"2011-10-30T15:21:29","date_gmt":"2011-10-30T17:21:29","guid":{"rendered":"http:\/\/projetocineb.com.br\/?p=2761"},"modified":"2011-10-30T15:21:29","modified_gmt":"2011-10-30T17:21:29","slug":"jardim-apuana","status":"publish","type":"post","link":"https:\/\/projetocineb.com.br\/?p=2761","title":{"rendered":"JARDIM APUAN\u00c3"},"content":{"rendered":"<p><span style=\"color: #ff6600;\">Pela segunda vez o Cine B chega ao Jardim Apuan\u00e3, na zona norte de S\u00e3o Paulo<\/span>, levando muita divers\u00e3o para a comunidade. Em 2009 o projeto exibiu o longa <em>Meu tio matou um cara<\/em>, de Jorge Furtado.<\/p>\n<p style=\"text-align: center;\">\n<figure id=\"attachment_2769\" aria-describedby=\"caption-attachment-2769\" style=\"width: 384px\" class=\"wp-caption aligncenter\"><a href=\"http:\/\/projetocineb.com.br\/wp-content\/uploads\/2011\/10\/DSC03139_01web.jpg\"><img fetchpriority=\"high\" decoding=\"async\" class=\"size-full wp-image-2769  \" title=\"Cine B no Jardim Apuan\u00e3\" src=\"http:\/\/projetocineb.com.br\/wp-content\/uploads\/2011\/10\/DSC03139_01web.jpg\" alt=\"Cine B no Jardim Apuan\u00e3\" width=\"384\" height=\"288\" \/><\/a><figcaption id=\"caption-attachment-2769\" class=\"wp-caption-text\">Cine B exibe no Jardim Apuan\u00e3 os 5 curtas metragens mais votados pelo p\u00fablico do Cine B, desde 2007<\/figcaption><\/figure>\n<p><span style=\"color: #ff6600;\">\u201cDepois da primeira vez, todo mundo ficou perguntando se ia ter de novo. Quando tivemos oportunidade de trazer o cinema pra c\u00e1, n\u00e3o hesitamos\u201d, conta a coordenadora geral do Projeto Apuan\u00e3, Maria Izilda Camillo.<\/span> \u201cSe todas as companhias cinematogr\u00e1ficas tivessem um projeto como este, estariam construindo uma sociedade muito melhor\u201d, comenta Izilda.<\/p>\n<p style=\"text-align: center;\">\n<figure id=\"attachment_2771\" aria-describedby=\"caption-attachment-2771\" style=\"width: 384px\" class=\"wp-caption aligncenter\"><a href=\"http:\/\/projetocineb.com.br\/wp-content\/uploads\/2011\/10\/DSC03149_01web.jpg\"><img decoding=\"async\" class=\"size-full wp-image-2771  \" title=\"A coordenadora geral do Projeto Apuan\u00e3, Maria Izilda Camillo e o coordenador do Cine B, Cid\u00e1lio Vieira Santos\" src=\"http:\/\/projetocineb.com.br\/wp-content\/uploads\/2011\/10\/DSC03149_01web.jpg\" alt=\"A coordenadora geral do Projeto Apuan\u00e3, Maria Izilda Camillo e o coordenador do Cine B, Cid\u00e1lio Vieira Santos\" width=\"384\" height=\"339\" \/><\/a><figcaption id=\"caption-attachment-2771\" class=\"wp-caption-text\">A coordenadora geral do Projeto Apuan\u00e3, Maria Izilda Camillo e o coordenador do Cine B, Cid\u00e1lio Vieira Santos<\/figcaption><\/figure>\n<p>A espectadora Vera Nancy foi uma dessas que ficou na espera por uma nova sess\u00e3o do Cine B no bairro. <span style=\"color: #ff6600;\">\u201cOlha como est\u00e1 cheia a sala. \u00c9 porque o povo gostou da ideia\u201d, diz a moradora do Jardim Apuan\u00e3.<\/span><\/p>\n<p style=\"text-align: center;\">\n<figure id=\"attachment_2768\" aria-describedby=\"caption-attachment-2768\" style=\"width: 384px\" class=\"wp-caption aligncenter\"><a href=\"http:\/\/projetocineb.com.br\/wp-content\/uploads\/2011\/10\/DSC03137_01web.jpg\"><img decoding=\"async\" class=\"size-full wp-image-2768  \" title=\"o morador Ronaldo Barbosa, na foto com sua esposa Vania Afra, e os filhos, Ludmila de 8 e Ronaldo Filho de 5\" src=\"http:\/\/projetocineb.com.br\/wp-content\/uploads\/2011\/10\/DSC03137_01web.jpg\" alt=\"o morador Ronaldo Barbosa, na foto com sua esposa Vania Afra, e os filhos, Ludmila de 8 e Ronaldo Filho de 5\" width=\"384\" height=\"297\" \/><\/a><figcaption id=\"caption-attachment-2768\" class=\"wp-caption-text\">\u201cUma atividade como essa tira as crian\u00e7as da rua e mostra um pouco da  nossa cultura, o que \u00e9 muito importante\u201d, comenta o morador Ronaldo Barbosa, na foto com sua esposa Vania Afra, e os filhos, Ludmila de 8 e Ronaldo Filho de 5<\/figcaption><\/figure>\n<h2><span style=\"color: #008000;\">TUDO NA COMUNIDADE <\/span><\/h2>\n<p>O Jardim Apuan\u00e3, como a maior parte dos bairros da periferia de S\u00e3o Paulo, carecem de alternativas de lazer e cultura para a popula\u00e7\u00e3o.<\/p>\n<p style=\"text-align: center;\">\n<figure id=\"attachment_2776\" aria-describedby=\"caption-attachment-2776\" style=\"width: 384px\" class=\"wp-caption aligncenter\"><a href=\"http:\/\/projetocineb.com.br\/wp-content\/uploads\/2011\/10\/DSC03174_01web.jpg\"><img loading=\"lazy\" decoding=\"async\" class=\"size-full wp-image-2776  \" title=\"O conjunto habitacional dos moradores do Jardim Apuan\u00e3, constru\u00eddo durante o governo da ex-prefeita de S\u00e3o Paulo, Luiza Erundina\" src=\"http:\/\/projetocineb.com.br\/wp-content\/uploads\/2011\/10\/DSC03174_01web.jpg\" alt=\"O conjunto habitacional dos moradores do Jardim Apuan\u00e3, constru\u00eddo durante o governo da ex-prefeita de S\u00e3o Paulo, Luiza Erundina\" width=\"384\" height=\"288\" \/><\/a><figcaption id=\"caption-attachment-2776\" class=\"wp-caption-text\">O conjunto habitacional dos moradores do Jardim Apuan\u00e3, constru\u00eddo durante o governo da ex-prefeita de S\u00e3o Paulo, Luiza Erundina<\/figcaption><\/figure>\n<p><span style=\"color: #ff6600;\">\u201cO cinema mais perto da gente fica no SP Norte. S\u00f3 que como tiraram a \u00fanica linha de \u00f4nibus que tinha em nosso bairro, agora precisamos descer na comunidade vizinha para tomar um \u00f4nibus e da\u00ed chegar ao cinema\u201d, explica a moradora Patr\u00edcia Alves. \u201cFica dif\u00edcil ir no cinema assim\u201d.<\/span><\/p>\n<p>Entretanto, esta \u00e9 uma comunidade que est\u00e1 inovando seu cotidiano. Gra\u00e7as a uma iniciativa da coordena\u00e7\u00e3o da entidade Sem Terra da Zona Norte, para trazer desenvolvimento local, foi criado no Jardim Apuan\u00e3 um banco que usa moeda alternativa. Os apuan\u00e3s, que \u00e9 uma moeda social.<\/p>\n<p style=\"text-align: center;\">\n<figure id=\"attachment_2763\" aria-describedby=\"caption-attachment-2763\" style=\"width: 347px\" class=\"wp-caption aligncenter\"><a href=\"http:\/\/projetocineb.com.br\/wp-content\/uploads\/2011\/10\/DSC03126_01web.jpg\"><img loading=\"lazy\" decoding=\"async\" class=\"size-full wp-image-2763  \" title=\"Cartaz em frente ao caixa do banco comunit\u00e1rio do Jd Apuan\u00e3\" src=\"http:\/\/projetocineb.com.br\/wp-content\/uploads\/2011\/10\/DSC03126_01web.jpg\" alt=\"Cartaz em frente ao caixa do banco comunit\u00e1rio do Jd Apuan\u00e3\" width=\"347\" height=\"384\" \/><\/a><figcaption id=\"caption-attachment-2763\" class=\"wp-caption-text\">Cartaz em frente ao caixa do banco comunit\u00e1rio do Jd Apuan\u00e3. O banco \u00e9 gestionado em parceria com a Caixa Federal<\/figcaption><\/figure>\n<p><span style=\"color: #ff6600;\">\u201cNo banco comunit\u00e1rio cada morador pode fazer empr\u00e9stimo de at\u00e9 200 Apuan\u00e3s e tem at\u00e9 3 meses para pagar, sem juros\u201d, explica a gestora do banco comunit\u00e1rio, Hilda Pires.<\/span> \u201cCom isso, o dinheiro que as pessoas ganham fora, acaba circulando s\u00f3 aqui em nossa comunidade. Temos uma parceria com os comerciantes locais, assim as pessoas podem comprar de tudo por aqui, utilizando as Apuan\u00e3s\u201d.<\/p>\n<p>\u201cTrazer este projeto de economia solid\u00e1ria e desenvolvimento local foi importante para nossa comunidade, facilitando a vida dos moradores\u201d, explica Maria Izilda Camillo.<\/p>\n<p style=\"text-align: center;\">\n<figure id=\"attachment_2765\" aria-describedby=\"caption-attachment-2765\" style=\"width: 384px\" class=\"wp-caption aligncenter\"><a href=\"http:\/\/projetocineb.com.br\/wp-content\/uploads\/2011\/10\/DSC03132_01web.jpg\"><img loading=\"lazy\" decoding=\"async\" class=\"size-full wp-image-2765  \" title=\"A gestora do banco comunit\u00e1rio, Hilda Pires, o coordenador do Cine B, Cid\u00e1lio Vieira Santos, e a coordenadora geral do Projeto Apuan\u00e3, Maria Izilda Camillo\" src=\"http:\/\/projetocineb.com.br\/wp-content\/uploads\/2011\/10\/DSC03132_01web.jpg\" alt=\"A gestora do banco comunit\u00e1rio, Hilda Pires, o coordenador do Cine B, Cid\u00e1lio Vieira Santos, e a coordenadora geral do Projeto Apuan\u00e3, Maria Izilda Camillo\" width=\"384\" height=\"310\" \/><\/a><figcaption id=\"caption-attachment-2765\" class=\"wp-caption-text\">A gestora do banco comunit\u00e1rio, Hilda Pires, o coordenador do Cine B, Cid\u00e1lio Vieira Santos, e a coordenadora geral do Projeto Apuan\u00e3, Maria Izilda Camillo<\/figcaption><\/figure>\n<h2><span style=\"color: #008000;\">CLICKS<\/span><\/h2>\n<p style=\"text-align: center;\">\n<figure id=\"attachment_2767\" aria-describedby=\"caption-attachment-2767\" style=\"width: 377px\" class=\"wp-caption aligncenter\"><a href=\"http:\/\/projetocineb.com.br\/wp-content\/uploads\/2011\/10\/DSC03134_02web.jpg\"><img loading=\"lazy\" decoding=\"async\" class=\"size-full wp-image-2767 \" title=\"Pela primeira vez no cinema, Nazar\u00e9 Luiza Santos ficou admirada. &quot;Eu gostei de tudo. Dos filmes, das m\u00fasicas, achei lindo&quot;\" src=\"http:\/\/projetocineb.com.br\/wp-content\/uploads\/2011\/10\/DSC03134_02web.jpg\" alt=\"Pela primeira vez no cinema, Nazar\u00e9 Luiza Santos ficou admirada. &quot;Eu gostei de tudo. Dos filmes, das m\u00fasicas, achei lindo&quot;\" width=\"377\" height=\"480\" \/><\/a><figcaption id=\"caption-attachment-2767\" class=\"wp-caption-text\">Pela primeira vez no cinema, Nazar\u00e9 Luiza Santos ficou admirada. &quot;Eu gostei de tudo. Dos filmes, das m\u00fasicas, achei lindo&quot;<\/figcaption><\/figure>\n<p style=\"text-align: center;\">\n<figure id=\"attachment_2773\" aria-describedby=\"caption-attachment-2773\" style=\"width: 384px\" class=\"wp-caption aligncenter\"><a href=\"http:\/\/projetocineb.com.br\/wp-content\/uploads\/2011\/10\/DSC03167_01web.jpg\"><img loading=\"lazy\" decoding=\"async\" class=\"size-full wp-image-2773  \" title=\"O coordenador de obras do Jardim Apuan\u00e3, Jos\u00e9 Gomes Sobrinho, ao lado de Cid\u00e1lio, do Cine B\" src=\"http:\/\/projetocineb.com.br\/wp-content\/uploads\/2011\/10\/DSC03167_01web.jpg\" alt=\"O coordenador de obras do Jardim Apuan\u00e3, Jos\u00e9 Gomes Sobrinho, ao lado de Cid\u00e1lio, do Cine B\" width=\"384\" height=\"341\" \/><\/a><figcaption id=\"caption-attachment-2773\" class=\"wp-caption-text\">O coordenador de obras do Jardim Apuan\u00e3, Jos\u00e9 Gomes Sobrinho, ao lado de Cid\u00e1lio, do Cine B<\/figcaption><\/figure>\n<figure id=\"attachment_2774\" aria-describedby=\"caption-attachment-2774\" style=\"width: 384px\" class=\"wp-caption aligncenter\"><a href=\"http:\/\/projetocineb.com.br\/wp-content\/uploads\/2011\/10\/DSC03169_01web.jpg\"><img loading=\"lazy\" decoding=\"async\" class=\"size-full wp-image-2774  \" title=\"Rayne Vit\u00f3ria de 4 anos queria uma foto s\u00f3 dela, mas no fim escolheu tirar com a mam\u00e3e Renata Rosa de Jesus\" src=\"http:\/\/projetocineb.com.br\/wp-content\/uploads\/2011\/10\/DSC03169_01web.jpg\" alt=\"Rayne Vit\u00f3ria de 4 anos queria uma foto s\u00f3 dela, mas no fim escolheu tirar com a mam\u00e3e Renata Rosa de Jesus\" width=\"384\" height=\"324\" \/><\/a><figcaption id=\"caption-attachment-2774\" class=\"wp-caption-text\">Rayne Vit\u00f3ria de 4 anos queria uma foto s\u00f3 dela, mas no fim escolheu tirar com a mam\u00e3e Renata Rosa de Jesus<\/figcaption><\/figure>\n<p style=\"text-align: center;\">\n<figure id=\"attachment_2766\" aria-describedby=\"caption-attachment-2766\" style=\"width: 384px\" class=\"wp-caption aligncenter\"><a href=\"http:\/\/projetocineb.com.br\/wp-content\/uploads\/2011\/10\/DSC03134_01web.jpg\"><img loading=\"lazy\" decoding=\"async\" class=\"size-full wp-image-2766  \" title=\"A fam\u00edlia moradora do Jardim Apuan\u00e3, Neusa Nunes, Patr\u00edcia Alves com a filha Izabella Silva, 9 anos, e a afilhada Let\u00edcia Nunes\" src=\"http:\/\/projetocineb.com.br\/wp-content\/uploads\/2011\/10\/DSC03134_01web.jpg\" alt=\"A fam\u00edlia moradora do Jardim Apuan\u00e3, Neusa Nunes, Patr\u00edcia Alves com a filha Izabella Silva, 9 anos, e a afilhada Let\u00edcia Nunes\" width=\"384\" height=\"316\" \/><\/a><figcaption id=\"caption-attachment-2766\" class=\"wp-caption-text\">A fam\u00edlia moradora do Jardim Apuan\u00e3, Neusa Nunes, Patr\u00edcia Alves com a filha Izabella Silva, 9 anos, e a afilhada Let\u00edcia Nunes<\/figcaption><\/figure>\n<p style=\"text-align: center;\">\n<figure id=\"attachment_2775\" aria-describedby=\"caption-attachment-2775\" style=\"width: 384px\" class=\"wp-caption aligncenter\"><a href=\"http:\/\/projetocineb.com.br\/wp-content\/uploads\/2011\/10\/DSC03170_01web.jpg\"><img loading=\"lazy\" decoding=\"async\" class=\"size-full wp-image-2775  \" title=\"A tesoureira da Associa\u00e7\u00e3o, Sidin\u00e9ia Lopes de Borges e o instrutor do projeto Menor da Vila, Alexandre dos Santos\" src=\"http:\/\/projetocineb.com.br\/wp-content\/uploads\/2011\/10\/DSC03170_01web.jpg\" alt=\"A tesoureira da Associa\u00e7\u00e3o, Sidin\u00e9ia Lopes de Borges e o instrutor do projeto Menor da Vila, Alexandre dos Santos\" width=\"384\" height=\"322\" \/><\/a><figcaption id=\"caption-attachment-2775\" class=\"wp-caption-text\">A tesoureira da Associa\u00e7\u00e3o, Sidin\u00e9ia Lopes de Borges e o instrutor do projeto Menor da Vila, Alexandre dos Santos<\/figcaption><\/figure>\n<figure id=\"attachment_2779\" aria-describedby=\"caption-attachment-2779\" style=\"width: 384px\" class=\"wp-caption aligncenter\"><a href=\"http:\/\/projetocineb.com.br\/wp-content\/uploads\/2011\/10\/DSC03185_01web.jpg\"><img loading=\"lazy\" decoding=\"async\" class=\"size-full wp-image-2779  \" title=\"Os sortudos da noite que levaram para casa diversos brindes sorteados com as pesquisas de opini\u00e3o dos filmes e do Cine B\" src=\"http:\/\/projetocineb.com.br\/wp-content\/uploads\/2011\/10\/DSC03185_01web.jpg\" alt=\"Os sortudos da noite que levaram para casa diversos brindes sorteados com as pesquisas de opini\u00e3o dos filmes e do Cine B\" width=\"384\" height=\"288\" \/><\/a><figcaption id=\"caption-attachment-2779\" class=\"wp-caption-text\">Os sortudos da noite que levaram para casa diversos brindes sorteados com as pesquisas de opini\u00e3o dos filmes e do Cine B<\/figcaption><\/figure>\n","protected":false},"excerpt":{"rendered":"<p>Pela segunda vez o Cine B chega ao Jardim Apuan\u00e3, na zona norte de S\u00e3o Paulo, levando muita divers\u00e3o para[&#8230;]<\/p>\n","protected":false},"author":2,"featured_media":0,"comment_status":"open","ping_status":"open","sticky":false,"template":"","format":"standard","meta":[],"categories":[2],"tags":[128,154,242,263,266,414,669,815,818,1105,1132,1249],"_links":{"self":[{"href":"https:\/\/projetocineb.com.br\/index.php?rest_route=\/wp\/v2\/posts\/2761"}],"collection":[{"href":"https:\/\/projetocineb.com.br\/index.php?rest_route=\/wp\/v2\/posts"}],"about":[{"href":"https:\/\/projetocineb.com.br\/index.php?rest_route=\/wp\/v2\/types\/post"}],"author":[{"embeddable":true,"href":"https:\/\/projetocineb.com.br\/index.php?rest_route=\/wp\/v2\/users\/2"}],"replies":[{"embeddable":true,"href":"https:\/\/projetocineb.com.br\/index.php?rest_route=%2Fwp%2Fv2%2Fcomments&post=2761"}],"version-history":[{"count":0,"href":"https:\/\/projetocineb.com.br\/index.php?rest_route=\/wp\/v2\/posts\/2761\/revisions"}],"wp:attachment":[{"href":"https:\/\/projetocineb.com.br\/index.php?rest_route=%2Fwp%2Fv2%2Fmedia&parent=2761"}],"wp:term":[{"taxonomy":"category","embeddable":true,"href":"https:\/\/projetocineb.com.br\/index.php?rest_route=%2Fwp%2Fv2%2Fcategories&post=2761"},{"taxonomy":"post_tag","embeddable":true,"href":"https:\/\/projetocineb.com.br\/index.php?rest_route=%2Fwp%2Fv2%2Ftags&post=2761"}],"curies":[{"name":"wp","href":"https:\/\/api.w.org\/{rel}","templated":true}]}}