{"id":2786,"date":"2011-11-01T20:04:58","date_gmt":"2011-11-01T22:04:58","guid":{"rendered":"http:\/\/projetocineb.com.br\/?p=2786"},"modified":"2011-11-01T20:04:58","modified_gmt":"2011-11-01T22:04:58","slug":"cohab-raposo-tavares-2","status":"publish","type":"post","link":"https:\/\/projetocineb.com.br\/?p=2786","title":{"rendered":"COHAB RAPOSO TAVARES"},"content":{"rendered":"<p>E olha o <span style=\"color: #ff6600;\">Cine B na zona oeste de novo fazendo uma exibi\u00e7\u00e3o ao ar livre, pela segunda vez em sua programa\u00e7\u00e3o de outubro<\/span>. Dessa vez os 5 curtas metragens escolhidos pelo p\u00fablico do projeto foram exibidos <span style=\"color: #ff6600;\">na Cohab Raposo Tavares<\/span>.<\/p>\n<figure id=\"attachment_2794\" aria-describedby=\"caption-attachment-2794\" style=\"width: 384px\" class=\"wp-caption aligncenter\"><a href=\"http:\/\/projetocineb.com.br\/wp-content\/uploads\/2011\/11\/DSC03234_01web.jpg\"><img fetchpriority=\"high\" decoding=\"async\" class=\"size-full wp-image-2794  \" title=\"Cine B pela segunda vez na Cohab Raposo Tavares\" src=\"http:\/\/projetocineb.com.br\/wp-content\/uploads\/2011\/11\/DSC03234_01web.jpg\" alt=\"Cine B pela segunda vez na Cohab Raposo Tavares\" width=\"384\" height=\"261\" \/><\/a><figcaption id=\"caption-attachment-2794\" class=\"wp-caption-text\">Cine B pela segunda vez na Cohab Raposo Tavares<\/figcaption><\/figure>\n<p>No final de 2010 o Cine B fez sua primeira exibi\u00e7\u00e3o nesta comunidade exibindo o curta <em>O troco<\/em>, de Andr\u00e9 Rolim (que est\u00e1 neste primeiro DVD do Selo Cine B do Cinema Brasileiro) e o longa <em>A guerra dos vizinhos<\/em>, de Rubens Xavier.<\/p>\n<p>Segundo o presidente da Associa\u00e7\u00e3o Mandela, Artur Martins da Silva Freire, o p\u00fablico aprovou o projeto e pediu o retorno.<\/p>\n<p><span style=\"color: #ff6600;\">\u201cA turma ficou pedindo, o pessoal gostou bastante ent\u00e3o este conseguimos agendar essa exibi\u00e7\u00e3o\u201d, conta Artur.<\/span><\/p>\n<figure id=\"attachment_2792\" aria-describedby=\"caption-attachment-2792\" style=\"width: 384px\" class=\"wp-caption aligncenter\"><a href=\"http:\/\/projetocineb.com.br\/wp-content\/uploads\/2011\/11\/DSC03226_01web.jpg\"><img decoding=\"async\" class=\"size-full wp-image-2792  \" title=\"Na abertura da exibi\u00e7\u00e3o, ao microfone, o presidente da Associa\u00e7\u00e3o Mandela, Artus Martins da Silva Filho, e o coordenador do Cine B, Cid\u00e1lio Vieira Santos\" src=\"http:\/\/projetocineb.com.br\/wp-content\/uploads\/2011\/11\/DSC03226_01web.jpg\" alt=\"Na abertura da exibi\u00e7\u00e3o, ao microfone, o presidente da Associa\u00e7\u00e3o Mandela, Artus Martins da Silva Filho, e o coordenador do Cine B, Cid\u00e1lio Vieira Santos\" width=\"384\" height=\"288\" \/><\/a><figcaption id=\"caption-attachment-2792\" class=\"wp-caption-text\">Na abertura da exibi\u00e7\u00e3o, ao microfone, o presidente da Associa\u00e7\u00e3o Mandela, Artus Martins da Silva Filho, e o coordenador do Cine B, Cid\u00e1lio Vieira Santos<\/figcaption><\/figure>\n<p>A Associa\u00e7\u00e3o Mandela atualmente est\u00e1 com um interessante trabalho ecol\u00f3gico na comunidade. \u201cTem um terreno aqui na regi\u00e3o onde era uma favela, e houve reintegra\u00e7\u00e3o de posse do espa\u00e7o pelos moradores da Cohab, junto \u00e0 Prefeitura\u201d, explica Artur. \u201cAgora estamos replantando Pau Brasil no terreno\u201d, diz o presidente da Associa\u00e7\u00e3o.<\/p>\n<h2><span style=\"color: #008000;\">CLICKS<\/span><\/h2>\n<figure id=\"attachment_2787\" aria-describedby=\"caption-attachment-2787\" style=\"width: 384px\" class=\"wp-caption aligncenter\"><a href=\"http:\/\/projetocineb.com.br\/wp-content\/uploads\/2011\/11\/DSC03190_01web.jpg\"><img decoding=\"async\" class=\"size-full wp-image-2787  \" title=\"A travessa Cocha Bamba, antes de virar um cinema\" src=\"http:\/\/projetocineb.com.br\/wp-content\/uploads\/2011\/11\/DSC03190_01web.jpg\" alt=\"A travessa Cocha Bamba, antes de virar um cinema\" width=\"384\" height=\"288\" \/><\/a><figcaption id=\"caption-attachment-2787\" class=\"wp-caption-text\">A travessa Cocha Bamba, antes de virar um cinema<\/figcaption><\/figure>\n<figure id=\"attachment_2788\" aria-describedby=\"caption-attachment-2788\" style=\"width: 384px\" class=\"wp-caption aligncenter\"><a href=\"http:\/\/projetocineb.com.br\/wp-content\/uploads\/2011\/11\/DSC03211_01web.jpg\"><img loading=\"lazy\" decoding=\"async\" class=\"size-full wp-image-2788  \" title=\"Pronto! A rua virou um cinema\" src=\"http:\/\/projetocineb.com.br\/wp-content\/uploads\/2011\/11\/DSC03211_01web.jpg\" alt=\"Pronto! A rua virou um cinema\" width=\"384\" height=\"288\" \/><\/a><figcaption id=\"caption-attachment-2788\" class=\"wp-caption-text\">Pronto! A rua virou um cinema<\/figcaption><\/figure>\n<figure id=\"attachment_2790\" aria-describedby=\"caption-attachment-2790\" style=\"width: 384px\" class=\"wp-caption aligncenter\"><a href=\"http:\/\/projetocineb.com.br\/wp-content\/uploads\/2011\/11\/DSC03216_01web.jpg\"><img loading=\"lazy\" decoding=\"async\" class=\"size-full wp-image-2790  \" title=\"&quot;Ele estava viajando, mas dessa vez consegui vir no cinema&quot;, disse a moradora Vanderlis do Carmo, de seu marido Fabio Almeida Martins, que n\u00e3o veio na primeira sess\u00e3o do Cine B nesta rua. Na foto, com os filhos, Deyvdi Guilherme, 7 e Thays Martins, de apenas 2 meses\" src=\"http:\/\/projetocineb.com.br\/wp-content\/uploads\/2011\/11\/DSC03216_01web.jpg\" alt=\"&quot;Ele estava viajando, mas dessa vez consegui vir no cinema&quot;, disse a moradora Vanderlis do Carmo, de seu marido Fabio Almeida Martins, que n\u00e3o veio na primeira sess\u00e3o do Cine B nesta rua. Na foto, com os filhos, Deyvdi Guilherme, 7 e Thays Martins, de apenas 2 meses\" width=\"384\" height=\"299\" \/><\/a><figcaption id=\"caption-attachment-2790\" class=\"wp-caption-text\">&quot;Ele estava viajando, mas dessa vez consegui vir no cinema&quot;, disse a moradora Vanderlis do Carmo, de seu marido Fabio Almeida Martins, que n\u00e3o veio na primeira sess\u00e3o do Cine B nesta rua. Na foto, com os filhos, Deyvdi Guilherme, 7 e Thays Martins, de apenas 2 meses<\/figcaption><\/figure>\n<figure id=\"attachment_2791\" aria-describedby=\"caption-attachment-2791\" style=\"width: 384px\" class=\"wp-caption aligncenter\"><a href=\"http:\/\/projetocineb.com.br\/wp-content\/uploads\/2011\/11\/DSC03218_01web.jpg\"><img loading=\"lazy\" decoding=\"async\" class=\"size-full wp-image-2791  \" title=\"Os moradores da rua, Hilda Pereira Vasconcellos, Edson Martins da Silva, Gisele Aparecida Silva\" src=\"http:\/\/projetocineb.com.br\/wp-content\/uploads\/2011\/11\/DSC03218_01web.jpg\" alt=\"Os moradores da rua, Hilda Pereira Vasconcellos, Edson Martins da Silva, Gisele Aparecida Silva\" width=\"384\" height=\"283\" \/><\/a><figcaption id=\"caption-attachment-2791\" class=\"wp-caption-text\">Os moradores da rua, Hilda Pereira Vasconcellos, Edson Martins da Silva, Gisele Aparecida Silva<\/figcaption><\/figure>\n<figure id=\"attachment_2795\" aria-describedby=\"caption-attachment-2795\" style=\"width: 384px\" class=\"wp-caption aligncenter\"><a href=\"http:\/\/projetocineb.com.br\/wp-content\/uploads\/2011\/11\/DSC03237_01web.jpg\"><img loading=\"lazy\" decoding=\"async\" class=\"size-full wp-image-2795  \" title=\"Os sortudos da Cohab Raposo Tavares!\" src=\"http:\/\/projetocineb.com.br\/wp-content\/uploads\/2011\/11\/DSC03237_01web.jpg\" alt=\"Os sortudos da Cohab Raposo Tavares!\" width=\"384\" height=\"275\" \/><\/a><figcaption id=\"caption-attachment-2795\" class=\"wp-caption-text\">Os sortudos da Cohab Raposo Tavares!<\/figcaption><\/figure>\n<p><span style=\"color: #008000;\"><br \/>\n<\/span><\/p>\n","protected":false},"excerpt":{"rendered":"<p>E olha o Cine B na zona oeste de novo fazendo uma exibi\u00e7\u00e3o ao ar livre, pela segunda vez em[&#8230;]<\/p>\n","protected":false},"author":2,"featured_media":0,"comment_status":"open","ping_status":"open","sticky":false,"template":"","format":"standard","meta":[],"categories":[2],"tags":[154,242,263,266,301,1132,1250],"_links":{"self":[{"href":"https:\/\/projetocineb.com.br\/index.php?rest_route=\/wp\/v2\/posts\/2786"}],"collection":[{"href":"https:\/\/projetocineb.com.br\/index.php?rest_route=\/wp\/v2\/posts"}],"about":[{"href":"https:\/\/projetocineb.com.br\/index.php?rest_route=\/wp\/v2\/types\/post"}],"author":[{"embeddable":true,"href":"https:\/\/projetocineb.com.br\/index.php?rest_route=\/wp\/v2\/users\/2"}],"replies":[{"embeddable":true,"href":"https:\/\/projetocineb.com.br\/index.php?rest_route=%2Fwp%2Fv2%2Fcomments&post=2786"}],"version-history":[{"count":0,"href":"https:\/\/projetocineb.com.br\/index.php?rest_route=\/wp\/v2\/posts\/2786\/revisions"}],"wp:attachment":[{"href":"https:\/\/projetocineb.com.br\/index.php?rest_route=%2Fwp%2Fv2%2Fmedia&parent=2786"}],"wp:term":[{"taxonomy":"category","embeddable":true,"href":"https:\/\/projetocineb.com.br\/index.php?rest_route=%2Fwp%2Fv2%2Fcategories&post=2786"},{"taxonomy":"post_tag","embeddable":true,"href":"https:\/\/projetocineb.com.br\/index.php?rest_route=%2Fwp%2Fv2%2Ftags&post=2786"}],"curies":[{"name":"wp","href":"https:\/\/api.w.org\/{rel}","templated":true}]}}