{"id":2807,"date":"2011-11-05T15:54:14","date_gmt":"2011-11-05T17:54:14","guid":{"rendered":"http:\/\/projetocineb.com.br\/?p=2807"},"modified":"2011-11-05T15:54:14","modified_gmt":"2011-11-05T17:54:14","slug":"novembro-e-dezembro-no-cine-b","status":"publish","type":"post","link":"https:\/\/projetocineb.com.br\/?p=2807","title":{"rendered":"NOVEMBRO E DEZEMBRO NO CINE B"},"content":{"rendered":"<p>\u00c0 partir de hoje, menos de dois meses para o fim de 2011. E nesta reta final do ano a programa\u00e7\u00e3o do Cine B vem <span style=\"color: #ff6600;\">pra divertir a crian\u00e7ada em 2 sess\u00f5es na zona leste, 3 na zona oeste e 2 na zona sul. \u00c9 sess\u00e3o pra todo lado, do centro de S\u00e3o Paulo (Luz) at\u00e9 Itapecerica da Serra, no Parque Para\u00edso!<\/span><\/p>\n<p><span style=\"color: #ff6600;\"><a href=\"http:\/\/projetocineb.com.br\/?page_id=464\" target=\"_blank\">Clique para ver a programa\u00e7\u00e3o completa.<\/a><\/span><\/p>\n<h2><span style=\"color: #008000;\">EM CARTAZ!<\/span><\/h2>\n<p>O filme\u00a0<em>Eu e meu guarda chuva<\/em> mostra a \u00faltima noite de f\u00e9rias de Eug\u00eanio, um menino de 11 anos que junto com seu amigo Cebola, envolvem-se nas maiores aventuras para resgatar a amiga Frida, sequestrada pelo fantasma do tem\u00edvel Bar\u00e3o Von Staffen. Com ajuda do guarda chuva herdado de seu saudoso av\u00f4, o duelo final entre Eug\u00eanio e o Bar\u00e3o decidir\u00e1 o destino de todos eles, inclusive de sua querida Frida.<\/p>\n<p><span style=\"color: #ff6600;\">J\u00e1 viu o trailer?<\/span> Fiquei louco pra assistir!<\/p>\n<p>O filme \u00e9 dirigido por<em> <\/em>Toni Vanzolini e dura praticamente 1h30min! O genero \u00e9 infantil, ent\u00e3o j\u00e1 sabe:<strong> <span style=\"color: #ff6600;\">CLASSIFICA\u00c7\u00c3O LIVRE<\/span><\/strong><\/p>\n<h2><span style=\"color: #008000;\">CURTA METRAGEM: <em>PROCURA-SE<\/em><\/span><\/h2>\n<p><a href=\"http:\/\/vimeo.com\/8866894\">PROCURA-SE &#8211; Trailer<\/a> from <a href=\"http:\/\/vimeo.com\/ibere\">Iber\u00ea Carvalho<\/a> on <a href=\"http:\/\/vimeo.com\">Vimeo<\/a>.<\/p>\n<p><strong>SINOPSE:<\/strong> Camile est\u00e1 determinada a encontrar seu cachorro Bolinha, mas para encontr\u00e1-lo precisar\u00e1 viver a maior aventura de sua vida.<\/p>\n<p>Dire\u00e7\u00e3o e roteiro: Iber\u00ea Carvalho<\/p>\n<div>\n<p><span style=\"color: #ffffff; -webkit-border-horizontal-spacing: 2px; -webkit-border-vertical-spacing: 2px; line-height: normal;\"><span style=\"color: #000000;\"><strong> <\/strong><\/span><\/span><\/p>\n<p style=\"text-align: center;\"><strong><br \/>\n<\/strong><\/p>\n<\/div>\n<div><span style=\"color: #ffffff; -webkit-border-horizontal-spacing: 2px; -webkit-border-vertical-spacing: 2px; line-height: normal;\"><span style=\"color: #000000;\"><br \/>\n<\/span><\/span><\/div>\n<div>\n<h2><span style=\"color: #008000;\">CINEMA BRASILEIRO EM:<\/span><\/h2>\n<\/div>\n<div>\n<div>\n<div><span style=\"color: #ff6600;\">Ser\u00e1 que tem exibi\u00e7\u00e3o do lado da sua casa? Confira as pr\u00f3ximas comunidades que nos recebem!<\/span><\/div>\n<div><span style=\"color: #ff6600;\"><br \/>\n<\/span><\/div>\n<\/div>\n<\/div>\n<div>\n<div>\n<div><strong>VILA PIAUI<\/strong><\/div>\n<div><span style=\"color: #ff6600;\">DIA: 10, NOVEMBRO, QUINTA-FEIRA, 19:30h<\/span><\/div>\n<div><span style=\"color: #ff6600;\">LOCAL: SAL\u00c3O DE FESTAS DA PAR\u00d3QUIA NOSSA SENHORA APARECIDA<\/span><\/div>\n<div>ENDERE\u00c7O: Rua Nilva, 324 &#8211; Vila Piau\u00ed, zona oeste<\/div>\n<div>Ponto de refer\u00eancia: travessa da avenida Mutinga<\/div>\n<div>RETIRADA DE CONVITES: na secretaria da Igreja, com Solange (Tel: 3621-6957)<\/div>\n<div>Espa\u00e7o com capacidade para 200 pessoas<\/div>\n<div>\n<div><strong>VILA RICA<\/strong><\/div>\n<div><span style=\"color: #ff6600;\">DIA: 18, NOVEMBRO, SEXTA-FEIRA, 19:30h<\/span><\/div>\n<div><span style=\"color: #ff6600;\">LOCAL: SOCIEDADE AMIGOS DO BAIRRO DE VILA RICA<\/span><\/div>\n<div>ENDERE\u00c7O: Rua Jo\u00e3o Batista de Lima, 47 &#8211; Vila Rica, zona leste<\/div>\n<div>RETIRADA DE CONVITES: na pr\u00f3pria associa\u00e7\u00e3o, com Bia Moreno (Cel: 9697-3086)<\/div>\n<div>Espa\u00e7o com capacidade para 200 pessoas<\/div>\n<div>\n<div>\n<div><strong>LUZ<\/strong><\/div>\n<\/div>\n<div><span style=\"color: #ff6600;\">DIA: 19, NOVEMBRO, S\u00c1BADO, 19h<\/span><\/div>\n<div><span style=\"color: #ff6600;\">LOCAL: ESTACIONAMENTO DA PADARIA CASA AURORA<\/span><\/div>\n<div>ENDERE\u00c7O: Rua Aurora, 601 &#8211; Luz, centro de S\u00e3o Paulo<\/div>\n<div>RETIRADA DE CONVITES: na Padaria Causa Aurora (Rua Aurora, 580)<\/div>\n<div>Espa\u00e7o com capacidade para 150 pessoas<\/div>\n<div>+<\/div>\n<blockquote>\n<div><a href=\"http:\/\/projetocineb.com.br\/?page_id=464\" target=\"_blank\">+\u00a0Clique aqui para ver a programa\u00e7\u00e3o completa de novembro e dezembro de 2011!<\/a><\/div>\n<\/blockquote>\n<\/div>\n<\/div>\n<\/div>\n<\/div>\n","protected":false},"excerpt":{"rendered":"<p>\u00c0 partir de hoje, menos de dois meses para o fim de 2011. E nesta reta final do ano a[&#8230;]<\/p>\n","protected":false},"author":2,"featured_media":0,"comment_status":"open","ping_status":"open","sticky":false,"template":"","format":"standard","meta":[],"categories":[7],"tags":[154,242,263,266,348,495,616,1095,1132,1166,1247,1250,1251],"_links":{"self":[{"href":"https:\/\/projetocineb.com.br\/index.php?rest_route=\/wp\/v2\/posts\/2807"}],"collection":[{"href":"https:\/\/projetocineb.com.br\/index.php?rest_route=\/wp\/v2\/posts"}],"about":[{"href":"https:\/\/projetocineb.com.br\/index.php?rest_route=\/wp\/v2\/types\/post"}],"author":[{"embeddable":true,"href":"https:\/\/projetocineb.com.br\/index.php?rest_route=\/wp\/v2\/users\/2"}],"replies":[{"embeddable":true,"href":"https:\/\/projetocineb.com.br\/index.php?rest_route=%2Fwp%2Fv2%2Fcomments&post=2807"}],"version-history":[{"count":0,"href":"https:\/\/projetocineb.com.br\/index.php?rest_route=\/wp\/v2\/posts\/2807\/revisions"}],"wp:attachment":[{"href":"https:\/\/projetocineb.com.br\/index.php?rest_route=%2Fwp%2Fv2%2Fmedia&parent=2807"}],"wp:term":[{"taxonomy":"category","embeddable":true,"href":"https:\/\/projetocineb.com.br\/index.php?rest_route=%2Fwp%2Fv2%2Fcategories&post=2807"},{"taxonomy":"post_tag","embeddable":true,"href":"https:\/\/projetocineb.com.br\/index.php?rest_route=%2Fwp%2Fv2%2Ftags&post=2807"}],"curies":[{"name":"wp","href":"https:\/\/api.w.org\/{rel}","templated":true}]}}