{"id":2817,"date":"2011-11-07T00:17:51","date_gmt":"2011-11-07T02:17:51","guid":{"rendered":"http:\/\/projetocineb.com.br\/?p=2817"},"modified":"2011-11-07T00:17:51","modified_gmt":"2011-11-07T02:17:51","slug":"cinema-br-em-movimento-e-parceiro-do-cine-b","status":"publish","type":"post","link":"https:\/\/projetocineb.com.br\/?p=2817","title":{"rendered":"CINE B NA REVISTA BRASIL ATUAL"},"content":{"rendered":"<figure id=\"attachment_2820\" aria-describedby=\"caption-attachment-2820\" style=\"width: 411px\" class=\"wp-caption aligncenter\"><a href=\"http:\/\/projetocineb.com.br\/wp-content\/uploads\/2011\/11\/2011-10-10-Rev-Brasil-Atual.jpg\"><img fetchpriority=\"high\" decoding=\"async\" class=\"size-full wp-image-2820  \" title=\"Numa nova realidade tecnol\u00f3gica, o Brasil expande seus canais de exibi\u00e7\u00e3o\" src=\"http:\/\/projetocineb.com.br\/wp-content\/uploads\/2011\/11\/2011-10-10-Rev-Brasil-Atual.jpg\" alt=\"Numa nova realidade tecnol\u00f3gica, o Brasil expande seus canais de exibi\u00e7\u00e3o\" width=\"411\" height=\"323\" \/><\/a><figcaption id=\"caption-attachment-2820\" class=\"wp-caption-text\">Numa nova realidade tecnol\u00f3gica, o Brasil muda o panorama da produ\u00e7\u00e3o audiovisual no Pa\u00eds<\/figcaption><\/figure>\n<p><span style=\"color: #ff6600;\">O Cine B \u00e9 citado em uma mat\u00e9ria super 10 dos rep\u00f3rteres Guilherme Bryan e J\u00e9ssica de Souza, da Revista do Brasil<\/span> (edi\u00e7\u00e3o 64, de outubro de 2011), <span style=\"color: #ff6600;\">sobre a atual fase do cinema brasileiro<\/span>.<strong> Leia abaixo um trecho da reportagem.<\/strong><\/p>\n<p><span style=\"color: #ff6600;\">&#8220;Outra frente de expans\u00e3o do acesso ao cinema por um outro tipo de p\u00fablico \u2013 n\u00e3o habituado nem \u00e0s tecnologias nem \u00e0s salas comerciais convencionais \u2013 s\u00e3o os circuitos alternativos de exibi\u00e7\u00e3o, de acordo com Cynthia Alario, diretora da Rede Brazucah.<\/span> A produtora existe desde 2002 e j\u00e1 realizou exibi\u00e7\u00f5es gratuitas para milhares de espectadores, principalmente na periferia das grandes capitais. <span style=\"color: #ff6600;\">Desde 2007, a atividade \u00e9 fortalecida por uma parceria celebrada com o Sindicato dos Banc\u00e1rios de S\u00e3o Paulo, Osasco e Regi\u00e3o \u2013 o projeto <strong>Cine B<\/strong>.<\/span><\/p>\n<p>Com estrutura itinerante composta por tel\u00e3o, projetor, pipoca e pesquisas de opini\u00e3o, as mais de 150 exibi\u00e7\u00f5es do Cine\u00ad B levaram 50 t\u00edtulos nacionais a 22 mil espectadores. <span style=\"color: #ff6600;\">A parceria criou tamb\u00e9m um selo para o lan\u00e7amento de dois DVDs com cinco curtas cada um, eleitos pelo p\u00fablico. O primeiro deles saiu com tiragem de mil exemplares, \u00e9 vendido a pre\u00e7os populares durante as exibi\u00e7\u00f5es e traz as anima\u00e7\u00f5es <em>Historietas Mal Assombradas<\/em> (15 minutos) e <em>Vida Maria<\/em> (9 minutos), <em>O Troco<\/em> (11), <em>Xadrez das Cores<\/em> (22) e <em>A Mula Teimosa e o Controle Remoto<\/em> (15).<\/span><\/p>\n<figure id=\"attachment_2826\" aria-describedby=\"caption-attachment-2826\" style=\"width: 384px\" class=\"wp-caption aligncenter\"><a href=\"http:\/\/projetocineb.com.br\/wp-content\/uploads\/2011\/11\/MAU_1192cy-ci.jpg\"><img decoding=\"async\" class=\"size-full wp-image-2826  \" title=\"Cynthia Alario, diretora da Brazucah Produ\u00e7\u00f5es e Cid\u00e1lio Vieira Santos, coordenador do Cine B\" src=\"http:\/\/projetocineb.com.br\/wp-content\/uploads\/2011\/11\/MAU_1192cy-ci.jpg\" alt=\"Cynthia Alario, diretora da Brazucah Produ\u00e7\u00f5es e Cid\u00e1lio Vieira Santos, coordenador do Cine B\" width=\"384\" height=\"255\" \/><\/a><figcaption id=\"caption-attachment-2826\" class=\"wp-caption-text\">Cynthia Alario, diretora da Brazucah Produ\u00e7\u00f5es e Cid\u00e1lio Vieira Santos, coordenador do Cine B. Foto de Maur\u00edcio Morais<\/figcaption><\/figure>\n<p>Engenheiro el\u00e9trico e animador gr\u00e1fico, M\u00e1rcio Ramos, diretor de <em>Vida Maria<\/em> \u2013 anima\u00e7\u00e3o em 3D sobre mulheres no sert\u00e3o nordestino e a dificuldade de se alfabetizarem \u2013, decidiu caminhar em dire\u00e7\u00e3o contr\u00e1ria aos novos canais de exibi\u00e7\u00e3o e voltar seu trabalho n\u00e3o para o p\u00fablico da internet, mas para professores, cin\u00e9filos, representantes de organiza\u00e7\u00f5es n\u00e3o governamentais, alunos de cursos de gest\u00e3o, funcion\u00e1rios de empresas privadas e estatais e frequentadores de igrejas. <span style=\"color: #ff6600;\">\u201cMinha ideia n\u00e3o \u00e9 ir em busca de milh\u00f5es de cliques. Quero, por enquanto, que quem veja meu curta o fa\u00e7a em situa\u00e7\u00e3o dedicada, em grupo real, e n\u00e3o virtual.\u201d<\/span><\/p>\n<p><a href=\"http:\/\/www.redebrasilatual.com.br\/revistas\/64\/cinema2\/view\" target=\"_blank\">Clique aqui para ler toda a mat\u00e9ria!<\/a><\/p>\n","protected":false},"excerpt":{"rendered":"<p>O Cine B \u00e9 citado em uma mat\u00e9ria super 10 dos rep\u00f3rteres Guilherme Bryan e J\u00e9ssica de Souza, da Revista[&#8230;]<\/p>\n","protected":false},"author":2,"featured_media":0,"comment_status":"open","ping_status":"open","sticky":false,"template":"","format":"standard","meta":[],"categories":[7],"tags":[154,242,263,362,586,785,1057,1095,1105,1137,1214],"_links":{"self":[{"href":"https:\/\/projetocineb.com.br\/index.php?rest_route=\/wp\/v2\/posts\/2817"}],"collection":[{"href":"https:\/\/projetocineb.com.br\/index.php?rest_route=\/wp\/v2\/posts"}],"about":[{"href":"https:\/\/projetocineb.com.br\/index.php?rest_route=\/wp\/v2\/types\/post"}],"author":[{"embeddable":true,"href":"https:\/\/projetocineb.com.br\/index.php?rest_route=\/wp\/v2\/users\/2"}],"replies":[{"embeddable":true,"href":"https:\/\/projetocineb.com.br\/index.php?rest_route=%2Fwp%2Fv2%2Fcomments&post=2817"}],"version-history":[{"count":0,"href":"https:\/\/projetocineb.com.br\/index.php?rest_route=\/wp\/v2\/posts\/2817\/revisions"}],"wp:attachment":[{"href":"https:\/\/projetocineb.com.br\/index.php?rest_route=%2Fwp%2Fv2%2Fmedia&parent=2817"}],"wp:term":[{"taxonomy":"category","embeddable":true,"href":"https:\/\/projetocineb.com.br\/index.php?rest_route=%2Fwp%2Fv2%2Fcategories&post=2817"},{"taxonomy":"post_tag","embeddable":true,"href":"https:\/\/projetocineb.com.br\/index.php?rest_route=%2Fwp%2Fv2%2Ftags&post=2817"}],"curies":[{"name":"wp","href":"https:\/\/api.w.org\/{rel}","templated":true}]}}