{"id":285,"date":"2010-02-09T23:14:16","date_gmt":"2010-02-09T23:14:16","guid":{"rendered":"http:\/\/projetocineb.com.br\/?p=285"},"modified":"2010-02-09T23:14:16","modified_gmt":"2010-02-09T23:14:16","slug":"interlagos","status":"publish","type":"post","link":"https:\/\/projetocineb.com.br\/?p=285","title":{"rendered":"INTERLAGOS"},"content":{"rendered":"<h2><span style=\"color: #339966;\">QUASE NO AP<\/span><\/h2>\n<p>S\u00f3 o <span style=\"color: #0000ff;\">CineB<\/span> para levar o cinema para <span style=\"color: #0000ff;\">dentro de um conjunto residencial de 2.500 habitantes, no canto de uma grande garagem<\/span>. Dessa vez, este evento realizado pelo Sindicato dos Banc\u00e1rios de S\u00e3o Paulo, Osasco e Regi\u00e3o se superou, ganhou contornos bastante interessantes no <span style=\"color: #0000ff;\">Condom\u00ednio Parque dos P\u00e1ssaros<\/span>.<\/p>\n<p><span style=\"color: #0000ff;\">J\u00e1 imaginou, voc\u00ea numa sexta-feira, chegar do trabalho e ficar sabendo que ta rolando um cinema l\u00e1 na garagem do pr\u00e9dio?<\/span> Pois \u00e9, CineB na \u00e1rea na pen\u00faltima sess\u00e3o do ano. E vamo que vamo!<\/p>\n<p style=\"text-align: center;\"><a href=\"http:\/\/projetocineb.com.br\/wp-content\/uploads\/2010\/02\/DSC00657_01SITE.jpg\"><img fetchpriority=\"high\" decoding=\"async\" class=\"aligncenter size-full wp-image-288\" title=\"Duvida que o CineB vai pra garagem do seu pr\u00e9dio?\" src=\"http:\/\/projetocineb.com.br\/wp-content\/uploads\/2010\/02\/DSC00657_01SITE.jpg\" alt=\"\" width=\"410\" height=\"223\" \/><\/a><\/p>\n<h2><span style=\"color: #339966;\">CULTURA GR\u00c1TIS<\/span><\/h2>\n<p>Os cond\u00f4minos Milton Ferreira de Castro e Bertolina Rosa de Castro vieram conferir especialmente o filme <em><span style=\"color: #0000ff;\">A orquestra dos meninos<\/span><\/em>. \u201cEstava curioso para saber como tinha sido realmente, este caso\u201d, disse Milton.<\/p>\n<p><span style=\"color: #0000ff;\">Para o senhor S\u00e9rgio Luz e Silva, de 91 anos, a hist\u00f3ria retratou bem como acontece muitos epis\u00f3dios desagrad\u00e1veis com a popula\u00e7\u00e3o do interior do Brasil.<\/span> Ele aprovou o filme e o projeto CineB. <span style=\"color: #0000ff;\">\u201c\u00c9 sempre bom termos cultura por perto. Eu costumo sempre avisar as pessoas sobre o Instituto Humboldt, que toda quinta-feira, \u00e0 partir das 20 horas, apresenta grandes concertos, de gra\u00e7a! Eu acho \u00f3timo, mas fico sempre me questionando porque quase sempre o p\u00fablico \u00e9 pequeno\u201d, comentou S\u00e9rgio<\/span>.<\/p>\n<p style=\"text-align: center;\"><a href=\"http:\/\/projetocineb.com.br\/wp-content\/uploads\/2010\/02\/DSC00661_01SITE.jpg\"><img decoding=\"async\" class=\"aligncenter size-full wp-image-290\" title=\"O senhor S\u00e9rgio Luz e Silva, de 91 anos\" src=\"http:\/\/projetocineb.com.br\/wp-content\/uploads\/2010\/02\/DSC00661_01SITE.jpg\" alt=\"\" width=\"384\" height=\"243\" \/><\/a><\/p>\n<p>Edna de Andrade tamb\u00e9m partilha da id\u00e9ia do seu S\u00e9rgio de que as pessoas precisam de mais cultura em suas vidas. \u201cSempre que sei de algum evento diferente, aviso todo mundo que posso. Gosto de compartilhar aquilo que sei\u201d, disse Edna.<\/p>\n<p><span style=\"color: #0000ff;\">\u201cAchei \u00f3timo hoje esta sess\u00e3o. Se Maom\u00e9 n\u00e3o vai at\u00e9 a montanha, a montanha vai at\u00e9 Maom\u00e9, n\u00e3o \u00e9 mesmo?\u201d, brincou Edna<\/span>, que trouxe suas filhas Taina de 9 anos e Gaia de 5, para conferir os filmes.<\/p>\n<p style=\"text-align: center;\"><a href=\"http:\/\/projetocineb.com.br\/wp-content\/uploads\/2010\/02\/DSC00652_01SITE.jpg\"><img decoding=\"async\" class=\"aligncenter size-full wp-image-291\" title=\"Edna de Andrade, com sua filha Taina, de 9 anos\" src=\"http:\/\/projetocineb.com.br\/wp-content\/uploads\/2010\/02\/DSC00652_01SITE.jpg\" alt=\"\" width=\"283\" height=\"448\" \/><\/a><\/p>\n<h2><span style=\"color: #339966;\">CINEMA BRASILEIRO<\/span><\/h2>\n<p>\u201cBuscamos realizar mais atividades para os moradores daqui\u201d, explicou o s\u00edndico do Condom\u00ednio Parque dos P\u00e1ssaros, Paulo. O conselheiro da comunidade, senhor Oswaldo, disse que em 2010 os cond\u00f4minos poder\u00e3o participar de atividades que v\u00e3o desde excurs\u00f5es a museus, at\u00e9 cursos de culin\u00e1ria.<\/p>\n<p><span style=\"color: #0000ff;\">\u201cPara n\u00f3s \u00e9 muito importante um evento como este, porque faz unir as pessoas que vivem por aqui. Al\u00e9m disso, podemos prestigiar o nosso cinema, reconhecendo o trabalho desses brasileiros\u201d, disse Paulo<\/span>.<\/p>\n<p style=\"text-align: center;\"><a href=\"http:\/\/projetocineb.com.br\/wp-content\/uploads\/2010\/02\/DSC00654_01SITE.jpg\"><img loading=\"lazy\" decoding=\"async\" class=\"aligncenter size-full wp-image-292\" title=\"O s\u00edndico do condom\u00ednio, Paulo e o conselheiro Oswaldo\" src=\"http:\/\/projetocineb.com.br\/wp-content\/uploads\/2010\/02\/DSC00654_01SITE.jpg\" alt=\"\" width=\"403\" height=\"302\" \/><\/a><\/p>\n<h2><span style=\"color: #339966;\">PR\u00d3XIMA SESS\u00c3O E \u00daLTIMA DE 2009!<\/span><\/h2>\n<p>A\u00ea galera, <em>anota\u00ed <\/em>o endere\u00e7o da \u00faltima sess\u00e3o do CineB de 2009. Dessa vez nos encontramos na <span style=\"color: #0000ff;\">rua Jerimanduba, sem n\u00famero, no bairro do Jaguar\u00e1<\/span>. Para saber mais um monte de coisas, que tal ligar para o <span style=\"color: #0000ff;\">3942-3925<\/span> e mandar ver nas perguntas!<\/p>\n<p>At\u00e9 l\u00e1!<\/p>\n<p style=\"text-align: center;\"><a href=\"http:\/\/projetocineb.com.br\/wp-content\/uploads\/2010\/02\/DSC00666_01SITE.jpg\"><img loading=\"lazy\" decoding=\"async\" class=\"aligncenter size-full wp-image-293\" title=\"CineB no Condom\u00ednio Parque dos P\u00e1ssaros\" src=\"http:\/\/projetocineb.com.br\/wp-content\/uploads\/2010\/02\/DSC00666_01SITE.jpg\" alt=\"\" width=\"384\" height=\"288\" \/><\/a><\/p>\n<p style=\"text-align: center;\">\n<p style=\"text-align: center;\"><a href=\"http:\/\/projetocineb.com.br\/wp-content\/uploads\/2010\/02\/DSC00658_01SITE.jpg\"><img loading=\"lazy\" decoding=\"async\" class=\"aligncenter size-full wp-image-294\" title=\"P\u00fablico chega na garagem do pr\u00e9dio para pegar um cineminha\" src=\"http:\/\/projetocineb.com.br\/wp-content\/uploads\/2010\/02\/DSC00658_01SITE.jpg\" alt=\"\" width=\"415\" height=\"264\" \/><\/a><\/p>\n<p style=\"text-align: center;\"><a href=\"http:\/\/projetocineb.com.br\/wp-content\/uploads\/2010\/02\/DSC00621_01SITE.jpg\"><img loading=\"lazy\" decoding=\"async\" class=\"aligncenter size-full wp-image-295\" title=\"Vai uma pipoca a\u00ed?\" src=\"http:\/\/projetocineb.com.br\/wp-content\/uploads\/2010\/02\/DSC00621_01SITE.jpg\" alt=\"\" width=\"410\" height=\"307\" \/><\/a><\/p>\n<p style=\"text-align: center;\">\n<p style=\"text-align: center;\"><a href=\"http:\/\/projetocineb.com.br\/wp-content\/uploads\/2010\/02\/DSC00636_01SITE.jpg\"><img loading=\"lazy\" decoding=\"async\" class=\"aligncenter size-full wp-image-296\" title=\"Bruno, t\u00e9cnico de \u00e1udio e v\u00eddeo, dando uma de cantor rom\u00e2ntico\" src=\"http:\/\/projetocineb.com.br\/wp-content\/uploads\/2010\/02\/DSC00636_01SITE.jpg\" alt=\"\" width=\"384\" height=\"343\" \/><\/a><\/p>\n<p style=\"text-align: center;\">\n<p style=\"text-align: center;\"><a href=\"http:\/\/projetocineb.com.br\/wp-content\/uploads\/2010\/02\/DSC00640_01SITE.jpg\"><img loading=\"lazy\" decoding=\"async\" class=\"aligncenter size-full wp-image-300\" title=\"\u00c9 dif\u00edcil sobrar pipoca...\" src=\"http:\/\/projetocineb.com.br\/wp-content\/uploads\/2010\/02\/DSC00640_01SITE.jpg\" alt=\"\" width=\"384\" height=\"288\" \/><\/a><\/p>\n<p style=\"text-align: center;\">\n<p style=\"text-align: center;\"><a href=\"http:\/\/projetocineb.com.br\/wp-content\/uploads\/2010\/02\/DSC00644_01SITE.jpg\"><img loading=\"lazy\" decoding=\"async\" class=\"aligncenter size-full wp-image-301\" title=\"O blogueiro no vidro filmado da kombi\" src=\"http:\/\/projetocineb.com.br\/wp-content\/uploads\/2010\/02\/DSC00644_01SITE.jpg\" alt=\"\" width=\"384\" height=\"267\" \/><\/a><\/p>\n<p style=\"text-align: center;\">\n<p style=\"text-align: center;\"><a href=\"http:\/\/projetocineb.com.br\/wp-content\/uploads\/2010\/02\/DSC00674_01SITE.jpg\"><img loading=\"lazy\" decoding=\"async\" class=\"aligncenter size-full wp-image-297\" title=\"Os felizardos da noite, que subiram pro ap com uma camiseta do CineB e canecas da exposi\u00e7\u00e3o do Corpo Humano\" src=\"http:\/\/projetocineb.com.br\/wp-content\/uploads\/2010\/02\/DSC00674_01SITE.jpg\" alt=\"\" width=\"461\" height=\"256\" \/><\/a><\/p>\n<p style=\"text-align: left;\">0~0<\/p>\n<p style=\"text-align: center;\">\n","protected":false},"excerpt":{"rendered":"<p>QUASE NO AP S\u00f3 o CineB para levar o cinema para dentro de um conjunto residencial de 2.500 habitantes, no[&#8230;]<\/p>\n","protected":false},"author":2,"featured_media":0,"comment_status":"open","ping_status":"open","sticky":false,"template":"","format":"standard","meta":[],"categories":[2],"tags":[34,154,266,281,319,470,643,1095,1251],"_links":{"self":[{"href":"https:\/\/projetocineb.com.br\/index.php?rest_route=\/wp\/v2\/posts\/285"}],"collection":[{"href":"https:\/\/projetocineb.com.br\/index.php?rest_route=\/wp\/v2\/posts"}],"about":[{"href":"https:\/\/projetocineb.com.br\/index.php?rest_route=\/wp\/v2\/types\/post"}],"author":[{"embeddable":true,"href":"https:\/\/projetocineb.com.br\/index.php?rest_route=\/wp\/v2\/users\/2"}],"replies":[{"embeddable":true,"href":"https:\/\/projetocineb.com.br\/index.php?rest_route=%2Fwp%2Fv2%2Fcomments&post=285"}],"version-history":[{"count":0,"href":"https:\/\/projetocineb.com.br\/index.php?rest_route=\/wp\/v2\/posts\/285\/revisions"}],"wp:attachment":[{"href":"https:\/\/projetocineb.com.br\/index.php?rest_route=%2Fwp%2Fv2%2Fmedia&parent=285"}],"wp:term":[{"taxonomy":"category","embeddable":true,"href":"https:\/\/projetocineb.com.br\/index.php?rest_route=%2Fwp%2Fv2%2Fcategories&post=285"},{"taxonomy":"post_tag","embeddable":true,"href":"https:\/\/projetocineb.com.br\/index.php?rest_route=%2Fwp%2Fv2%2Ftags&post=285"}],"curies":[{"name":"wp","href":"https:\/\/api.w.org\/{rel}","templated":true}]}}