{"id":2927,"date":"2011-11-24T15:36:19","date_gmt":"2011-11-24T17:36:19","guid":{"rendered":"http:\/\/projetocineb.com.br\/?p=2927"},"modified":"2011-11-24T15:36:19","modified_gmt":"2011-11-24T17:36:19","slug":"itapecerica-da-serra-3","status":"publish","type":"post","link":"https:\/\/projetocineb.com.br\/?p=2927","title":{"rendered":"ITAPECERICA DA SERRA"},"content":{"rendered":"<figure id=\"attachment_2936\" aria-describedby=\"caption-attachment-2936\" style=\"width: 384px\" class=\"wp-caption aligncenter\"><a href=\"http:\/\/projetocineb.com.br\/wp-content\/uploads\/2011\/11\/DSC03650_01web.jpg\"><img fetchpriority=\"high\" decoding=\"async\" class=\"size-full wp-image-2936  \" title=\"200 espectadores participaram do Cine B em Itapecerica da Serra\" src=\"http:\/\/projetocineb.com.br\/wp-content\/uploads\/2011\/11\/DSC03650_01web.jpg\" alt=\"200 espectadores participaram do Cine B em Itapecerica da Serra\" width=\"384\" height=\"288\" \/><\/a><figcaption id=\"caption-attachment-2936\" class=\"wp-caption-text\">200 espectadores participaram do Cine B em Itapecerica da Serra, na Escola Estadual Prof. Dr. Eurico da Silva<\/figcaption><\/figure>\n<p>Os filmes em cartaz no Cine B (<em>Eu e meu guarda chuva<\/em> e <em>Procura-se<\/em>) est\u00e3o fazendo sucesso. <span style=\"color: #ff6600;\">Na nona exibi\u00e7\u00e3o do Cine B em Itapecerica da Serra, os filmes mais uma vez divertiram a garotada e tamb\u00e9m os adultos! <\/span>Ainda mais que n\u00e3o h\u00e1 um cinema sequer na cidade.<\/p>\n<p><a href=\"http:\/\/projetocineb.com.br\/?p=2047\">Clique para ver como foi a \u00faltima exibi\u00e7\u00e3o em Itapecerica.<\/a><\/p>\n<p>Muitos rostos conhecidos. S\u00e3o os espectadores que j\u00e1 viraram f\u00e3 do Cine B na cidade. Uma das f\u00e3s at\u00e9 ganhou um guarda chuva, sorteado na sess\u00e3o.<\/p>\n<p><span style=\"color: #ff6600;\">\u201cNa primeira vez que eu vim, pedi que o projeto voltasse. Hoje eu vou pedir de novo, porque da \u00faltima vez funcionou\u201d, brinca a f\u00e3 Suzana Aparecida da Silva Almeida.<span style=\"color: #000000;\"> \u201cO cinema \u00e9 nota 10\u201d.<\/span><\/span><\/p>\n<figure id=\"attachment_2944\" aria-describedby=\"caption-attachment-2944\" style=\"width: 384px\" class=\"wp-caption aligncenter\"><a href=\"http:\/\/projetocineb.com.br\/wp-content\/uploads\/2011\/11\/DSC03694_01web.jpg\"><img decoding=\"async\" class=\"size-full wp-image-2944  \" title=\"Suzana Aparecida Almeida, ganhadora do guarda chuva no Cine B, com sua filha Sabrina, de 5 anos\" src=\"http:\/\/projetocineb.com.br\/wp-content\/uploads\/2011\/11\/DSC03694_01web.jpg\" alt=\"Suzana Aparecida Almeida, ganhadora do guarda chuva no Cine B, com sua filha Sabrina, de 5 anos\" width=\"384\" height=\"326\" \/><\/a><figcaption id=\"caption-attachment-2944\" class=\"wp-caption-text\">Suzana Aparecida Almeida, ganhadora do guarda chuva no Cine B, com sua filha Sabrina, de 5 anos<\/figcaption><\/figure>\n<p>Para outros espectadores, esta \u00e9 a primeira vez que assistem um filme na grande tela.<\/p>\n<p><span style=\"color: #ff6600;\">\u201c\u00c9 minha primeira vez num cinema, por falta de oportunidade mesmo\u201d, confessa a espectadora e aluna do EJA noturno, Diolicia Rosa da Silva Neves. \u201cSempre que passam filmes brasileiros na tv \u00e0 cabo assisto, mas como acordo \u00e0s 4 da manh\u00e3, acabo dormindo antes do final. Inclusive hoje estava com medo de dormir aqui\u201d, diz a simp\u00e1tica Diolicia.<\/span><\/p>\n<p>Na abertura da exibi\u00e7\u00e3o, a vice-diretora da Escola, Maura Lucia Cisa de Melo agradeceu o retorno do projeto e elogiou a participa\u00e7\u00e3o da comunidade e dos alunos da Escola.<\/p>\n<figure id=\"attachment_2941\" aria-describedby=\"caption-attachment-2941\" style=\"width: 384px\" class=\"wp-caption aligncenter\"><a href=\"http:\/\/projetocineb.com.br\/wp-content\/uploads\/2011\/11\/DSC03677_01web.jpg\"><img decoding=\"async\" class=\"size-full wp-image-2941  \" title=\"A vice-diretora da Escola, Maura Lucia Cisa de Melo, representante da Pastoral F\u00e9 e Pol\u00edtica, Gilberto Morais, Marquinho, assessor do Deputado Estadual Luiz Claudio Marcolino e o coordenador do Cine B, Cid\u00e1lio Vieira Santos\" src=\"http:\/\/projetocineb.com.br\/wp-content\/uploads\/2011\/11\/DSC03677_01web.jpg\" alt=\"A vice-diretora da Escola, Maura Lucia Cisa de Melo, representante da Pastoral F\u00e9 e Pol\u00edtica, Gilberto Morais, Marquinho, assessor do Deputado Estadual Luiz Claudio Marcolino e o coordenador do Cine B, Cid\u00e1lio Vieira Santos\" width=\"384\" height=\"330\" \/><\/a><figcaption id=\"caption-attachment-2941\" class=\"wp-caption-text\">A vice-diretora da Escola, Maura Lucia Cisa de Melo, representante da Pastoral F\u00e9 e Pol\u00edtica, Gilberto Morais, o assessor do Deputado Estadual Luiz Claudio Marcolino, Marco Rog\u00e9rio Lerois e o coordenador do Cine B, Cid\u00e1lio Vieira Santos<\/figcaption><\/figure>\n<p>\u201cHoje aqui est\u00e1 cheio, e isso que n\u00f3s tivemos pouco tempo de divulga\u00e7\u00e3o. Imagine se tiv\u00e9ssemos mais tempo\u201d,\u00a0 diz Maura, na abertura da exibi\u00e7\u00e3o.<\/p>\n<p>\u201cJ\u00e1 virou tradi\u00e7\u00e3o o Cine B aqui em Itapecerica da Serra. J\u00e1 viemos diversas vezes e ainda voltaremos muito mais, gra\u00e7as ao engajamento de toda comunidade\u201d, elogiou o coordenador do Cine B, Cid\u00e1lio Vieira Santos.<\/p>\n<figure id=\"attachment_2932\" aria-describedby=\"caption-attachment-2932\" style=\"width: 384px\" class=\"wp-caption aligncenter\"><a href=\"http:\/\/projetocineb.com.br\/wp-content\/uploads\/2011\/11\/DSC03636_01web.jpg\"><img loading=\"lazy\" decoding=\"async\" class=\"size-full wp-image-2932  \" title=\"Cine B na escola Prof. Dr. Eurico da Silva, em Itapecerica da Serra\" src=\"http:\/\/projetocineb.com.br\/wp-content\/uploads\/2011\/11\/DSC03636_01web.jpg\" alt=\"Cine B na escola Prof. Dr. Eurico da Silva, em Itapecerica da Serra\" width=\"384\" height=\"263\" \/><\/a><figcaption id=\"caption-attachment-2932\" class=\"wp-caption-text\">Cine B na escola Prof. Dr. Eurico da Silva, em Itapecerica da Serra<\/figcaption><\/figure>\n<p>Para n\u00f3s da equipe do Cine B, esta sess\u00e3o em Itapecerica simbolizou uma verdadeira demonstra\u00e7\u00e3o de vit\u00f3ria. Casa cheia, s\u00f3 elogios, espectadores que s\u00e3o tem carteirinha do Cine B e pessoas que nunca foram ao cinema tendo sua primeira experi\u00eancia com um filme nacional.<\/p>\n<p>Mas nunca estamos satisfeitos. Voc\u00ea, que vive como a maioria em uma comunidade carente de alternativas culturais e de lazer, fa\u00e7a contato conosco. Participe dessa divulga\u00e7\u00e3o do cinema produzido em nosso Pa\u00eds!<\/p>\n<h2><span style=\"color: #008000;\">CLICKS<\/span><\/h2>\n<figure id=\"attachment_2930\" aria-describedby=\"caption-attachment-2930\" style=\"width: 384px\" class=\"wp-caption aligncenter\"><a href=\"http:\/\/projetocineb.com.br\/wp-content\/uploads\/2011\/11\/DSC03624_01web.jpg\"><img loading=\"lazy\" decoding=\"async\" class=\"size-full wp-image-2930  \" title=\"A crian\u00e7ada adora, l\u00f3gico rss quem n\u00e3o gosta?\" src=\"http:\/\/projetocineb.com.br\/wp-content\/uploads\/2011\/11\/DSC03624_01web.jpg\" alt=\"A crian\u00e7ada adora, l\u00f3gico rss quem n\u00e3o gosta?\" width=\"384\" height=\"340\" \/><\/a><figcaption id=\"caption-attachment-2930\" class=\"wp-caption-text\">A crian\u00e7ada adora, l\u00f3gico rss quem n\u00e3o gosta?<\/figcaption><\/figure>\n<figure id=\"attachment_2935\" aria-describedby=\"caption-attachment-2935\" style=\"width: 384px\" class=\"wp-caption aligncenter\"><a href=\"http:\/\/projetocineb.com.br\/wp-content\/uploads\/2011\/11\/DSC03645_01web.jpg\"><img loading=\"lazy\" decoding=\"async\" class=\"size-full wp-image-2935  \" title=\"&quot;Eu nunca fui ao cinema, e tamb\u00e9m aqui em Itapecerica n\u00e3o tem nenhum&quot;, diz a aluna do EJA Shirley Almeida, com suas filhas Larissa e Lais, de 9 anos\" src=\"http:\/\/projetocineb.com.br\/wp-content\/uploads\/2011\/11\/DSC03645_01web.jpg\" alt=\"&quot;Eu nunca fui ao cinema, e tamb\u00e9m aqui em Itapecerica n\u00e3o tem nenhum&quot;, diz a aluna do EJA Shirley Almeida, com suas filhas Larissa e Lais, de 9 anos\" width=\"384\" height=\"365\" \/><\/a><figcaption id=\"caption-attachment-2935\" class=\"wp-caption-text\">&quot;Eu nunca fui ao cinema, e tamb\u00e9m aqui em Itapecerica n\u00e3o tem nenhum&quot;, diz a aluna do EJA Shirley Almeida, com suas filhas Larissa e Lais, de 9 anos<\/figcaption><\/figure>\n<p><span style=\"color: #008000;\"> <\/span><\/p>\n<figure id=\"attachment_2943\" aria-describedby=\"caption-attachment-2943\" style=\"width: 384px\" class=\"wp-caption aligncenter\"><a href=\"http:\/\/projetocineb.com.br\/wp-content\/uploads\/2011\/11\/DSC03690_01web.jpg\"><img loading=\"lazy\" decoding=\"async\" class=\"size-full wp-image-2943  \" title=\"&quot;Acho muito legal levar cinema para as pessoas&quot;, diz o agente Brazucah Eduardo Oliveira. Ele no Parque Para\u00edso, por acaso viu o Cine B acontecendo e veio nos ajudar! Aqui uma foto dele com a m\u00e3e, Celia Regina, e a irm\u00e3, Gabriela, 10\" src=\"http:\/\/projetocineb.com.br\/wp-content\/uploads\/2011\/11\/DSC03690_01web.jpg\" alt=\"&quot;Acho muito legal levar cinema para as pessoas&quot;, diz o agente Brazucah Eduardo Oliveira. Ele no Parque Para\u00edso, por acaso viu o Cine B acontecendo e veio nos ajudar! Aqui uma foto dele com a m\u00e3e, Celia Regina, e a irm\u00e3, Gabriela, 10\" width=\"384\" height=\"321\" \/><\/a><figcaption id=\"caption-attachment-2943\" class=\"wp-caption-text\">&quot;Acho muito legal levar cinema para as pessoas&quot;, diz o agente Brazucah Eduardo Oliveira. Ele no Parque Para\u00edso, por acaso viu o Cine B acontecendo e veio nos ajudar! Aqui uma foto dele com a m\u00e3e, Celia Regina, e a irm\u00e3, Gabriela, 10<\/figcaption><\/figure>\n<figure id=\"attachment_2934\" aria-describedby=\"caption-attachment-2934\" style=\"width: 384px\" class=\"wp-caption aligncenter\"><a href=\"http:\/\/projetocineb.com.br\/wp-content\/uploads\/2011\/11\/DSC03644_01web.jpg\"><img loading=\"lazy\" decoding=\"async\" class=\"size-full wp-image-2934  \" title=\"&quot;\u00c9 muito bom vir no Cine B com meus filhos, vir sozinha \u00e9 ruim&quot;, confessou a moradora do Parque Para\u00edso, Aparecida Maria Galv\u00e3o, que na \u00faltima exibi\u00e7\u00e3o veio conferir o longa 'Quinca Berro D'\u00e1gua'\" src=\"http:\/\/projetocineb.com.br\/wp-content\/uploads\/2011\/11\/DSC03644_01web.jpg\" alt=\"&quot;\u00c9 muito bom vir no Cine B com meus filhos, vir sozinha \u00e9 ruim&quot;, confessou a moradora do Parque Para\u00edso, Aparecida Maria Galv\u00e3o, que na \u00faltima exibi\u00e7\u00e3o veio conferir o longa 'Quinca Berro D'\u00e1gua'\" width=\"384\" height=\"281\" \/><\/a><figcaption id=\"caption-attachment-2934\" class=\"wp-caption-text\">&quot;\u00c9 muito bom vir no Cine B com meus filhos, vir sozinha \u00e9 ruim&quot;, confessou a moradora do Parque Para\u00edso, Aparecida Maria Galv\u00e3o, que na \u00faltima exibi\u00e7\u00e3o veio conferir o longa &#39;Quinca Berro D&#39;\u00e1gua&#39;<\/figcaption><\/figure>\n<figure id=\"attachment_2946\" aria-describedby=\"caption-attachment-2946\" style=\"width: 384px\" class=\"wp-caption aligncenter\"><a href=\"http:\/\/projetocineb.com.br\/wp-content\/uploads\/2011\/11\/DSC03701_01web.jpg\"><img loading=\"lazy\" decoding=\"async\" class=\"size-full wp-image-2946  \" title=\"Os sortudos desta exibi\u00e7\u00e3o que levaram para casa camisetas do Cine B e at\u00e9 guarda chuvas!\" src=\"http:\/\/projetocineb.com.br\/wp-content\/uploads\/2011\/11\/DSC03701_01web.jpg\" alt=\"Os sortudos desta exibi\u00e7\u00e3o que levaram para casa camisetas do Cine B e at\u00e9 guarda chuvas!\" width=\"384\" height=\"288\" \/><\/a><figcaption id=\"caption-attachment-2946\" class=\"wp-caption-text\">Os sortudos desta exibi\u00e7\u00e3o que levaram para casa camisetas do Cine B e at\u00e9 guarda chuvas!<\/figcaption><\/figure>\n<p>Veja mais fotos em nosso Facebook: <a href=\"http:\/\/www.facebook.com\/cinemabrasileiro\" target=\"_blank\">www.facebook.com\/cinemabrasileiro<\/a><\/p>\n","protected":false},"excerpt":{"rendered":"<p>Os filmes em cartaz no Cine B (Eu e meu guarda chuva e Procura-se) est\u00e3o fazendo sucesso. Na nona exibi\u00e7\u00e3o[&#8230;]<\/p>\n","protected":false},"author":2,"featured_media":0,"comment_status":"open","ping_status":"open","sticky":false,"template":"","format":"standard","meta":[],"categories":[2],"tags":[154,242,262,263,266,495,653,999,1095,1132],"_links":{"self":[{"href":"https:\/\/projetocineb.com.br\/index.php?rest_route=\/wp\/v2\/posts\/2927"}],"collection":[{"href":"https:\/\/projetocineb.com.br\/index.php?rest_route=\/wp\/v2\/posts"}],"about":[{"href":"https:\/\/projetocineb.com.br\/index.php?rest_route=\/wp\/v2\/types\/post"}],"author":[{"embeddable":true,"href":"https:\/\/projetocineb.com.br\/index.php?rest_route=\/wp\/v2\/users\/2"}],"replies":[{"embeddable":true,"href":"https:\/\/projetocineb.com.br\/index.php?rest_route=%2Fwp%2Fv2%2Fcomments&post=2927"}],"version-history":[{"count":0,"href":"https:\/\/projetocineb.com.br\/index.php?rest_route=\/wp\/v2\/posts\/2927\/revisions"}],"wp:attachment":[{"href":"https:\/\/projetocineb.com.br\/index.php?rest_route=%2Fwp%2Fv2%2Fmedia&parent=2927"}],"wp:term":[{"taxonomy":"category","embeddable":true,"href":"https:\/\/projetocineb.com.br\/index.php?rest_route=%2Fwp%2Fv2%2Fcategories&post=2927"},{"taxonomy":"post_tag","embeddable":true,"href":"https:\/\/projetocineb.com.br\/index.php?rest_route=%2Fwp%2Fv2%2Ftags&post=2927"}],"curies":[{"name":"wp","href":"https:\/\/api.w.org\/{rel}","templated":true}]}}