{"id":2952,"date":"2011-11-26T13:04:53","date_gmt":"2011-11-26T15:04:53","guid":{"rendered":"http:\/\/projetocineb.com.br\/?p=2952"},"modified":"2011-11-26T13:04:53","modified_gmt":"2011-11-26T15:04:53","slug":"jaguare-2","status":"publish","type":"post","link":"https:\/\/projetocineb.com.br\/?p=2952","title":{"rendered":"JAGUAR\u00c9"},"content":{"rendered":"<p><span style=\"color: #ff6600;\">Este \u00e9 o Cine B, reunindo escolas e moradores do Jaguar\u00e9, zona oeste de S\u00e3o Paulo. Pela sexta vez o projeto exibiu filmes brasileiros no sal\u00e3o de festas da Igreja S\u00e3o Jos\u00e9 do Jaguar\u00e9.<\/span><\/p>\n<figure id=\"attachment_2969\" aria-describedby=\"caption-attachment-2969\" style=\"width: 358px\" class=\"wp-caption aligncenter\"><a href=\"http:\/\/projetocineb.com.br\/wp-content\/uploads\/2011\/11\/DSC03773_01web.jpg\"><img fetchpriority=\"high\" decoding=\"async\" class=\"size-full wp-image-2969     \" title=\"Pela sexta vez o Cine B retorna ao sal\u00e3o de festas da Igreja Nossa Senhora do Jaguar\u00e9, zona oeste de S\u00e3o Paulo\" src=\"http:\/\/projetocineb.com.br\/wp-content\/uploads\/2011\/11\/DSC03773_01web.jpg\" alt=\"Pela sexta vez o Cine B retorna ao sal\u00e3o de festas da Igreja Nossa Senhora do Jaguar\u00e9, zona oeste de S\u00e3o Paulo\" width=\"358\" height=\"269\" \/><\/a><figcaption id=\"caption-attachment-2969\" class=\"wp-caption-text\">245 espectadores assistiram aos 5 curtas metragens mais votados pelo p\u00fablico do Cine B desde 2007<\/figcaption><\/figure>\n<p><span style=\"color: #ff6600;\">Boa parte do sucesso desta exibi\u00e7\u00e3o se deve ao pr\u00f3prio coordenador do Cine B, O Cid\u00e1lio Vieira Santos, que em parceria com o Padre Roberto, divulgou a sess\u00e3o em escolas do Jaguar\u00e9<\/span>. Tr\u00eas escolas vieram e os alunos macaram presen\u00e7a porque depois ter\u00e3o que entregar um trabalho sobre os filmes exibidos.<\/p>\n<figure id=\"attachment_2958\" aria-describedby=\"caption-attachment-2958\" style=\"width: 384px\" class=\"wp-caption aligncenter\"><a href=\"http:\/\/projetocineb.com.br\/wp-content\/uploads\/2011\/11\/DSC03724_01web.jpg\"><img decoding=\"async\" class=\"size-full wp-image-2958  \" title=\"\u201cFui de sala em sala chamando professores e alunos do EJA e tamb\u00e9m estive com uma barraca do Cine B, aqui mesmo na Igreja, na 6a Feira Cultural\u201d, explica Cid\u00e1lio.\" src=\"http:\/\/projetocineb.com.br\/wp-content\/uploads\/2011\/11\/DSC03724_01web.jpg\" alt=\"\u201cFui de sala em sala chamando professores e alunos do EJA e tamb\u00e9m estive com uma barraca do Cine B, aqui mesmo na Igreja, na 6a Feira Cultural\u201d, explica Cid\u00e1lio.\" width=\"384\" height=\"342\" \/><\/a><figcaption id=\"caption-attachment-2958\" class=\"wp-caption-text\">\u201cFui de sala em sala chamando professores e alunos do EJA e tamb\u00e9m estive com uma barraca do Cine B, aqui mesmo na Igreja, na 6a Feira Cultural\u201d, explica Cid\u00e1lio.<\/figcaption><\/figure>\n<p>Na abertura da sess\u00e3o, Padre Roberto ressaltou a import\u00e2ncia que o cinema brasileiro tem ganhado a cada ano e a iniciativa do Sindicato dos Banc\u00e1rios de S\u00e3o Paulo, Osasco e Regi\u00e3o, em conjunto com a Brazucah Produ\u00e7\u00f5es, de levar esses filmes a todos os cantos.<\/p>\n<figure id=\"attachment_2965\" aria-describedby=\"caption-attachment-2965\" style=\"width: 384px\" class=\"wp-caption aligncenter\"><a href=\"http:\/\/projetocineb.com.br\/wp-content\/uploads\/2011\/11\/DSC03749_01web.jpg\"><img decoding=\"async\" class=\"size-full wp-image-2965  \" title=\"\u201cAl\u00e9m disso, o Cid\u00e1lio se dedica muito a levar essa proposta a todas as comunidades e bairros da periferia\u201d, diz o Padre Roberto.\" src=\"http:\/\/projetocineb.com.br\/wp-content\/uploads\/2011\/11\/DSC03749_01web.jpg\" alt=\"\u201cAl\u00e9m disso, o Cid\u00e1lio se dedica muito a levar essa proposta a todas as comunidades e bairros da periferia\u201d, diz o Padre Roberto.\" width=\"384\" height=\"333\" \/><\/a><figcaption id=\"caption-attachment-2965\" class=\"wp-caption-text\">\u201cAl\u00e9m disso, o Cid\u00e1lio se dedica muito a levar essa proposta a todas as comunidades e bairros da periferia\u201d, diz o Padre Roberto.<\/figcaption><\/figure>\n<p><span style=\"color: #ff6600;\">\u201cEu fazia aqui um trabalho comunit\u00e1rio com o Augusto Campos, ex-presidente do Sindicato dos Banc\u00e1rios e ex-vereador de S\u00e3o Paulo. Nessas a\u00e7\u00f5es culturais, conheci a diretora Brazucah produ\u00e7\u00f5es, Cynthia Alario, que fazia o Cinema BR em Movimento\u201d,<\/span> explica Cid\u00e1lio. \u201cCom o Padre Roberto, fizemos a primeira exibi\u00e7\u00e3o com o filme \u201cO cora\u00e7\u00e3o dos deuses, e v\u00e1rios outros\u201d, diz.<\/p>\n<p>Nessa \u00e9poca, o pr\u00f3prio Cid\u00e1lio \u00e9 que fazia e distribu\u00eda o material de divulga\u00e7\u00e3o. A vontade de levar o cinema brasileiro para as pessoas foi tanta, que um dia ele levou as pessoas no cinema.<\/p>\n<p>\u201cLevei os alunos do EMEF Espiridi\u00e3o Rosa para assistir o filme <a href=\"http:\/\/www.youtube.com\/watch?v=ose1sOSS898\" target=\"_blank\">&#8220;Uma onda no ar&#8221;<\/a>, no Espa\u00e7o Unibanco\u201d, diz Cid\u00e1lio. \u201cDessa sess\u00e3o at\u00e9 hoje sempre formo parcerias com as escolas\u201d, ressalta.<\/p>\n<p><span style=\"color: #ff6600;\">A diretora da Brazucah vendo todo esse ativismo cinematogr\u00e1fico, convidou o Cid\u00e1lio para apresentar um projeto itinerante de exibi\u00e7\u00e3o de filmes brasileiros para o Sindicato dos Banc\u00e1rios. Atrav\u00e9s do presidente da entidade na \u00e9poca, o atual deputado estadual pelo PT, Luiz Cl\u00e1udio Marcolino, o Cine B ganhou vida.<\/span><\/p>\n<figure id=\"attachment_2963\" aria-describedby=\"caption-attachment-2963\" style=\"width: 384px\" class=\"wp-caption aligncenter\"><a href=\"http:\/\/projetocineb.com.br\/wp-content\/uploads\/2011\/11\/DSC03739_01web.jpg\"><img loading=\"lazy\" decoding=\"async\" class=\"size-full wp-image-2963  \" title=\"&quot;Gostei porque aqui as pessoas se encontram, juntam as fam\u00edlias em torno de cultura, tudo que favorece a comunidade&quot;, explica a professora da Escola Estadual Henrique Dumont Villares, Hilda Cabral Vicente, acompanhada dos amigos Ricardo Fernandes e Gabriela Ferreira da Silva de 8 anos\" src=\"http:\/\/projetocineb.com.br\/wp-content\/uploads\/2011\/11\/DSC03739_01web.jpg\" alt=\"&quot;Gostei porque aqui as pessoas se encontram, juntam as fam\u00edlias em torno de cultura, tudo que favorece a comunidade&quot;, explica a professora da Escola Estadual Henrique Dumont Villares, Hilda Cabral Vicente, acompanhada dos amigos Ricardo Fernandes e Gabriela Ferreira da Silva de 8 anos\" width=\"384\" height=\"286\" \/><\/a><figcaption id=\"caption-attachment-2963\" class=\"wp-caption-text\">&quot;Gostei porque aqui as pessoas se encontram, juntam as fam\u00edlias em torno de cultura, tudo que favorece a comunidade&quot;, explica a professora da Escola Estadual Henrique Dumont Villares, Hilda Cabral Vicente, acompanhada dos amigos Ricardo Fernandes e Gabriela Ferreira da Silva de 8 anos<\/figcaption><\/figure>\n<p><span style=\"color: #ff6600;\">\u201cJ\u00e1 trouxemos atores e atrizes por aqui, voltamos tantas vezes que o Cine B no Jaguar\u00e9 j\u00e1 virou tradi\u00e7\u00e3o\u201d, diz Cid\u00e1lio.<\/span><\/p>\n<p>O Cid\u00e1lio nem sabe que estou escrevendo sobre ele. Nunca fa\u00e7o nenhum texto sobre esta importante figura do Cine B. Mas <span style=\"color: #ff6600;\">como ele \u00e9 h\u00e1 12 anos morador do Jaguar\u00e9, acho que aqui fica o nossa homenagem a este ativista pol\u00edtico-cultural que agita, e muito, o cinema brasileiro!<\/span><\/p>\n<h2><span style=\"color: #008000;\">CLICKS<\/span><\/h2>\n<figure id=\"attachment_2961\" aria-describedby=\"caption-attachment-2961\" style=\"width: 384px\" class=\"wp-caption aligncenter\"><a href=\"http:\/\/projetocineb.com.br\/wp-content\/uploads\/2011\/11\/DSC03735_01web.jpg\"><img loading=\"lazy\" decoding=\"async\" class=\"size-full wp-image-2961  \" title=\"Os professores do EJA da Escola Estadual Marechal Espiridi\u00e3o Rosas. Eles trouxeram os alunos para o Cine B, porque depois os estudantes far\u00e3o um trabalho com os filmes assistidos!\" src=\"http:\/\/projetocineb.com.br\/wp-content\/uploads\/2011\/11\/DSC03735_01web.jpg\" alt=\"Os professores do EJA da Escola Estadual Marechal Espiridi\u00e3o Rosas. Eles trouxeram os alunos para o Cine B, porque depois os estudantes far\u00e3o um trabalho com os filmes assistidos!\" width=\"384\" height=\"288\" \/><\/a><figcaption id=\"caption-attachment-2961\" class=\"wp-caption-text\">Os professores do EJA da Escola Estadual Marechal Espiridi\u00e3o Rosas. Eles trouxeram os alunos para o Cine B, porque depois os estudantes far\u00e3o um trabalho com os filmes assistidos!<\/figcaption><\/figure>\n<figure id=\"attachment_2966\" aria-describedby=\"caption-attachment-2966\" style=\"width: 384px\" class=\"wp-caption aligncenter\"><a href=\"http:\/\/projetocineb.com.br\/wp-content\/uploads\/2011\/11\/DSC03752_01web.jpg\"><img loading=\"lazy\" decoding=\"async\" class=\"size-full wp-image-2966  \" title=\"O p\u00fablico assistiu aos 5 curtas metragens mais votados pelo p\u00fablico do projeto desde 2007\" src=\"http:\/\/projetocineb.com.br\/wp-content\/uploads\/2011\/11\/DSC03752_01web.jpg\" alt=\"O p\u00fablico assistiu aos 5 curtas metragens mais votados pelo p\u00fablico do projeto desde 2007\" width=\"384\" height=\"217\" \/><\/a><figcaption id=\"caption-attachment-2966\" class=\"wp-caption-text\">O p\u00fablico assistiu aos 5 curtas metragens mais votados pelo p\u00fablico do projeto desde 2007<\/figcaption><\/figure>\n<figure id=\"attachment_2962\" aria-describedby=\"caption-attachment-2962\" style=\"width: 354px\" class=\"wp-caption aligncenter\"><a href=\"http:\/\/projetocineb.com.br\/wp-content\/uploads\/2011\/11\/DSC03736_01web.jpg\"><img loading=\"lazy\" decoding=\"async\" class=\"size-full wp-image-2962  \" title=\"&quot;Vim por curiosidade, nunca tinha vindo no cinema. At\u00e9 inventei uma hist\u00f3ria pro marido n\u00e3o ficar no meu p\u00e9&quot;, confessa a aluna do EJA, Maria Aparecida Barbosa Santos, com o sobrinho Eder Junior Barbosa\" src=\"http:\/\/projetocineb.com.br\/wp-content\/uploads\/2011\/11\/DSC03736_01web.jpg\" alt=\"&quot;Vim por curiosidade, nunca tinha vindo no cinema. At\u00e9 inventei uma hist\u00f3ria pro marido n\u00e3o ficar no meu p\u00e9&quot;, confessa a aluna do EJA, Maria Aparecida Barbosa Santos, com o sobrinho Eder Junior Barbosa\" width=\"354\" height=\"384\" \/><\/a><figcaption id=\"caption-attachment-2962\" class=\"wp-caption-text\">&quot;Vim por curiosidade, nunca tinha vindo no cinema. At\u00e9 inventei uma hist\u00f3ria pro marido n\u00e3o ficar no meu p\u00e9&quot;, confessa a aluna do EJA, Maria Aparecida Barbosa Santos, com o sobrinho Eder Junior Barbosa<\/figcaption><\/figure>\n<figure id=\"attachment_2964\" aria-describedby=\"caption-attachment-2964\" style=\"width: 392px\" class=\"wp-caption aligncenter\"><a href=\"http:\/\/projetocineb.com.br\/wp-content\/uploads\/2011\/11\/DSC03743_01web.jpg\"><img loading=\"lazy\" decoding=\"async\" class=\"size-full wp-image-2964     \" title=\"A moradora do Jaguar\u00e9, Izabel Barbosa de Souza, com as filhas, Natalia de 5 e Adriana, 9\" src=\"http:\/\/projetocineb.com.br\/wp-content\/uploads\/2011\/11\/DSC03743_01web.jpg\" alt=\"A moradora do Jaguar\u00e9, Izabel Barbosa de Souza, com as filhas, Natalia de 5 e Adriana, 9\" width=\"392\" height=\"331\" \/><\/a><figcaption id=\"caption-attachment-2964\" class=\"wp-caption-text\">A moradora do Jaguar\u00e9, Izabel Barbosa de Souza, com as filhas, Natalia de 5 e Adriana, 9<\/figcaption><\/figure>\n<figure id=\"attachment_2960\" aria-describedby=\"caption-attachment-2960\" style=\"width: 384px\" class=\"wp-caption aligncenter\"><a href=\"http:\/\/projetocineb.com.br\/wp-content\/uploads\/2011\/11\/DSC03733_01web.jpg\"><img loading=\"lazy\" decoding=\"async\" class=\"size-full wp-image-2960  \" title=\"&quot;Eu achei \u00f3timo esse cinema. De gra\u00e7a ent\u00e3o, melhor ainda!&quot;, brinca a espectadora Maria de Jesus, acompanhada de Edilma Nascimento, Suyane Nascimento, 6 anos, e Ant\u00f4nio Arlindo\" src=\"http:\/\/projetocineb.com.br\/wp-content\/uploads\/2011\/11\/DSC03733_01web.jpg\" alt=\"&quot;Eu achei \u00f3timo esse cinema. De gra\u00e7a ent\u00e3o, melhor ainda!&quot;, brinca a espectadora Maria de Jesus, acompanhada de Edilma Nascimento, Suyane Nascimento, 6 anos, e Ant\u00f4nio Arlindo\" width=\"384\" height=\"318\" \/><\/a><figcaption id=\"caption-attachment-2960\" class=\"wp-caption-text\">&quot;Eu achei \u00f3timo esse cinema. De gra\u00e7a ent\u00e3o, melhor ainda!&quot;, brinca a espectadora Maria de Jesus, acompanhada de Edilma Nascimento, Suyane Nascimento, 6 anos, e Ant\u00f4nio Arlindo<\/figcaption><\/figure>\n<figure id=\"attachment_2971\" aria-describedby=\"caption-attachment-2971\" style=\"width: 384px\" class=\"wp-caption aligncenter\"><a href=\"http:\/\/projetocineb.com.br\/wp-content\/uploads\/2011\/11\/DSC03780_01web.jpg\"><img loading=\"lazy\" decoding=\"async\" class=\"size-full wp-image-2971  \" title=\"Os ganhadores do Guia Catraca Livre Fausto Camilo e Dami\u00e3o de Carvalho\" src=\"http:\/\/projetocineb.com.br\/wp-content\/uploads\/2011\/11\/DSC03780_01web.jpg\" alt=\"Os ganhadores do Guia Catraca Livre Fausto Camilo e Dami\u00e3o de Carvalho\" width=\"384\" height=\"314\" \/><\/a><figcaption id=\"caption-attachment-2971\" class=\"wp-caption-text\">Os ganhadores do Guia Catraca Livre Fausto Camilo e Dami\u00e3o de Carvalho. O guia est\u00e1 sendo sorteado nas exibi\u00e7\u00f5es do Cine B e mostra os programas gratuitos ou a pre\u00e7os populares de S\u00e3o Paulo<\/figcaption><\/figure>\n<figure id=\"attachment_2972\" aria-describedby=\"caption-attachment-2972\" style=\"width: 384px\" class=\"wp-caption aligncenter\"><a href=\"http:\/\/projetocineb.com.br\/wp-content\/uploads\/2011\/11\/DSC03782_01web.jpg\"><img loading=\"lazy\" decoding=\"async\" class=\"size-full wp-image-2972  \" title=\"Os sortudos da noite que levara para casa brindes do Cine B\" src=\"http:\/\/projetocineb.com.br\/wp-content\/uploads\/2011\/11\/DSC03782_01web.jpg\" alt=\"Os sortudos da noite que levara para casa brindes do Cine B\" width=\"384\" height=\"267\" \/><\/a><figcaption id=\"caption-attachment-2972\" class=\"wp-caption-text\">Os sortudos da noite que levara para casa brindes do Cine B<\/figcaption><\/figure>\n","protected":false},"excerpt":{"rendered":"<p>Este \u00e9 o Cine B, reunindo escolas e moradores do Jaguar\u00e9, zona oeste de S\u00e3o Paulo. Pela sexta vez o[&#8230;]<\/p>\n","protected":false},"author":2,"featured_media":0,"comment_status":"open","ping_status":"open","sticky":false,"template":"","format":"standard","meta":[],"categories":[2],"tags":[98,154,242,263,266,627,1105,1132,1250],"_links":{"self":[{"href":"https:\/\/projetocineb.com.br\/index.php?rest_route=\/wp\/v2\/posts\/2952"}],"collection":[{"href":"https:\/\/projetocineb.com.br\/index.php?rest_route=\/wp\/v2\/posts"}],"about":[{"href":"https:\/\/projetocineb.com.br\/index.php?rest_route=\/wp\/v2\/types\/post"}],"author":[{"embeddable":true,"href":"https:\/\/projetocineb.com.br\/index.php?rest_route=\/wp\/v2\/users\/2"}],"replies":[{"embeddable":true,"href":"https:\/\/projetocineb.com.br\/index.php?rest_route=%2Fwp%2Fv2%2Fcomments&post=2952"}],"version-history":[{"count":0,"href":"https:\/\/projetocineb.com.br\/index.php?rest_route=\/wp\/v2\/posts\/2952\/revisions"}],"wp:attachment":[{"href":"https:\/\/projetocineb.com.br\/index.php?rest_route=%2Fwp%2Fv2%2Fmedia&parent=2952"}],"wp:term":[{"taxonomy":"category","embeddable":true,"href":"https:\/\/projetocineb.com.br\/index.php?rest_route=%2Fwp%2Fv2%2Fcategories&post=2952"},{"taxonomy":"post_tag","embeddable":true,"href":"https:\/\/projetocineb.com.br\/index.php?rest_route=%2Fwp%2Fv2%2Ftags&post=2952"}],"curies":[{"name":"wp","href":"https:\/\/api.w.org\/{rel}","templated":true}]}}