{"id":2982,"date":"2011-11-27T15:21:17","date_gmt":"2011-11-27T17:21:17","guid":{"rendered":"http:\/\/projetocineb.com.br\/?p=2982"},"modified":"2011-11-27T15:21:17","modified_gmt":"2011-11-27T17:21:17","slug":"campo-limpo-2","status":"publish","type":"post","link":"https:\/\/projetocineb.com.br\/?p=2982","title":{"rendered":"CAMPO LIMPO"},"content":{"rendered":"<p>Este Cine B foi diferente. Pela quarta vez o projeto exibiu filmes brasileiros na comunidade de Campo Limpo. Mas dessa vez o<span style=\"color: #ff6600;\"> cinema foi armado dentro da Igreja Nossa Senhora do Bom Conselho, em Vila Prel, que fica na regi\u00e3o de Campo Limpo, zona sul de S\u00e3o Paulo.<\/span><\/p>\n<figure id=\"attachment_2988\" aria-describedby=\"caption-attachment-2988\" style=\"width: 384px\" class=\"wp-caption aligncenter\"><a href=\"http:\/\/projetocineb.com.br\/wp-content\/uploads\/2011\/11\/DSC03831_01web1.jpg\"><img fetchpriority=\"high\" decoding=\"async\" class=\"size-full wp-image-2988  \" title=\"Cine B na Igreja Nossa Senhora do Bom Conselho, exibindo o curta Procura-se, de Iber\u00ea Carvalho e o longa Eu e meu guarda chuva\" src=\"http:\/\/projetocineb.com.br\/wp-content\/uploads\/2011\/11\/DSC03831_01web1.jpg\" alt=\"Cine B na Igreja Nossa Senhora do Bom Conselho, exibindo o curta Procura-se, de Iber\u00ea Carvalho e o longa Eu e meu guarda chuva\" width=\"384\" height=\"288\" \/><\/a><figcaption id=\"caption-attachment-2988\" class=\"wp-caption-text\">Cine B na Igreja Nossa Senhora do Bom Conselho, exibindo o curta Procura-se, de Iber\u00ea Carvalho e o longa Eu e meu guarda chuva, de Toni Vanzolini<\/figcaption><\/figure>\n<p><span style=\"color: #ff6600;\">\u201cO cinema d\u00e1 voz \u00e0 comunidade, mostra como \u00e9 a vida das pessoas. \u00c0s vezes uma cena pode mudar o cora\u00e7\u00e3o das pessoas\u201d, comenta o Padre Sylvestre Sangala, da Igreja Nossa Senhora do Bom Conselho<\/span>, durante abertura do Cine B. \u201cSou respons\u00e1vel como padre por esta comunidade. E acredito que a cultura \u00e9 importante para melhorar a vida das pessoas\u201d.<\/p>\n<p>Marcos Lerois, que \u00e9 morador de Campo Limpo e membro da par\u00f3quia ressaltou a import\u00e2ncia das pessoas conhecerem a experi\u00eancia de estar num cinema, vendo filmes produzidos no pr\u00f3prio pa\u00eds.<\/p>\n<p><span style=\"color: #ff6600;\">\u201cQuis trazer o Cine B pra c\u00e1 porque muitas fam\u00edlias n\u00e3o tem condi\u00e7\u00f5es s\u00f3cio-econ\u00f4micas de ir a um cinema\u201d, explica Marcos. \u201cQuando propus trazer durante a reuni\u00e3o do conselho, todos gostaram da ideia\u201d, diz.<\/span><\/p>\n<figure id=\"attachment_2987\" aria-describedby=\"caption-attachment-2987\" style=\"width: 384px\" class=\"wp-caption aligncenter\"><a href=\"http:\/\/projetocineb.com.br\/wp-content\/uploads\/2011\/11\/DSC03810_01web1.jpg\"><img decoding=\"async\" class=\"size-full wp-image-2987  \" title=\"Na abertura da exibi\u00e7\u00e3o, ao microfone, Marcos Rog\u00e9rio Lerois, o padre Sylvestre Sangala e o coordenador do Cine B, Cid\u00e1lio Vieira Santos\" src=\"http:\/\/projetocineb.com.br\/wp-content\/uploads\/2011\/11\/DSC03810_01web1.jpg\" alt=\"Na abertura da exibi\u00e7\u00e3o, ao microfone, Marcos Rog\u00e9rio Lerois, o padre Sylvestre Sangala e o coordenador do Cine B, Cid\u00e1lio Vieira Santos\" width=\"384\" height=\"242\" \/><\/a><figcaption id=\"caption-attachment-2987\" class=\"wp-caption-text\">Na abertura da exibi\u00e7\u00e3o, ao microfone, Marcos Rog\u00e9rio Lerois, o padre Sylvestre Sangala e o coordenador do Cine B, Cid\u00e1lio Vieira Santos<\/figcaption><\/figure>\n<p>Para os participantes da Pastoral da Comunica\u00e7\u00e3o da Igreja Nossa Senhora do Bom Conselho, al\u00e9m de todos esses motivos, ainda h\u00e1 a gratuidade.<\/p>\n<p><span style=\"color: #ff6600;\">\u201cA rela\u00e7\u00e3o de Jesus com as pessoas sempre foi baseada na gratuidade\u201d, explica o coordenador da Pastoral, Carmo Freitas.<\/span><\/p>\n<figure id=\"attachment_2983\" aria-describedby=\"caption-attachment-2983\" style=\"width: 384px\" class=\"wp-caption aligncenter\"><a href=\"http:\/\/projetocineb.com.br\/wp-content\/uploads\/2011\/11\/DSC03785_01web1.jpg\"><img decoding=\"async\" class=\"size-full wp-image-2983  \" title=\"o coordenador da Pastoral da Comunica\u00e7\u00e3o, Carmo Freitas, com a supervisora da Pastoral, F\u00e1tima Sena Freitas\" src=\"http:\/\/projetocineb.com.br\/wp-content\/uploads\/2011\/11\/DSC03785_01web1.jpg\" alt=\"o coordenador da Pastoral da Comunica\u00e7\u00e3o, Carmo Freitas, com a supervisora da Pastoral, F\u00e1tima Sena Freitas\" width=\"384\" height=\"303\" \/><\/a><figcaption id=\"caption-attachment-2983\" class=\"wp-caption-text\">O coordenador da Pastoral da Comunica\u00e7\u00e3o, Carmo Freitas, com a supervisora da Pastoral, F\u00e1tima Sena Freitas<\/figcaption><\/figure>\n<p>\u201cAl\u00e9m disso, um evento como este chama aten\u00e7\u00e3o e traz novas pessoas para nosso templo\u201d, comenta a supervisora da Pastoral Comunica\u00e7\u00e3o, F\u00e1tima Sena Freitas.<\/p>\n<h2><span style=\"color: #008000;\">CLICKS<\/span><\/h2>\n<figure id=\"attachment_2984\" aria-describedby=\"caption-attachment-2984\" style=\"width: 384px\" class=\"wp-caption aligncenter\"><a href=\"http:\/\/projetocineb.com.br\/wp-content\/uploads\/2011\/11\/DSC03787_01web1.jpg\"><img loading=\"lazy\" decoding=\"async\" class=\"size-full wp-image-2984  \" title=\"Os moradores de Campo Limpo, Cirilo Pereira Costa, com sua esposa Jesu\u00edna Souza Costa e a sobrinha Neli Souza Silva\" src=\"http:\/\/projetocineb.com.br\/wp-content\/uploads\/2011\/11\/DSC03787_01web1.jpg\" alt=\"Os moradores de Campo Limpo, Cirilo Pereira Costa, com sua esposa Jesu\u00edna Souza Costa e a sobrinha Neli Souza Silva\" width=\"384\" height=\"283\" \/><\/a><figcaption id=\"caption-attachment-2984\" class=\"wp-caption-text\">Pela primeira vez no cinema, os moradores de Campo Limpo, Cirilo Pereira Costa, com sua esposa Jesu\u00edna Souza Costa e a sobrinha Neli Souza Silva<\/figcaption><\/figure>\n<figure id=\"attachment_2985\" aria-describedby=\"caption-attachment-2985\" style=\"width: 384px\" class=\"wp-caption aligncenter\"><a href=\"http:\/\/projetocineb.com.br\/wp-content\/uploads\/2011\/11\/DSC03788_01web1.jpg\"><img loading=\"lazy\" decoding=\"async\" class=\"size-full wp-image-2985  \" title=\"&quot;Nunca vi um filme brasileiro infantil&quot;, diz Marli Lurdes de Abreu, que levou as netas, Luiza de 9 meses e Izabela Carvalho de Abreu, de 3 anos\" src=\"http:\/\/projetocineb.com.br\/wp-content\/uploads\/2011\/11\/DSC03788_01web1.jpg\" alt=\"&quot;Nunca vi um filme brasileiro infantil&quot;, diz Marli Lurdes de Abreu, que levou as netas, Luiza de 9 meses e Izabela Carvalho de Abreu, de 3 anos\" width=\"384\" height=\"282\" \/><\/a><figcaption id=\"caption-attachment-2985\" class=\"wp-caption-text\">&quot;Nunca vi um filme brasileiro infantil&quot;, diz Marli Lurdes de Abreu, que levou as netas, Luiza de 9 meses e Izabela Carvalho de Abreu, de 3 anos<\/figcaption><\/figure>\n<figure id=\"attachment_2986\" aria-describedby=\"caption-attachment-2986\" style=\"width: 384px\" class=\"wp-caption aligncenter\"><a href=\"http:\/\/projetocineb.com.br\/wp-content\/uploads\/2011\/11\/DSC03798_01web1.jpg\"><img loading=\"lazy\" decoding=\"async\" class=\"size-full wp-image-2986  \" title=\"A Igreja Nossa Senhora do Bom Conselho transformada numa sala de cinema\" src=\"http:\/\/projetocineb.com.br\/wp-content\/uploads\/2011\/11\/DSC03798_01web1.jpg\" alt=\"A Igreja Nossa Senhora do Bom Conselho transformada numa sala de cinema\" width=\"384\" height=\"288\" \/><\/a><figcaption id=\"caption-attachment-2986\" class=\"wp-caption-text\">A Igreja Nossa Senhora do Bom Conselho transformada numa sala de cinema<\/figcaption><\/figure>\n<figure id=\"attachment_2989\" aria-describedby=\"caption-attachment-2989\" style=\"width: 384px\" class=\"wp-caption aligncenter\"><a href=\"http:\/\/projetocineb.com.br\/wp-content\/uploads\/2011\/11\/DSC03832_01web1.jpg\"><img loading=\"lazy\" decoding=\"async\" class=\"size-full wp-image-2989  \" title=\"O coordenador do Cine B, Cid\u00e1lio, posa ao lado dos assessores do deputado estadual pelo PT e um dos idealizadores do Cine B, Luiz Cl\u00e1udio Luiz Claudio Marcolino, Marta Manji e Eliane Bitencourt, Marco Lerois e Alberto Trindade\" src=\"http:\/\/projetocineb.com.br\/wp-content\/uploads\/2011\/11\/DSC03832_01web1.jpg\" alt=\"O coordenador do Cine B, Cid\u00e1lio, posa ao lado dos assessores do deputado estadual pelo PT e um dos idealizadores do Cine B, Luiz Cl\u00e1udio Luiz Claudio Marcolino, Marta Manji e Eliane Bitencourt, Marco Lerois e Alberto Trindade\" width=\"384\" height=\"288\" \/><\/a><figcaption id=\"caption-attachment-2989\" class=\"wp-caption-text\">O coordenador do Cine B, Cid\u00e1lio, posa ao lado dos assessores do deputado estadual pelo PT e um dos idealizadores do Cine B, Luiz Cl\u00e1udio Luiz Claudio Marcolino, Marta Manji e Eliane Bitencourt, Marco Lerois e Alberto Trindade<\/figcaption><\/figure>\n<figure id=\"attachment_2991\" aria-describedby=\"caption-attachment-2991\" style=\"width: 384px\" class=\"wp-caption aligncenter\"><a href=\"http:\/\/projetocineb.com.br\/wp-content\/uploads\/2011\/11\/DSC03836_01web1.jpg\"><img loading=\"lazy\" decoding=\"async\" class=\"size-full wp-image-2991  \" title=\"A ganhadora do guarda chuva, Marli Martins Gon\u00e7alves Silva, com o marido que \u00e9 secret\u00e1rio paroquial, Robson e a sobrinha Melissa G. da Silva, 7\" src=\"http:\/\/projetocineb.com.br\/wp-content\/uploads\/2011\/11\/DSC03836_01web1.jpg\" alt=\"A ganhadora do guarda chuva, Marli Martins Gon\u00e7alves Silva, com o marido que \u00e9 secret\u00e1rio paroquial, Robson e a sobrinha Melissa G. da Silva, 7\" width=\"384\" height=\"288\" \/><\/a><figcaption id=\"caption-attachment-2991\" class=\"wp-caption-text\">A ganhadora do guarda chuva, Marli Martins Gon\u00e7alves Silva, com o marido que \u00e9 secret\u00e1rio paroquial, Robson e a sobrinha Melissa G. da Silva, 7<\/figcaption><\/figure>\n<figure id=\"attachment_2992\" aria-describedby=\"caption-attachment-2992\" style=\"width: 384px\" class=\"wp-caption aligncenter\"><a href=\"http:\/\/projetocineb.com.br\/wp-content\/uploads\/2011\/11\/DSC03838_01web1.jpg\"><img loading=\"lazy\" decoding=\"async\" class=\"size-full wp-image-2992  \" title=\"Todos os sortudos desta exibi\u00e7\u00e3o! \" src=\"http:\/\/projetocineb.com.br\/wp-content\/uploads\/2011\/11\/DSC03838_01web1.jpg\" alt=\"Todos os sortudos desta exibi\u00e7\u00e3o! \" width=\"384\" height=\"288\" \/><\/a><figcaption id=\"caption-attachment-2992\" class=\"wp-caption-text\">Todos os sortudos desta exibi\u00e7\u00e3o! <\/figcaption><\/figure>\n<p><span style=\"color: #008000;\"><br \/>\n<\/span><\/p>\n","protected":false},"excerpt":{"rendered":"<p>Este Cine B foi diferente. Pela quarta vez o projeto exibiu filmes brasileiros na comunidade de Campo Limpo. Mas dessa[&#8230;]<\/p>\n","protected":false},"author":2,"featured_media":0,"comment_status":"open","ping_status":"open","sticky":false,"template":"","format":"standard","meta":[],"categories":[2],"tags":[154,174,242,263,266,622,1095,1132,1166,1227,1251],"_links":{"self":[{"href":"https:\/\/projetocineb.com.br\/index.php?rest_route=\/wp\/v2\/posts\/2982"}],"collection":[{"href":"https:\/\/projetocineb.com.br\/index.php?rest_route=\/wp\/v2\/posts"}],"about":[{"href":"https:\/\/projetocineb.com.br\/index.php?rest_route=\/wp\/v2\/types\/post"}],"author":[{"embeddable":true,"href":"https:\/\/projetocineb.com.br\/index.php?rest_route=\/wp\/v2\/users\/2"}],"replies":[{"embeddable":true,"href":"https:\/\/projetocineb.com.br\/index.php?rest_route=%2Fwp%2Fv2%2Fcomments&post=2982"}],"version-history":[{"count":0,"href":"https:\/\/projetocineb.com.br\/index.php?rest_route=\/wp\/v2\/posts\/2982\/revisions"}],"wp:attachment":[{"href":"https:\/\/projetocineb.com.br\/index.php?rest_route=%2Fwp%2Fv2%2Fmedia&parent=2982"}],"wp:term":[{"taxonomy":"category","embeddable":true,"href":"https:\/\/projetocineb.com.br\/index.php?rest_route=%2Fwp%2Fv2%2Fcategories&post=2982"},{"taxonomy":"post_tag","embeddable":true,"href":"https:\/\/projetocineb.com.br\/index.php?rest_route=%2Fwp%2Fv2%2Ftags&post=2982"}],"curies":[{"name":"wp","href":"https:\/\/api.w.org\/{rel}","templated":true}]}}