{"id":2996,"date":"2011-11-28T15:50:13","date_gmt":"2011-11-28T17:50:13","guid":{"rendered":"http:\/\/projetocineb.com.br\/?p=2996"},"modified":"2011-11-28T15:50:13","modified_gmt":"2011-11-28T17:50:13","slug":"vila-anglo-brasileira","status":"publish","type":"post","link":"https:\/\/projetocineb.com.br\/?p=2996","title":{"rendered":"VILA ANGLO BRASILEIRA"},"content":{"rendered":"<p><span style=\"color: #ff6600;\">Pela segunda vez o Cine B transforma uma pra\u00e7a em um verdadeiro cinema ao ar livre, gra\u00e7as a parceria formada com os moradores do bairro, atrav\u00e9s do Movimento Boa Pra\u00e7a.<\/span><\/p>\n<p><span style=\"color: #000000;\"><a href=\"http:\/\/boapraca.ning.com\/\" target=\"_blank\">Clique para conhecer mais o Boa Pra\u00e7a.<\/a><\/span><\/p>\n<figure id=\"attachment_3005\" aria-describedby=\"caption-attachment-3005\" style=\"width: 384px\" class=\"wp-caption aligncenter\"><a href=\"http:\/\/projetocineb.com.br\/wp-content\/uploads\/2011\/11\/DSC03875_01web.jpg\"><img fetchpriority=\"high\" decoding=\"async\" class=\"size-full wp-image-3005  \" title=\"O filme &quot;Eu e meu guarda chuva&quot;, de Toni Vanzolini, prende a aten\u00e7\u00e3o do p\u00fablico\" src=\"http:\/\/projetocineb.com.br\/wp-content\/uploads\/2011\/11\/DSC03875_01web.jpg\" alt=\"O filme &quot;Eu e meu guarda chuva&quot;, de Toni Vanzolini, prende a aten\u00e7\u00e3o do p\u00fablico\" width=\"384\" height=\"288\" \/><\/a><figcaption id=\"caption-attachment-3005\" class=\"wp-caption-text\">O filme Eu e meu guarda chuva, de Toni Vanzolini, e o curta metragem Procura-se, de Iber\u00ea Carvalho, prende a aten\u00e7\u00e3o do p\u00fablico<\/figcaption><\/figure>\n<p><span style=\"color: #ff6600;\">A sess\u00e3o foi realizada durante o 29\u00a0Pic Nic Comunit\u00e1rio, na Pra\u00e7a Amadeu Decome<\/span>. Antes do cinema come\u00e7ar, o Movimento promoveu uma feira de trocas entre os participantes.<\/p>\n<p>Pena que eu n\u00e3o levei nada para trocar. Tinha tanta coisa boa!<\/p>\n<figure id=\"attachment_2998\" aria-describedby=\"caption-attachment-2998\" style=\"width: 384px\" class=\"wp-caption aligncenter\"><a href=\"http:\/\/projetocineb.com.br\/wp-content\/uploads\/2011\/11\/DSC03846_01web.jpg\"><img decoding=\"async\" class=\"size-full wp-image-2998  \" title=\"Um domingo agrad\u00e1vel na pra\u00e7a entre os moradores de Alto de Pinheiro, Lapa e Vila Anglo Brasileira\" src=\"http:\/\/projetocineb.com.br\/wp-content\/uploads\/2011\/11\/DSC03846_01web.jpg\" alt=\"Um domingo agrad\u00e1vel na pra\u00e7a entre os moradores de Alto de Pinheiro, Lapa e Vila Anglo Brasileira\" width=\"384\" height=\"286\" \/><\/a><figcaption id=\"caption-attachment-2998\" class=\"wp-caption-text\">Um domingo agrad\u00e1vel na pra\u00e7a entre os moradores de Alto de Pinheiro, Lapa, Vila Romana e Vila Anglo Brasileira<\/figcaption><\/figure>\n<p><a href=\"http:\/\/projetocineb.com.br\/?p=2140\" target=\"_blank\">Clique aqui para ver como foi a \u00faltima exibi\u00e7\u00e3o com o Boa Pra\u00e7a.<\/a><\/p>\n<p>Na abertura da exibi\u00e7\u00e3o, o coordenador do Movimento Boa Pra\u00e7a, Ricardo Ferraz, explicou um pouco sobre este Movimento idealizado pelos pr\u00f3prios moradores dos bairros.<\/p>\n<p><span style=\"color: #ff6600;\">\u201cNossa proposta \u00e9 que as pra\u00e7as estejam sempre limpas e prontas para receber as pessoas\u201d, diz Ricardo. \u201cAgradecemos ao Cid\u00e1lio e ao Sindicato dos Banc\u00e1rios por este projeto incr\u00edvel. O cinema brasileiro precisa de mais apoio\u201d, comenta o morador de Vila Anglo Brasileira.<\/span><\/p>\n<p>\u201cNa primeira exibi\u00e7\u00e3o o pessoal ficou perguntando quando que voltava o cinema\u201d, diz o coordenador do projeto Boa Pra\u00e7a, Guilherme de Queir\u00f3z Freire. \u201cTudo que mobiliza a\u00e7\u00e3o em uma pra\u00e7a para n\u00f3s \u00e9 interessante. Ent\u00e3o esperamos que tenha sempre\u201d.<\/p>\n<figure id=\"attachment_3007\" aria-describedby=\"caption-attachment-3007\" style=\"width: 384px\" class=\"wp-caption aligncenter\"><a href=\"http:\/\/projetocineb.com.br\/wp-content\/uploads\/2011\/11\/DSC03900_01web.jpg\"><img decoding=\"async\" class=\"size-full wp-image-3007  \" title=\"130 pessoas estiveram presentes na exibi\u00e7\u00e3o do Cine B na Pra\u00e7a Amadeu Decome, zona oeste de S\u00e3o Paulo\" src=\"http:\/\/projetocineb.com.br\/wp-content\/uploads\/2011\/11\/DSC03900_01web.jpg\" alt=\"130 pessoas estiveram presentes na exibi\u00e7\u00e3o do Cine B na Pra\u00e7a Amadeu Decome, zona oeste de S\u00e3o Paulo\" width=\"384\" height=\"288\" \/><\/a><figcaption id=\"caption-attachment-3007\" class=\"wp-caption-text\">130 pessoas estiveram presentes na exibi\u00e7\u00e3o do Cine B na Pra\u00e7a Amadeu Decome, zona oeste de S\u00e3o Paulo<\/figcaption><\/figure>\n<h2><span style=\"color: #008000;\">MUITO BOA PRA\u00c7A<\/span><\/h2>\n<p>Enquanto a sess\u00e3o n\u00e3o come\u00e7ava, conversei com uma moradora que oberva a Pra\u00e7a Amadeu Decome h\u00e1 muito tempo. <span style=\"color: #ff6600;\">Catimari Durce Miglioransa \u00e9 uma verdadeira cidad\u00e3, que sempre busco cuidar da pra\u00e7a de frente ao seu pr\u00e9dio. Ela me mostrou fotos que v\u00e3o desde a funda\u00e7\u00e3o desta Pra\u00e7a, at\u00e9 os dias de hoje.<\/span><\/p>\n<figure id=\"attachment_3002\" aria-describedby=\"caption-attachment-3002\" style=\"width: 384px\" class=\"wp-caption aligncenter\"><a href=\"http:\/\/projetocineb.com.br\/wp-content\/uploads\/2011\/11\/DSC03864_01web.jpg\"><img loading=\"lazy\" decoding=\"async\" class=\"size-full wp-image-3002  \" title=\"Olha a Pra\u00e7a Amadeu Decome, na d\u00e9cada de 70. Um ativistmo fotogr\u00e1fico da moradora Catimari Durce Miglioransa\" src=\"http:\/\/projetocineb.com.br\/wp-content\/uploads\/2011\/11\/DSC03864_01web.jpg\" alt=\"Olha a Pra\u00e7a Amadeu Decome, na d\u00e9cada de 70. Um ativistmo fotogr\u00e1fico da moradora Catimari Durce Miglioransa\" width=\"384\" height=\"291\" \/><\/a><figcaption id=\"caption-attachment-3002\" class=\"wp-caption-text\">Olha a Pra\u00e7a Amadeu Decome, na d\u00e9cada de 70. Um ativistmo fotogr\u00e1fico da moradora Catimari Durce Miglioransa<\/figcaption><\/figure>\n<p><span style=\"color: #ff6600;\">\u201cMudou muito daquele tempo pra c\u00e1. Mas o que piorou mesmo foi o tr\u00e2nsito\u201d, conta Catimari. <\/span>\u201cEsta \u00e9 uma pra\u00e7a que chama aten\u00e7\u00e3o por causa das Quaresmeiras (\u00e1rvores bem floridas). Aqui de vez em quando tem casamento e tamb\u00e9m param os gringos para tirar fotos\u201d, diz.<\/p>\n<figure id=\"attachment_3003\" aria-describedby=\"caption-attachment-3003\" style=\"width: 384px\" class=\"wp-caption aligncenter\"><a href=\"http:\/\/projetocineb.com.br\/wp-content\/uploads\/2011\/11\/DSC03865_01web.jpg\"><img loading=\"lazy\" decoding=\"async\" class=\"size-full wp-image-3003  \" title=\"Catimari Durce Miglioransa tirou uma foto com Cec\u00edlia Lotufo\" src=\"http:\/\/projetocineb.com.br\/wp-content\/uploads\/2011\/11\/DSC03865_01web.jpg\" alt=\"Catimari Durce Miglioransa tirou uma foto com Cec\u00edlia Lotufo\" width=\"384\" height=\"365\" \/><\/a><figcaption id=\"caption-attachment-3003\" class=\"wp-caption-text\">Catimari Durce Miglioransa tirou uma foto com Cec\u00edlia Lotufo<\/figcaption><\/figure>\n<p>Muito importante a preserva\u00e7\u00e3o de nossa hist\u00f3ria, hein gente?<\/p>\n<h2><span style=\"color: #008000;\">CLICKS<\/span><\/h2>\n<p>Veja todas as fotos em <a href=\"http:\/\/www.facebook.com\/cinemabrasileiro\" target=\"_blank\">www.facebook.com\/cinemabrasileiro<\/a>!<\/p>\n<figure id=\"attachment_3004\" aria-describedby=\"caption-attachment-3004\" style=\"width: 384px\" class=\"wp-caption aligncenter\"><a href=\"http:\/\/projetocineb.com.br\/wp-content\/uploads\/2011\/11\/DSC03866_01web.jpg\"><img loading=\"lazy\" decoding=\"async\" class=\"size-full wp-image-3004  \" title=\"As moradoras da regi\u00e3o, Joani Maria da Silva, Maria Paulina e In\u00eas Maria\" src=\"http:\/\/projetocineb.com.br\/wp-content\/uploads\/2011\/11\/DSC03866_01web.jpg\" alt=\"As moradoras da regi\u00e3o, Joani Maria da Silva, Maria Paulina e In\u00eas Maria\" width=\"384\" height=\"268\" \/><\/a><figcaption id=\"caption-attachment-3004\" class=\"wp-caption-text\">As moradoras da regi\u00e3o, Joani Maria da Silva, Maria Paulina e In\u00eas Maria<\/figcaption><\/figure>\n<figure id=\"attachment_3014\" aria-describedby=\"caption-attachment-3014\" style=\"width: 384px\" class=\"wp-caption aligncenter\"><a href=\"http:\/\/projetocineb.com.br\/wp-content\/uploads\/2011\/11\/DSC03920_01web.jpg\"><img loading=\"lazy\" decoding=\"async\" class=\"size-full wp-image-3014  \" title=\"Raimunda Jandira com o marido Juvanil Oliveira e a filha Bruna Nogueira, 7\" src=\"http:\/\/projetocineb.com.br\/wp-content\/uploads\/2011\/11\/DSC03920_01web.jpg\" alt=\"Raimunda Jandira com o marido Juvanil Oliveira e a filha Bruna Nogueira, 7\" width=\"384\" height=\"321\" \/><\/a><figcaption id=\"caption-attachment-3014\" class=\"wp-caption-text\">Raimunda Jandira com o marido Juvanil Oliveira e a filha Bruna Nogueira, 7<\/figcaption><\/figure>\n<figure id=\"attachment_3013\" aria-describedby=\"caption-attachment-3013\" style=\"width: 384px\" class=\"wp-caption aligncenter\"><a href=\"http:\/\/projetocineb.com.br\/wp-content\/uploads\/2011\/11\/DSC03919_01web.jpg\"><img loading=\"lazy\" decoding=\"async\" class=\"size-full wp-image-3013  \" title=\"A ganhadora do guarda chuva, Silvia Julian, com o marido, Max Leon e a filha Luciana, 7\" src=\"http:\/\/projetocineb.com.br\/wp-content\/uploads\/2011\/11\/DSC03919_01web.jpg\" alt=\"A ganhadora do guarda chuva, Silvia Julian, com o marido, Max Leon e a filha Luciana, 7\" width=\"384\" height=\"288\" \/><\/a><figcaption id=\"caption-attachment-3013\" class=\"wp-caption-text\">A ganhadora do guarda chuva, Silvia Julian, com o marido, Max Leon e a filha Luciana, 7<\/figcaption><\/figure>\n<figure id=\"attachment_3001\" aria-describedby=\"caption-attachment-3001\" style=\"width: 384px\" class=\"wp-caption aligncenter\"><a href=\"http:\/\/projetocineb.com.br\/wp-content\/uploads\/2011\/11\/DSC03863_01web.jpg\"><img loading=\"lazy\" decoding=\"async\" class=\"size-full wp-image-3001  \" title=\"Seu Ant\u00f4nio Nascimento, pipoqueiro oficial do projeto, preparando o cl\u00e1ssico aperitivo do cinema\" src=\"http:\/\/projetocineb.com.br\/wp-content\/uploads\/2011\/11\/DSC03863_01web.jpg\" alt=\"Seu Ant\u00f4nio Nascimento, pipoqueiro oficial do projeto, preparando o cl\u00e1ssico aperitivo do cinema\" width=\"384\" height=\"288\" \/><\/a><figcaption id=\"caption-attachment-3001\" class=\"wp-caption-text\">Seu Ant\u00f4nio Nascimento, pipoqueiro oficial do projeto, preparando o cl\u00e1ssico aperitivo do cinema<\/figcaption><\/figure>\n<figure id=\"attachment_3011\" aria-describedby=\"caption-attachment-3011\" style=\"width: 384px\" class=\"wp-caption aligncenter\"><a href=\"http:\/\/projetocineb.com.br\/wp-content\/uploads\/2011\/11\/DSC03910_01web.jpg\"><img loading=\"lazy\" decoding=\"async\" class=\"size-full wp-image-3011  \" title=\"O coordenador do Cine B, Cid\u00e1lio Vieira Santos, com a diretora da Brazucah, Cynthia Alario\" src=\"http:\/\/projetocineb.com.br\/wp-content\/uploads\/2011\/11\/DSC03910_01web.jpg\" alt=\"O coordenador do Cine B, Cid\u00e1lio Vieira Santos, com a diretora da Brazucah, Cynthia Alario\" width=\"384\" height=\"299\" \/><\/a><figcaption id=\"caption-attachment-3011\" class=\"wp-caption-text\">O coordenador do Cine B, Cid\u00e1lio Vieira Santos, com a diretora da Brazucah, Cynthia Alario<\/figcaption><\/figure>\n<figure id=\"attachment_3017\" aria-describedby=\"caption-attachment-3017\" style=\"width: 384px\" class=\"wp-caption aligncenter\"><a href=\"http:\/\/projetocineb.com.br\/wp-content\/uploads\/2011\/11\/DSC03929_01web.jpg\"><img loading=\"lazy\" decoding=\"async\" class=\"size-full wp-image-3017  \" title=\"Izabela Bueno, do projeto &quot;Quanto vale uma can\u00e7\u00e3o&quot;, que acontece toda terceira quinta-feira do m\u00eas no Teatro da Vila, com o pipoqueiro Ant\u00f4nio\" src=\"http:\/\/projetocineb.com.br\/wp-content\/uploads\/2011\/11\/DSC03929_01web.jpg\" alt=\"Izabela Bueno, do projeto &quot;Quanto vale uma can\u00e7\u00e3o&quot;, que acontece toda terceira quinta-feira do m\u00eas no Teatro da Vila, com o pipoqueiro Ant\u00f4nio\" width=\"384\" height=\"302\" \/><\/a><figcaption id=\"caption-attachment-3017\" class=\"wp-caption-text\">Izabela Bueno, do projeto &quot;Quanto vale uma can\u00e7\u00e3o&quot;, que acontece toda terceira quinta-feira do m\u00eas no Teatro da Vila, com o pipoqueiro Ant\u00f4nio<\/figcaption><\/figure>\n<figure id=\"attachment_3015\" aria-describedby=\"caption-attachment-3015\" style=\"width: 384px\" class=\"wp-caption aligncenter\"><a href=\"http:\/\/projetocineb.com.br\/wp-content\/uploads\/2011\/11\/DSC03923_01web.jpg\"><img loading=\"lazy\" decoding=\"async\" class=\"size-full wp-image-3015  \" title=\"Os sortudos desta exibi\u00e7\u00e3o que levaram para casa diversos brindes do projeto\" src=\"http:\/\/projetocineb.com.br\/wp-content\/uploads\/2011\/11\/DSC03923_01web.jpg\" alt=\"Os sortudos desta exibi\u00e7\u00e3o que levaram para casa diversos brindes do projeto\" width=\"384\" height=\"288\" \/><\/a><figcaption id=\"caption-attachment-3015\" class=\"wp-caption-text\">Os sortudos desta exibi\u00e7\u00e3o que levaram para casa diversos brindes do projeto<\/figcaption><\/figure>\n","protected":false},"excerpt":{"rendered":"<p>Pela segunda vez o Cine B transforma uma pra\u00e7a em um verdadeiro cinema ao ar livre, gra\u00e7as a parceria formada[&#8230;]<\/p>\n","protected":false},"author":2,"featured_media":0,"comment_status":"open","ping_status":"open","sticky":false,"template":"","format":"standard","meta":[],"categories":[2],"tags":[154,242,263,266,496,825,978,998,1132,1250],"_links":{"self":[{"href":"https:\/\/projetocineb.com.br\/index.php?rest_route=\/wp\/v2\/posts\/2996"}],"collection":[{"href":"https:\/\/projetocineb.com.br\/index.php?rest_route=\/wp\/v2\/posts"}],"about":[{"href":"https:\/\/projetocineb.com.br\/index.php?rest_route=\/wp\/v2\/types\/post"}],"author":[{"embeddable":true,"href":"https:\/\/projetocineb.com.br\/index.php?rest_route=\/wp\/v2\/users\/2"}],"replies":[{"embeddable":true,"href":"https:\/\/projetocineb.com.br\/index.php?rest_route=%2Fwp%2Fv2%2Fcomments&post=2996"}],"version-history":[{"count":0,"href":"https:\/\/projetocineb.com.br\/index.php?rest_route=\/wp\/v2\/posts\/2996\/revisions"}],"wp:attachment":[{"href":"https:\/\/projetocineb.com.br\/index.php?rest_route=%2Fwp%2Fv2%2Fmedia&parent=2996"}],"wp:term":[{"taxonomy":"category","embeddable":true,"href":"https:\/\/projetocineb.com.br\/index.php?rest_route=%2Fwp%2Fv2%2Fcategories&post=2996"},{"taxonomy":"post_tag","embeddable":true,"href":"https:\/\/projetocineb.com.br\/index.php?rest_route=%2Fwp%2Fv2%2Ftags&post=2996"}],"curies":[{"name":"wp","href":"https:\/\/api.w.org\/{rel}","templated":true}]}}