{"id":3022,"date":"2011-12-01T11:05:09","date_gmt":"2011-12-01T13:05:09","guid":{"rendered":"http:\/\/projetocineb.com.br\/?p=3022"},"modified":"2011-12-01T11:05:09","modified_gmt":"2011-12-01T13:05:09","slug":"santo-amaro","status":"publish","type":"post","link":"https:\/\/projetocineb.com.br\/?p=3022","title":{"rendered":"SANTO AMARO"},"content":{"rendered":"<p>N\u00e3o tem lugar p\u00e1reo para o Cine B. <span style=\"color: #ff6600;\">Seja onde for, o local \u00e9 transformado num verdadeiro cinema.<\/span><\/p>\n<figure id=\"attachment_3031\" aria-describedby=\"caption-attachment-3031\" style=\"width: 384px\" class=\"wp-caption aligncenter\"><a href=\"http:\/\/projetocineb.com.br\/wp-content\/uploads\/2011\/12\/DSC03968_01_web.jpg\"><img fetchpriority=\"high\" decoding=\"async\" class=\"size-full wp-image-3031\" title=\"Cine B re\u00fane 120 espectadores no corredor da Galeria Borba Gato, em Santo Amaro, zona sul de S\u00e3o Paulo\" src=\"http:\/\/projetocineb.com.br\/wp-content\/uploads\/2011\/12\/DSC03968_01_web.jpg\" alt=\"\" width=\"384\" height=\"288\" \/><\/a><figcaption id=\"caption-attachment-3031\" class=\"wp-caption-text\">Cine B re\u00fane 120 espectadores no corredor da Galeria Borba Gato, em Santo Amaro, zona sul de S\u00e3o Paulo<\/figcaption><\/figure>\n<p style=\"text-align: center;\">\n<p><span style=\"color: #ff6600;\">S\u00f3 este ano j\u00e1 estivemos em um parque p\u00fablico, pra\u00e7as, ruas, templo cat\u00f3lico, estacionamento de padaria e, agora, pela quarta vez, o projeto transforma o corredor da Galeria Borba Gato, numa sala de cinema!<\/span><\/p>\n<p>\u201cQueremos agradecer a oportunidade que o Sindicato dos Banc\u00e1rios (de S\u00e3o Paulo, Osasco e Regi\u00e3o), e a Brazucah Produ\u00e7\u00f5es nos d\u00e1, atrav\u00e9s do Cine B de apreciarmos nossa cultura\u201d, elogia durante a abertura da sess\u00e3o, a propriet\u00e1ria da loja Momentos, M\u00e1rcia Garcia. \u201cO Cine B tem tudo a ver com a nossa galeria\u201d, ressalta.<\/p>\n<p><a href=\"http:\/\/projetocineb.com.br\/?p=1002\" target=\"_blank\">Clique aqui para ver como foi nossa \u00faltima exibi\u00e7\u00e3o na Galeria.<\/a><\/p>\n<p>Nas outras vezes, o projeto exibiu os longas metragens brasileiros <em>A m\u00e1quina<\/em>, <em>Orquestra dos meninos<\/em>, <em>O casamento de Romeu e Julieta<\/em> e agora, <em>Eu e meu guarda chuva<\/em>, de Toni Vanzolini, al\u00e9m do curta <em>Procura-se<\/em>, de Iber\u00ea Carvalho.<\/p>\n<figure id=\"attachment_3028\" aria-describedby=\"caption-attachment-3028\" style=\"width: 384px\" class=\"wp-caption aligncenter\"><a href=\"http:\/\/projetocineb.com.br\/wp-content\/uploads\/2011\/12\/DSC03945_01web.jpg\"><img decoding=\"async\" class=\"size-full wp-image-3028  \" title=\"Vejam os cartazes dos filmes que j\u00e1 foram exibidos na Galeria Borba Gato!\" src=\"http:\/\/projetocineb.com.br\/wp-content\/uploads\/2011\/12\/DSC03945_01web.jpg\" alt=\"Vejam os cartazes dos filmes que j\u00e1 foram exibidos na Galeria Borba Gato!\" width=\"384\" height=\"288\" \/><\/a><figcaption id=\"caption-attachment-3028\" class=\"wp-caption-text\">Vejam os cartazes dos filmes que j\u00e1 foram exibidos na Galeria Borba Gato!<\/figcaption><\/figure>\n<p>E a festa foi animada, viu? <span style=\"color: #ff6600;\">J\u00e1 virou tradi\u00e7\u00e3o no Cine B da Borba Gato, os in\u00fameros e maravilhosos presentes que os lojistas da galeria doaram para o sorteio final da sess\u00e3o.<\/span><\/p>\n<figure id=\"attachment_3025\" aria-describedby=\"caption-attachment-3025\" style=\"width: 384px\" class=\"wp-caption aligncenter\"><a href=\"http:\/\/projetocineb.com.br\/wp-content\/uploads\/2011\/12\/DSC03936_01web.jpg\"><img decoding=\"async\" class=\"size-full wp-image-3025  \" title=\"Olha quantos brindes!\" src=\"http:\/\/projetocineb.com.br\/wp-content\/uploads\/2011\/12\/DSC03936_01web.jpg\" alt=\"Olha quantos brindes!\" width=\"384\" height=\"364\" \/><\/a><figcaption id=\"caption-attachment-3025\" class=\"wp-caption-text\">Olha quantos brindes!<\/figcaption><\/figure>\n<p>E dessa vez tivemos tamb\u00e9m uma m\u00e3ozinha de um garoto propaganda, como ele mesmo se auto intitulou.<\/p>\n<p>\u201cJ\u00e1 chegou umas 29 pessoas que convidei aqui da regi\u00e3o, alguns comerciantes que conhe\u00e7o, e olha que ainda vai chegar mais gente\u201d, diz o tamb\u00e9m comerciante de Santo Amaro, Jorge Moura. \u201c\u00c9 gostoso ver o povo se divertindo\u201d, comenta animado.<\/p>\n<figure id=\"attachment_3035\" aria-describedby=\"caption-attachment-3035\" style=\"width: 384px\" class=\"wp-caption aligncenter\"><a href=\"http:\/\/projetocineb.com.br\/wp-content\/uploads\/2011\/12\/DSC03952_01web.jpg\"><img loading=\"lazy\" decoding=\"async\" class=\"size-full wp-image-3035   \" title=\"O coordenador do Cine B, Cid\u00e1lio Vieira Santos, advogada com escrit\u00f3rio na Galeria, Regina Buttner, o comerciante Jorge\" src=\"http:\/\/projetocineb.com.br\/wp-content\/uploads\/2011\/12\/DSC03952_01web.jpg\" alt=\"O coordenador do Cine B, Cid\u00e1lio Vieira Santos, advogada com escrit\u00f3rio na Galeria, Regina Buttner, o comerciante Jorge\" width=\"384\" height=\"302\" \/><\/a><figcaption id=\"caption-attachment-3035\" class=\"wp-caption-text\">(Da esq. para dir.) O coordenador do Cine B, Cid\u00e1lio Vieira Santos, advogada com escrit\u00f3rio na Galeria, Regina Buttner, o comerciante Jorge Moura, a propriet\u00e1ria da loja Momento, M\u00e1rcia Garcia, e os assessores do deputado estadual Luiz Cl\u00e1udio Marcolino, Marcos Lerois e Joaquim Urias<\/figcaption><\/figure>\n<p>\u201cMuito importante trazer o cinema para esta regi\u00e3o, que assim como muitas aqui de S\u00e3o Paulo, carece de alternativas culturais e de lazer\u201d, explica o assessor do Deputado Estadual pelo PT Luiz Cl\u00e1udio Marcolino (um dos principais idealizadores do Cine B), Marcos Lerois.<\/p>\n<h2><span style=\"color: #008000;\">S\u00cdMBOLO DE VIT\u00d3RIA<\/span><\/h2>\n<p>Sempre que eu passo pela Galeria Borba Gato me impressiono com a for\u00e7a que os moradores e comerciantes da regi\u00e3o conseguir\u00e3o empreender para que a constru\u00e7\u00e3o do Metr\u00f4 n\u00e3o demolisse tudo que tinha pela \u00e1rea.<\/p>\n<figure id=\"attachment_3023\" aria-describedby=\"caption-attachment-3023\" style=\"width: 384px\" class=\"wp-caption aligncenter\"><a href=\"http:\/\/projetocineb.com.br\/wp-content\/uploads\/2011\/12\/DSC03933_01web.jpg\"><img loading=\"lazy\" decoding=\"async\" class=\"size-full wp-image-3023  \" title=\"A Galeria Borba Gato foi uma das \u00fanicas constru\u00e7\u00f5es que conseguiu se manter em p\u00e9 gra\u00e7as a luta dos comerciantes e moradores da regi\u00e3o que impediram uma suposta especula\u00e7\u00e3o imobili\u00e1ria na constru\u00e7\u00e3o do Metr\u00f4\" src=\"http:\/\/projetocineb.com.br\/wp-content\/uploads\/2011\/12\/DSC03933_01web.jpg\" alt=\"A Galeria Borba Gato foi uma das \u00fanicas constru\u00e7\u00f5es que conseguiu se manter em p\u00e9 gra\u00e7as a luta dos comerciantes e moradores da regi\u00e3o que impediram uma suposta especula\u00e7\u00e3o imobili\u00e1ria na constru\u00e7\u00e3o do Metr\u00f4\" width=\"384\" height=\"288\" \/><\/a><figcaption id=\"caption-attachment-3023\" class=\"wp-caption-text\">A Galeria Borba Gato foi uma das \u00fanicas constru\u00e7\u00f5es que conseguiu se manter em p\u00e9 gra\u00e7as a luta dos comerciantes e moradores da regi\u00e3o que impediram uma suposta especula\u00e7\u00e3o imobili\u00e1ria na constru\u00e7\u00e3o do Metr\u00f4<\/figcaption><\/figure>\n<p>\u201cO mas engra\u00e7ado \u00e9 que duas mulheres foram muito respons\u00e1veis por tudo que aconteceu aqui\u201d, explica Regina Buttner, da ALTAP (Associa\u00e7\u00e3o de Lojistas e Trabalhadores de Adolfo Pinheiro). \u201cUm dia eu vi uma mulher ajudando a outra que tinha algum tipo de problema no p\u00e9 a chegar na Santa Casa. Ver aquilo me tocou e fui em frente para ao menos garantir que a Santa Casa continuasse existindo, al\u00e9m da Galeria\u201d, diz a advogada.<\/p>\n<h2><span style=\"color: #008000;\">CLICKS<\/span><\/h2>\n<figure id=\"attachment_3029\" aria-describedby=\"caption-attachment-3029\" style=\"width: 384px\" class=\"wp-caption aligncenter\"><a href=\"http:\/\/projetocineb.com.br\/wp-content\/uploads\/2011\/12\/DSC03956_01web.jpg\"><img loading=\"lazy\" decoding=\"async\" class=\"size-full wp-image-3029  \" title=\"Cine B na Galeria Borba Gato\" src=\"http:\/\/projetocineb.com.br\/wp-content\/uploads\/2011\/12\/DSC03956_01web.jpg\" alt=\"Cine B na Galeria Borba Gato\" width=\"384\" height=\"288\" \/><\/a><figcaption id=\"caption-attachment-3029\" class=\"wp-caption-text\">Cine B na Galeria Borba Gato<\/figcaption><\/figure>\n<figure id=\"attachment_3027\" aria-describedby=\"caption-attachment-3027\" style=\"width: 384px\" class=\"wp-caption aligncenter\"><a href=\"http:\/\/projetocineb.com.br\/wp-content\/uploads\/2011\/12\/DSC03940_01web.jpg\"><img loading=\"lazy\" decoding=\"async\" class=\"size-full wp-image-3027  \" title=\"&quot;A cultura ajuda a molecada a se manter viva, longe das drogas. Precisamos de mais iniciativas como essa&quot;, diz o morador de Embu-Gua\u00e7u, JC Subleva\u00e7\u00e3o\" src=\"http:\/\/projetocineb.com.br\/wp-content\/uploads\/2011\/12\/DSC03940_01web.jpg\" alt=\"&quot;A cultura ajuda a molecada a se manter viva, longe das drogas. Precisamos de mais iniciativas como essa&quot;, diz o morador de Embu-Gua\u00e7u, JC Subleva\u00e7\u00e3o\" width=\"384\" height=\"327\" \/><\/a><figcaption id=\"caption-attachment-3027\" class=\"wp-caption-text\">&quot;A cultura ajuda a molecada a se manter viva, longe das drogas. Precisamos de mais iniciativas como essa&quot;, diz o morador de Embu-Gua\u00e7u, JC Subleva\u00e7\u00e3o, que veio prestigiar a sess\u00e3o<\/figcaption><\/figure>\n<figure id=\"attachment_3026\" aria-describedby=\"caption-attachment-3026\" style=\"width: 384px\" class=\"wp-caption aligncenter\"><a href=\"http:\/\/projetocineb.com.br\/wp-content\/uploads\/2011\/12\/DSC03939_01web.jpg\"><img loading=\"lazy\" decoding=\"async\" class=\"size-full wp-image-3026  \" title=\"Marc\u00edlio Maris com sua filha Micaella Maris, de 4 anos, e a esposa Suellen Mingaren\" src=\"http:\/\/projetocineb.com.br\/wp-content\/uploads\/2011\/12\/DSC03939_01web.jpg\" alt=\"Marc\u00edlio Maris com sua filha Micaella Maris, de 4 anos, e a esposa Suellen Mingaren\" width=\"384\" height=\"316\" \/><\/a><figcaption id=\"caption-attachment-3026\" class=\"wp-caption-text\">Marc\u00edlio Maris com sua filha Micaella Maris, de 4 anos, e a esposa Suellen Mingaren<\/figcaption><\/figure>\n<figure id=\"attachment_3024\" aria-describedby=\"caption-attachment-3024\" style=\"width: 384px\" class=\"wp-caption aligncenter\"><a href=\"http:\/\/projetocineb.com.br\/wp-content\/uploads\/2011\/12\/DSC03934_01web.jpg\"><img loading=\"lazy\" decoding=\"async\" class=\"size-full wp-image-3024  \" title=\"&quot;A gente costuma assistir mais filmes em casa mesmo, inclusive hoje \u00e9 a primeira vez do meu filho no cinema&quot;, diz a comerciante Marcline Maria Silva Mendes, com seu filho San Thiago Mendes Gutierrez, 6\" src=\"http:\/\/projetocineb.com.br\/wp-content\/uploads\/2011\/12\/DSC03934_01web.jpg\" alt=\"&quot;A gente costuma assistir mais filmes em casa mesmo, inclusive hoje \u00e9 a primeira vez do meu filho no cinema&quot;, diz a comerciante Marcline Maria Silva Mendes, com seu filho San Thiago Mendes Gutierrez, 6\" width=\"384\" height=\"299\" \/><\/a><figcaption id=\"caption-attachment-3024\" class=\"wp-caption-text\">&quot;A gente costuma assistir mais filmes em casa mesmo, inclusive hoje \u00e9 a primeira vez do meu filho no cinema&quot;, diz a comerciante Marcline Maria Silva Mendes, com seu filho San Thiago Mendes Gutierrez, 6<\/figcaption><\/figure>\n<figure id=\"attachment_3032\" aria-describedby=\"caption-attachment-3032\" style=\"width: 384px\" class=\"wp-caption aligncenter\"><a href=\"http:\/\/projetocineb.com.br\/wp-content\/uploads\/2011\/12\/DSC03971_01web.jpg\"><img loading=\"lazy\" decoding=\"async\" class=\"size-full wp-image-3032  \" title=\"O fot\u00f3grafo Eduardo Menezes esteve neste Cine B fazendo diversas fotos. Depois queremos ver hein Eduardo!\" src=\"http:\/\/projetocineb.com.br\/wp-content\/uploads\/2011\/12\/DSC03971_01web.jpg\" alt=\"O fot\u00f3grafo Eduardo Menezes esteve neste Cine B fazendo diversas fotos. Depois queremos ver hein Eduardo!\" width=\"384\" height=\"294\" \/><\/a><figcaption id=\"caption-attachment-3032\" class=\"wp-caption-text\">O fot\u00f3grafo Eduardo Menezes esteve neste Cine B fazendo diversas fotos. Depois queremos ver hein Eduardo!<\/figcaption><\/figure>\n<figure id=\"attachment_3033\" aria-describedby=\"caption-attachment-3033\" style=\"width: 384px\" class=\"wp-caption aligncenter\"><a href=\"http:\/\/projetocineb.com.br\/wp-content\/uploads\/2011\/12\/DSC03974_01web.jpg\"><img loading=\"lazy\" decoding=\"async\" class=\"size-full wp-image-3033  \" title=\"Os sortudos que levaram para casa um guarda chuva\" src=\"http:\/\/projetocineb.com.br\/wp-content\/uploads\/2011\/12\/DSC03974_01web.jpg\" alt=\"Os sortudos que levaram para casa um guarda chuva\" width=\"384\" height=\"288\" \/><\/a><figcaption id=\"caption-attachment-3033\" class=\"wp-caption-text\">Os sortudos que levaram para casa um guarda chuva<\/figcaption><\/figure>\n<figure id=\"attachment_3034\" aria-describedby=\"caption-attachment-3034\" style=\"width: 384px\" class=\"wp-caption aligncenter\"><a href=\"http:\/\/projetocineb.com.br\/wp-content\/uploads\/2011\/12\/DSC03977_01web.jpg\"><img loading=\"lazy\" decoding=\"async\" class=\"size-full wp-image-3034  \" title=\"Todos os sortudos deste Cine B na Borba Gato\" src=\"http:\/\/projetocineb.com.br\/wp-content\/uploads\/2011\/12\/DSC03977_01web.jpg\" alt=\"Todos os sortudos deste Cine B na Borba Gato\" width=\"384\" height=\"288\" \/><\/a><figcaption id=\"caption-attachment-3034\" class=\"wp-caption-text\">Todos os sortudos deste Cine B na Borba Gato<\/figcaption><\/figure>\n","protected":false},"excerpt":{"rendered":"<p>N\u00e3o tem lugar p\u00e1reo para o Cine B. Seja onde for, o local \u00e9 transformado num verdadeiro cinema. S\u00f3 este[&#8230;]<\/p>\n","protected":false},"author":2,"featured_media":0,"comment_status":"open","ping_status":"open","sticky":false,"template":"","format":"standard","meta":[],"categories":[2],"tags":[60,154,242,263,266,496,567,751,1089,1095,1137],"_links":{"self":[{"href":"https:\/\/projetocineb.com.br\/index.php?rest_route=\/wp\/v2\/posts\/3022"}],"collection":[{"href":"https:\/\/projetocineb.com.br\/index.php?rest_route=\/wp\/v2\/posts"}],"about":[{"href":"https:\/\/projetocineb.com.br\/index.php?rest_route=\/wp\/v2\/types\/post"}],"author":[{"embeddable":true,"href":"https:\/\/projetocineb.com.br\/index.php?rest_route=\/wp\/v2\/users\/2"}],"replies":[{"embeddable":true,"href":"https:\/\/projetocineb.com.br\/index.php?rest_route=%2Fwp%2Fv2%2Fcomments&post=3022"}],"version-history":[{"count":0,"href":"https:\/\/projetocineb.com.br\/index.php?rest_route=\/wp\/v2\/posts\/3022\/revisions"}],"wp:attachment":[{"href":"https:\/\/projetocineb.com.br\/index.php?rest_route=%2Fwp%2Fv2%2Fmedia&parent=3022"}],"wp:term":[{"taxonomy":"category","embeddable":true,"href":"https:\/\/projetocineb.com.br\/index.php?rest_route=%2Fwp%2Fv2%2Fcategories&post=3022"},{"taxonomy":"post_tag","embeddable":true,"href":"https:\/\/projetocineb.com.br\/index.php?rest_route=%2Fwp%2Fv2%2Ftags&post=3022"}],"curies":[{"name":"wp","href":"https:\/\/api.w.org\/{rel}","templated":true}]}}