{"id":3041,"date":"2011-12-04T22:03:24","date_gmt":"2011-12-05T00:03:24","guid":{"rendered":"http:\/\/projetocineb.com.br\/?p=3041"},"modified":"2011-12-04T22:03:24","modified_gmt":"2011-12-05T00:03:24","slug":"vila-prudente-2","status":"publish","type":"post","link":"https:\/\/projetocineb.com.br\/?p=3041","title":{"rendered":"VILA PRUDENTE"},"content":{"rendered":"<p><span style=\"color: #ff6600;\">Pela terceira vez o Cine B chega na Sociedade dos Amigos do Jardim Independ\u00eancia, que fica na regi\u00e3o de Vila Prudente, zona leste de S\u00e3o Paulo.<\/span> Gracas a uma parceria entre o Cine B e o Cinema BR em Movimento, exibimos pela oitava vez o filme <em>Eu e meu guarda chuva<\/em> e o curta metragem <em>Procura-se<\/em>, de Iber\u00ea Carvalho.<\/p>\n<figure id=\"attachment_3049\" aria-describedby=\"caption-attachment-3049\" style=\"width: 384px\" class=\"wp-caption aligncenter\"><a href=\"http:\/\/projetocineb.com.br\/wp-content\/uploads\/2011\/12\/DSC04000_01web5.jpg\"><img fetchpriority=\"high\" decoding=\"async\" class=\"size-full wp-image-3049  \" title=\"Pela terceira vez o Cine B arma sua estrutura na Sociedade dos Amigos do Jardim Independ\u00eancia, na zona leste de S\u00e3o Paulo\" src=\"http:\/\/projetocineb.com.br\/wp-content\/uploads\/2011\/12\/DSC04000_01web5.jpg\" alt=\"Pela terceira vez o Cine B arma sua estrutura na Sociedade dos Amigos do Jardim Independ\u00eancia, na zona leste de S\u00e3o Paulo\" width=\"384\" height=\"288\" \/><\/a><figcaption id=\"caption-attachment-3049\" class=\"wp-caption-text\">Pela terceira vez o Cine B arma sua estrutura na Sociedade dos Amigos do Jardim Independ\u00eancia, na zona leste de S\u00e3o Paulo<\/figcaption><\/figure>\n<p><span style=\"color: #ff6600;\">\u201cPrincipalmente para as crian\u00e7as \u00e9 muito bom um evento como este, porque n\u00e3o tem nada para fazer aqui no bairro\u201d, conta a espectadora Rosangela Sena Ferreira.<\/span><\/p>\n<figure id=\"attachment_3046\" aria-describedby=\"caption-attachment-3046\" style=\"width: 384px\" class=\"wp-caption aligncenter\"><a href=\"http:\/\/projetocineb.com.br\/wp-content\/uploads\/2011\/12\/DSC03990_01web3.jpg\"><img decoding=\"async\" class=\"size-full wp-image-3046  \" title=\"&quot;Principalmente para as crian\u00e7as o Cine B \u00e9 muito bom, porque aqui na regi\u00e3o n\u00e3o temos nada pra fazer&quot;, diz Rosangela Sena Ferreira, com seus filhos Isabelle, 3, e Pedro Henrique do Nascimento, 5\" src=\"http:\/\/projetocineb.com.br\/wp-content\/uploads\/2011\/12\/DSC03990_01web3.jpg\" alt=\"&quot;Principalmente para as crian\u00e7as o Cine B \u00e9 muito bom, porque aqui na regi\u00e3o n\u00e3o temos nada pra fazer&quot;, diz Rosangela Sena Ferreira, com seus filhos Isabelle, 3, e Pedro Henrique do Nascimento, 5\" width=\"384\" height=\"370\" \/><\/a><figcaption id=\"caption-attachment-3046\" class=\"wp-caption-text\">Rosangela Sena Ferreira, com seus filhos Isabelle, 3, e Pedro Henrique do Nascimento, 5<\/figcaption><\/figure>\n<p><span style=\"color: #ff6600;\">\u201cEste ano o Cine B fez 35 exibi\u00e7\u00f5es em comunidades e universidades, o que nos deixa muito gratificados\u201d, revela na abertura da exibi\u00e7\u00e3o, o coordenador do Cine B, Cid\u00e1lio Vieira Santos. <\/span>\u201cEsperamos que ano que vem tenha muito mais\u201d.<\/p>\n<p>\u201cSempre queremos que volte, porque \u00e9 um projeto que nos ajuda aqui na comunidade. Por isso agrade\u00e7o, nosso colaboradores, a Dona Gl\u00f3ria, que \u00e9 nossa zeladora, e Magda Costa, a tesoureira da Sociedade, al\u00e9m \u00e9 claro do Reginaldo Cassemiro, que sempre apoia nossa entidade e o Sindicato dos Banc\u00e1rios de S\u00e3o Paulo, Osasco e Regi\u00e3o por esta \u00f3tima iniciativa\u201d, diz a presidente da associa\u00e7\u00e3o, Solange Eurides Ferreira.<\/p>\n<figure id=\"attachment_3047\" aria-describedby=\"caption-attachment-3047\" style=\"width: 384px\" class=\"wp-caption aligncenter\"><a href=\"http:\/\/projetocineb.com.br\/wp-content\/uploads\/2011\/12\/DSC03992_01web2.jpg\"><img decoding=\"async\" class=\"size-full wp-image-3047  \" title=\"&quot;Esta \u00e9 uma sess\u00e3o que o Cine B comemora um p\u00fablico acumulado desde 2007, e, 24.600 pessoas&quot;, diz o coordenador do projeto na abertura da exibi\u00e7\u00e3o, Cid\u00e1lio Vieira Santos, ao lado da presidente da Sociedade dos Amigos do Jd. Independ\u00eancia, Solange Eurides Ferreira\" src=\"http:\/\/projetocineb.com.br\/wp-content\/uploads\/2011\/12\/DSC03992_01web2.jpg\" alt=\"&quot;Esta \u00e9 uma sess\u00e3o que o Cine B comemora um p\u00fablico acumulado desde 2007, e, 24.600 pessoas&quot;, diz o coordenador do projeto na abertura da exibi\u00e7\u00e3o, Cid\u00e1lio Vieira Santos, ao lado da presidente da Sociedade dos Amigos do Jd. Independ\u00eancia, Solange Eurides Ferreira\" width=\"384\" height=\"325\" \/><\/a><figcaption id=\"caption-attachment-3047\" class=\"wp-caption-text\">O coordenador do Cine B na abertura da exibi\u00e7\u00e3o, Cid\u00e1lio Vieira Santos, ao lado da presidente da Sociedade dos Amigos do Jd. Independ\u00eancia, Solange Eurides Ferreira<\/figcaption><\/figure>\n<p><span style=\"color: #ff6600;\">\u201cEsperamos que o projeto sempre continue, porque assim reafirma os benef\u00edcios que o Sindicato oferece para a sociedade, em parceria com associa\u00e7\u00f5es e empresas como a Brazucah\u201d, ressalta Reginaldo Cassemiro.<\/span><\/p>\n<p>Em breve esperamos retornar, mas n\u00e3o acaba tudo ainda em 2011! <span style=\"color: #ff6600;\">Nas pr\u00f3ximas semanas, aqui no blog do Cine B, voc\u00ea vai conferir os melhores momentos deste ano em que nosso querido projeto completou 4 anos de exist\u00eancia!<\/span><\/p>\n<p>Viva!<\/p>\n<h2><span style=\"color: #008000;\">CLICKS<\/span><\/h2>\n<p><span style=\"color: #008000;\"><span style=\"color: #000000;\">Veja mais fotos em nossa p\u00e1gina no Facebook:<\/span> <a href=\"http:\/\/www.facebook.com\/cinemabrasileiro\" target=\"_blank\">www.facebook.com\/cinemabrasileiro<\/a><\/span><\/p>\n<figure id=\"attachment_3048\" aria-describedby=\"caption-attachment-3048\" style=\"width: 384px\" class=\"wp-caption aligncenter\"><a href=\"http:\/\/projetocineb.com.br\/wp-content\/uploads\/2011\/12\/DSC03998_01web2.jpg\"><img loading=\"lazy\" decoding=\"async\" class=\"size-full wp-image-3048  \" title=\"Na foto, com o cartaz do Cinema BR em Movimento, parceiro do Cine B, a presidente da Sociedade, Solange Eurides Ferreira e seu marido, Reginaldo Cassemiro\" src=\"http:\/\/projetocineb.com.br\/wp-content\/uploads\/2011\/12\/DSC03998_01web2.jpg\" alt=\"Na foto, com o cartaz do Cinema BR em Movimento, parceiro do Cine B, a presidente da Sociedade, Solange Eurides Ferreira e seu marido, Reginaldo Cassemiro\" width=\"384\" height=\"339\" \/><\/a><figcaption id=\"caption-attachment-3048\" class=\"wp-caption-text\">Na foto, com o cartaz do Cinema BR em Movimento, parceiro do Cine B, a presidente da Sociedade, Solange Eurides Ferreira e seu marido, Reginaldo Cassemiro<\/figcaption><\/figure>\n<p><span style=\"color: #008000;\"><br \/>\n<\/span><\/p>\n<figure id=\"attachment_3045\" aria-describedby=\"caption-attachment-3045\" style=\"width: 384px\" class=\"wp-caption aligncenter\"><a href=\"http:\/\/projetocineb.com.br\/wp-content\/uploads\/2011\/12\/DSC03985_01web3.jpg\"><img loading=\"lazy\" decoding=\"async\" class=\"size-full wp-image-3045  \" title=\"&quot;Na \u00faltima sess\u00e3o que teve aqui, tive que ir embora porque minha filha era muito pequena. Hoje vou ficar at\u00e9 o fim&quot;, comemora a espectadora Fabiana Aparecida Rosa, com os filhos Henrique, 8, Stefani de Azevedo, 5 anos e Thiago, 8\" src=\"http:\/\/projetocineb.com.br\/wp-content\/uploads\/2011\/12\/DSC03985_01web3.jpg\" alt=\"&quot;Na \u00faltima sess\u00e3o que teve aqui, tive que ir embora porque minha filha era muito pequena. Hoje vou ficar at\u00e9 o fim&quot;, comemora a espectadora Fabiana Aparecida Rosa, com os filhos Henrique, 8, Stefani de Azevedo, 5 anos e Thiago, 8\" width=\"384\" height=\"312\" \/><\/a><figcaption id=\"caption-attachment-3045\" class=\"wp-caption-text\">&quot;Na \u00faltima sess\u00e3o que teve aqui, tive que ir embora porque minha filha era muito pequena. Hoje vou ficar at\u00e9 o fim&quot;, comemora a espectadora Fabiana Aparecida Rosa, com os filhos Henrique, 8, Stefani de Azevedo, 5 anos e Thiago, 8<\/figcaption><\/figure>\n<figure id=\"attachment_3044\" aria-describedby=\"caption-attachment-3044\" style=\"width: 384px\" class=\"wp-caption aligncenter\"><a href=\"http:\/\/projetocineb.com.br\/wp-content\/uploads\/2011\/12\/DSC03983_01web3.jpg\"><img loading=\"lazy\" decoding=\"async\" class=\"size-full wp-image-3044  \" title=\"&quot;Gostei do projeto porque \u00e9 dif\u00edcil a gente eu ir no cinema com meu filho&quot;, conta a moradora Maria Jos\u00e9 dos Santos da Silva, com seu filho Pedro Kayke, 5\" src=\"http:\/\/projetocineb.com.br\/wp-content\/uploads\/2011\/12\/DSC03983_01web3.jpg\" alt=\"&quot;Gostei do projeto porque \u00e9 dif\u00edcil a gente eu ir no cinema com meu filho&quot;, conta a moradora Maria Jos\u00e9 dos Santos da Silva, com seu filho Pedro Kayke, 5\" width=\"384\" height=\"337\" \/><\/a><figcaption id=\"caption-attachment-3044\" class=\"wp-caption-text\">&quot;Gostei do projeto porque \u00e9 dif\u00edcil a gente eu ir no cinema com meu filho&quot;, conta a moradora Maria Jos\u00e9 dos Santos da Silva, com seu filho Pedro Kayke, 5<\/figcaption><\/figure>\n<figure id=\"attachment_3052\" aria-describedby=\"caption-attachment-3052\" style=\"width: 384px\" class=\"wp-caption aligncenter\"><a href=\"http:\/\/projetocineb.com.br\/wp-content\/uploads\/2011\/12\/DSC04014_01web1.jpg\"><img loading=\"lazy\" decoding=\"async\" class=\"size-full wp-image-3052  \" title=\"Magda Costa Ferreira Petarnela ganhou um guarda chuva do Cine B no sorteio!\" src=\"http:\/\/projetocineb.com.br\/wp-content\/uploads\/2011\/12\/DSC04014_01web1.jpg\" alt=\"Magda Costa Ferreira Petarnela ganhou um guarda chuva do Cine B no sorteio!\" width=\"384\" height=\"288\" \/><\/a><figcaption id=\"caption-attachment-3052\" class=\"wp-caption-text\">Magda Costa Ferreira Petarnela ganhou um guarda chuva do Cine B no sorteio!<\/figcaption><\/figure>\n<figure id=\"attachment_3053\" aria-describedby=\"caption-attachment-3053\" style=\"width: 384px\" class=\"wp-caption aligncenter\"><a href=\"http:\/\/projetocineb.com.br\/wp-content\/uploads\/2011\/12\/DSC04015_01web2.jpg\"><img loading=\"lazy\" decoding=\"async\" class=\"size-full wp-image-3053  \" title=\"Todos os sortudos desta noite que encerra as exibi\u00e7\u00f5es do Cine B\" src=\"http:\/\/projetocineb.com.br\/wp-content\/uploads\/2011\/12\/DSC04015_01web2.jpg\" alt=\"Todos os sortudos desta noite que encerra as exibi\u00e7\u00f5es do Cine B\" width=\"384\" height=\"288\" \/><\/a><figcaption id=\"caption-attachment-3053\" class=\"wp-caption-text\">Todos os sortudos desta noite que encerra as exibi\u00e7\u00f5es do Cine B<\/figcaption><\/figure>\n<p><span style=\"color: #008000;\"><br \/>\n<\/span><\/p>\n","protected":false},"excerpt":{"rendered":"<p>Pela terceira vez o Cine B chega na Sociedade dos Amigos do Jardim Independ\u00eancia, que fica na regi\u00e3o de Vila[&#8230;]<\/p>\n","protected":false},"author":2,"featured_media":0,"comment_status":"open","ping_status":"open","sticky":false,"template":"","format":"standard","meta":[],"categories":[2],"tags":[154,242,263,266,1133,1247],"_links":{"self":[{"href":"https:\/\/projetocineb.com.br\/index.php?rest_route=\/wp\/v2\/posts\/3041"}],"collection":[{"href":"https:\/\/projetocineb.com.br\/index.php?rest_route=\/wp\/v2\/posts"}],"about":[{"href":"https:\/\/projetocineb.com.br\/index.php?rest_route=\/wp\/v2\/types\/post"}],"author":[{"embeddable":true,"href":"https:\/\/projetocineb.com.br\/index.php?rest_route=\/wp\/v2\/users\/2"}],"replies":[{"embeddable":true,"href":"https:\/\/projetocineb.com.br\/index.php?rest_route=%2Fwp%2Fv2%2Fcomments&post=3041"}],"version-history":[{"count":0,"href":"https:\/\/projetocineb.com.br\/index.php?rest_route=\/wp\/v2\/posts\/3041\/revisions"}],"wp:attachment":[{"href":"https:\/\/projetocineb.com.br\/index.php?rest_route=%2Fwp%2Fv2%2Fmedia&parent=3041"}],"wp:term":[{"taxonomy":"category","embeddable":true,"href":"https:\/\/projetocineb.com.br\/index.php?rest_route=%2Fwp%2Fv2%2Fcategories&post=3041"},{"taxonomy":"post_tag","embeddable":true,"href":"https:\/\/projetocineb.com.br\/index.php?rest_route=%2Fwp%2Fv2%2Ftags&post=3041"}],"curies":[{"name":"wp","href":"https:\/\/api.w.org\/{rel}","templated":true}]}}