{"id":3110,"date":"2012-03-20T11:25:58","date_gmt":"2012-03-20T14:25:58","guid":{"rendered":"http:\/\/projetocineb.com.br\/?p=3110"},"modified":"2012-03-20T11:25:58","modified_gmt":"2012-03-20T14:25:58","slug":"cine-b-toca-raauul","status":"publish","type":"post","link":"https:\/\/projetocineb.com.br\/?p=3110","title":{"rendered":"CINE B TOCA RAAUUL!"},"content":{"rendered":"<p>Voc\u00ea pode amar ou odiar Raul Seixas, mas \u00e9 dif\u00edcil n\u00e3o admir\u00e1-lo de alguma forma. O \u201cpai\u201d do rock brasileiro at\u00e9 hoje conquista f\u00e3s por a\u00ed. E suas letras ainda atuais, tocam o cora\u00e7\u00e3o de diversas gera\u00e7\u00f5es.<\/p>\n<figure id=\"attachment_3116\" aria-describedby=\"caption-attachment-3116\" style=\"width: 384px\" class=\"wp-caption aligncenter\"><a href=\"http:\/\/projetocineb.com.br\/wp-content\/uploads\/2012\/03\/DSC04048_01web.jpg\"><img fetchpriority=\"high\" decoding=\"async\" class=\"size-full wp-image-3116  \" title=\"Primeira fila super Raul: (esq. para dir.) Paulo Mano, Penna Seixas, Carleba da banda Os Panteras e L\u00e9o Seixas\" src=\"http:\/\/projetocineb.com.br\/wp-content\/uploads\/2012\/03\/DSC04048_01web.jpg\" alt=\"Primeira fila super Raul: (esq. para dir.) Paulo Mano, Penna Seixas, Carleba da banda Os Panteras e L\u00e9o Seixas\" width=\"384\" height=\"288\" \/><\/a><figcaption id=\"caption-attachment-3116\" class=\"wp-caption-text\">Primeira fila super Raul: (esq. para dir.) Roberto Seixas, Mano Seixas, L\u00e9o Seixas, Carleba da banda Os Panteras e Penna Seixas <\/figcaption><\/figure>\n<p><span style=\"color: #ff6600;\">\u201cNa Virada Cultural de 2009 reunimos a banda original e tocamos para um p\u00fablico de 30 mil pessoas\u201d, conta o baterista Carleba, da banda Os Panteras que tocava com Raul. \u201cO mais emocionante desse show foi ver tanta gente jovem cantando as letras\u201d.<\/span><\/p>\n<p><span style=\"color: #ff6600;\"><em><strong>Raul \u2013 O in\u00edcio, o fim e o meio<\/strong><\/em>, de Walter Carvalho, e<\/span><span style=\"color: #ff6600;\">streia nos cinemas em todo Brasil dia 23 de mar\u00e7o<\/span>, e pretende mostrar qu\u00e3o forte \u00e9 essa lenda do rock nacional. E como n\u00e3o podia ser diferente, o Cine B realizou sua pr\u00e9-estreia na Regional Paulista do Sindicato dos Banc\u00e1rios. 150 espectadores estiveram presentes em dois ambientes de exibi\u00e7\u00e3o. Foi, sem d\u00favida, a pr\u00e9-estreia Cine B mais badalada!<\/p>\n<p>Al\u00e9m do baterista da banda Os Panteras, 4 s\u00f3sias estiveram presentes na exibi\u00e7\u00e3o. Inclusive, um deles, Penna Seixas, levou o filho, Raul Seixas Leal de Souza, de 11 anos. Sim, o nome dele \u00e9 esse mesmo e a m\u00e3e quando ficou sabendo dessa perip\u00e9cia de batismo do pai, n\u00e3o gostou nadinha (<span style=\"color: #ff6600;\">leia abaixo o depoimento dele no debate com o p\u00fablico<\/span>).<\/p>\n<figure id=\"attachment_3124\" aria-describedby=\"caption-attachment-3124\" style=\"width: 384px\" class=\"wp-caption aligncenter\"><a href=\"http:\/\/projetocineb.com.br\/wp-content\/uploads\/2012\/03\/DSC04072_01web.jpg\"><img decoding=\"async\" class=\"size-full wp-image-3124  \" title=\"Penna Seixas e seu filho Raul Seixas Leal Souza com o coordenador do Cine B, Cid\u00e1lio Vieira Santos e o ganhador da camiseta do filme\" src=\"http:\/\/projetocineb.com.br\/wp-content\/uploads\/2012\/03\/DSC04072_01web.jpg\" alt=\"Penna Seixas e seu filho Raul Seixas Leal Souza com o coordenador do Cine B, Cid\u00e1lio Vieira Santos e o ganhador da camiseta do filme\" width=\"384\" height=\"298\" \/><\/a><figcaption id=\"caption-attachment-3124\" class=\"wp-caption-text\">Penna Seixas e seu filho Raul Seixas Leal Souza com o coordenador do Cine B, Cid\u00e1lio Vieira Santos e o ganhador da camiseta do filme<\/figcaption><\/figure>\n<p><span style=\"color: #ff6600;\">Na abertura da exibi\u00e7\u00e3o, o diretor sindical do Banco do Brasil, representando a presidenta do Sindicato dos Banc\u00e1rios de S\u00e2o Paulo, Osasco e Regi\u00e3o, junto com Cynthia Alario, diretora da Brazucah Produ\u00e7\u00f5es agradeceram a presen\u00e7a do p\u00fablico e ressaltaram a import\u00e2ncia da divulga\u00e7\u00e3o boca a boca para o sucesso do cinema brasileiro.<\/span><\/p>\n<p>No final da exibi\u00e7\u00e3o, \u00a0o produtor executivo do document\u00e1rio, Denis Feij\u00e3o, e o roteirista, Leonardo Gudel, participaram de um bate papo com o p\u00fablico.<\/p>\n<p><a href=\"http:\/\/www.spbancarios.com.br\/Videos.aspx?id=154\" target=\"_blank\">Clique para assistir a reportagem do Momento Banc\u00e1rio.<\/a><\/p>\n<h2><span style=\"color: #008000;\">LENDA \u00c9 LENDA<\/span><\/h2>\n<figure id=\"attachment_3119\" aria-describedby=\"caption-attachment-3119\" style=\"width: 378px\" class=\"wp-caption aligncenter\"><a href=\"http:\/\/projetocineb.com.br\/wp-content\/uploads\/2012\/03\/DSC04063_01web.jpg\"><img decoding=\"async\" class=\"size-full wp-image-3119  \" title=\"Alexandre Elias Caetano: Houve muita espectativa para fazer o filme por conta de Raul ser uma verdadeira lenda e ter tantos f\u00e3s?\" src=\"http:\/\/projetocineb.com.br\/wp-content\/uploads\/2012\/03\/DSC04063_01web.jpg\" alt=\"Alexandre Elias Caetano: Houve muita espectativa para fazer o filme por conta de Raul ser uma verdadeira lenda e ter tantos f\u00e3s?\" width=\"378\" height=\"384\" \/><\/a><figcaption id=\"caption-attachment-3119\" class=\"wp-caption-text\">Alexandre Elias Caetano: Houve muita espectativa para fazer o filme por conta de Raul ser uma verdadeira lenda e ter tantos f\u00e3s?<\/figcaption><\/figure>\n<p><span style=\"color: #ff6600;\"><strong>Denis Feij\u00e3o: <\/strong><\/span>Realmente demoramos mais para entregar o filme, pois era uma obra que merecia muita dedica\u00e7\u00e3o. Foi um filme com muita energia, tanto que a cena em que entrevistamos Paulo Coelho e aparece a mosca, foi o acaso. Brincamos que treinamos a mosca aqui no Brasil e levamos ela dentro de uma lata de filme para Genebra. Mas ali foi algo do momento<\/p>\n<p><span style=\"color: #ff6600;\"><strong>Leonardo Gudel:<\/strong><\/span> Virou um filme tanto para os que apreciam este artista, quanto para os que n\u00e3o conhecem ou n\u00e3o gostam.<\/p>\n<figure id=\"attachment_3120\" aria-describedby=\"caption-attachment-3120\" style=\"width: 384px\" class=\"wp-caption aligncenter\"><a href=\"http:\/\/projetocineb.com.br\/wp-content\/uploads\/2012\/03\/DSC04064_01web.jpg\"><img loading=\"lazy\" decoding=\"async\" class=\"size-full wp-image-3120  \" title=\"Aline Alves, moradora do bairro de Bela Vista: Qual a maior dificuldade para fazer este filme?\" src=\"http:\/\/projetocineb.com.br\/wp-content\/uploads\/2012\/03\/DSC04064_01web.jpg\" alt=\"Aline Alves, moradora do bairro de Bela Vista: Qual a maior dificuldade para fazer este filme?\" width=\"384\" height=\"346\" \/><\/a><figcaption id=\"caption-attachment-3120\" class=\"wp-caption-text\">Aline Alves, moradora do bairro de Bela Vista: Qual a maior dificuldade para fazer este filme?<\/figcaption><\/figure>\n<p><span style=\"color: #ff6600;\"><strong>Leonardo Gudel:<\/strong><\/span> N\u00f3s t\u00ednhamos uma lista enorme de entrevista, ao todo 94 e mais de 400 horas de material de arquivo que pesquisamos. O mais dif\u00edcil foi esse volume de arquivo, e selecionar o que ia entrar no filme e o que ficaria de fora.<\/p>\n<figure id=\"attachment_3121\" aria-describedby=\"caption-attachment-3121\" style=\"width: 384px\" class=\"wp-caption aligncenter\"><a href=\"http:\/\/projetocineb.com.br\/wp-content\/uploads\/2012\/03\/DSC04065_01web.jpg\"><img loading=\"lazy\" decoding=\"async\" class=\"size-full wp-image-3121  \" title=\"Charles de Oliveira, de Itapecerica da Serra: Voc\u00eas atenuaram a rela\u00e7\u00e3o que Raul teve com as drogas atrav\u00e9s de Paulo Coelho e Marcelo Nova?\" src=\"http:\/\/projetocineb.com.br\/wp-content\/uploads\/2012\/03\/DSC04065_01web.jpg\" alt=\"Charles de Oliveira, de Itapecerica da Serra: Voc\u00eas atenuaram a rela\u00e7\u00e3o que Raul teve com as drogas atrav\u00e9s de Paulo Coelho e Marcelo Nova?\" width=\"384\" height=\"378\" \/><\/a><figcaption id=\"caption-attachment-3121\" class=\"wp-caption-text\">Charles de Oliveira, de Itapecerica da Serra: Voc\u00eas atenuaram a rela\u00e7\u00e3o que Raul teve com as drogas atrav\u00e9s de Paulo Coelho e Marcelo Nova?<\/figcaption><\/figure>\n<p><span style=\"color: #ff6600;\"><strong>Denis Feij\u00e3o: <\/strong><\/span>Retratamos a rela\u00e7\u00e3o de cada um em busca de coisas novas e suas diferen\u00e7as pessoais.<\/p>\n<p><span style=\"color: #ff6600;\"><strong>Leonardo Gudel:<\/strong><\/span> Na verdade mostramos a for\u00e7a da rela\u00e7\u00e3o deles, os dois lados que existem em tudo que \u00e9 vivido intensamente.<\/p>\n<figure id=\"attachment_3122\" aria-describedby=\"caption-attachment-3122\" style=\"width: 384px\" class=\"wp-caption aligncenter\"><a href=\"http:\/\/projetocineb.com.br\/wp-content\/uploads\/2012\/03\/DSC04067_01web.jpg\"><img loading=\"lazy\" decoding=\"async\" class=\"size-full wp-image-3122  \" title=\"Cida do Patroc\u00ednio, moradora de Bela Vista: Por que surgiu a ideia de retratar esse verdadeiro roqueiro do Brasil?\" src=\"http:\/\/projetocineb.com.br\/wp-content\/uploads\/2012\/03\/DSC04067_01web.jpg\" alt=\"Cida do Patroc\u00ednio, moradora de Bela Vista: Por que surgiu a ideia de retratar esse verdadeiro roqueiro do Brasil?\" width=\"384\" height=\"371\" \/><\/a><figcaption id=\"caption-attachment-3122\" class=\"wp-caption-text\">Cida do Patroc\u00ednio, moradora de Bela Vista: Por que surgiu a ideia de retratar esse verdadeiro roqueiro do Brasil?<\/figcaption><\/figure>\n<p><span style=\"color: #ff6600;\"><strong>Leonardo Gudel:<\/strong><\/span> O Raul Seixas Leal de Souza tem 11 anos e adora rock e ouvir o Raul. Ele \u00e9 o maior exemplo da import\u00e2ncia do Raul na cultura, no rock brasileiro. O filme vem reiterar isso.<\/p>\n<p><span style=\"color: #ff6600;\"><strong>Denis Feij\u00e3o: <\/strong><\/span>A ideia surgiu h\u00e1 6 anos durante um ano novo na casa de um primo que foi quem me apresentou as m\u00fasicas do Raul, quando eu ainda era adolescente. Depois de 1, 2 anos, conseguimos convencer as filhas do Raul, que s\u00e3o donas dos direitos autorais e essa viagem veio parar at\u00e9 aqui.<\/p>\n<figure id=\"attachment_3123\" aria-describedby=\"caption-attachment-3123\" style=\"width: 384px\" class=\"wp-caption aligncenter\"><a href=\"http:\/\/projetocineb.com.br\/wp-content\/uploads\/2012\/03\/DSC04068_01web.jpg\"><img loading=\"lazy\" decoding=\"async\" class=\"size-full wp-image-3123  \" title=\"Cesar Moreira da Silva, morador da \u00c1gua Branca: Gostaria que o cover do Raul contasse sua experi\u00eancia, porque se tornou um cover at\u00e9 hoje.\" src=\"http:\/\/projetocineb.com.br\/wp-content\/uploads\/2012\/03\/DSC04068_01web.jpg\" alt=\"Cesar Moreira da Silva, morador da \u00c1gua Branca: Gostaria que o cover do Raul contasse sua experi\u00eancia, porque se tornou um cover at\u00e9 hoje.\" width=\"384\" height=\"362\" \/><\/a><figcaption id=\"caption-attachment-3123\" class=\"wp-caption-text\">Cesar Moreira da Silva, morador da \u00c1gua Branca: Gostaria que o cover do Raul contasse sua experi\u00eancia, porque se tornou um cover at\u00e9 hoje.<\/figcaption><\/figure>\n<p><strong><span style=\"color: #ff6600;\">Penna Seixas: <\/span><\/strong>Eu sou de Dias D\u00e1vila na Bahia, quando lan\u00e7ou o primeiro disco Raulzito e Os Panteras eu e meus amigos fizemos uma vaquinha para comprar. Era uma coisa linda aquelas m\u00fasicas, diferente de tudo que existia. Quando vim pra S\u00e3o Paulo, consegui entrar no camarim porque acharam que eu era irm\u00e3o dele. Raul era um cara muito legal, falei com ele, assisti o show e cai fora antes que notassem que eu n\u00e3o era parente dele. Naquele dia prometi pra mim mesmo que daria o nome dele para meu filho. Registrei ele no Cap\u00e3o Redondo, minha mulher jogou todas minhas coisas pela janela, tocou fogo, uma confus\u00e3o s\u00f3.<\/p>\n<figure id=\"attachment_3118\" aria-describedby=\"caption-attachment-3118\" style=\"width: 384px\" class=\"wp-caption aligncenter\"><a href=\"http:\/\/projetocineb.com.br\/wp-content\/uploads\/2012\/03\/DSC04061_01web.jpg\"><img loading=\"lazy\" decoding=\"async\" class=\"size-full wp-image-3118  \" title=\"Respondem os curiosos: Raul Seixas Leal de Souza, o roteirista Leonardo Gobel, Penna Seixas e o produtor executivo do filme, D\u00eanis Feij\u00e3o\" src=\"http:\/\/projetocineb.com.br\/wp-content\/uploads\/2012\/03\/DSC04061_01web.jpg\" alt=\"Respondem os curiosos: Raul Seixas Leal de Souza, o roteirista Leonardo Gobel, Penna Seixas e o produtor executivo do filme, D\u00eanis Feij\u00e3o\" width=\"384\" height=\"288\" \/><\/a><figcaption id=\"caption-attachment-3118\" class=\"wp-caption-text\">Respondem os curiosos: Raul Seixas Leal de Souza, o roteirista Leonardo Gobel, Penna Seixas e o produtor executivo do filme, Denis Feij\u00e3o<\/figcaption><\/figure>\n","protected":false},"excerpt":{"rendered":"<p>Voc\u00ea pode amar ou odiar Raul Seixas, mas \u00e9 dif\u00edcil n\u00e3o admir\u00e1-lo de alguma forma. O \u201cpai\u201d do rock brasileiro[&#8230;]<\/p>\n","protected":false},"author":2,"featured_media":0,"comment_status":"open","ping_status":"open","sticky":false,"template":"","format":"standard","meta":[],"categories":[2],"tags":[154,242,263,266,381,403,549,731,742,867,1034,1095,1132,1240],"_links":{"self":[{"href":"https:\/\/projetocineb.com.br\/index.php?rest_route=\/wp\/v2\/posts\/3110"}],"collection":[{"href":"https:\/\/projetocineb.com.br\/index.php?rest_route=\/wp\/v2\/posts"}],"about":[{"href":"https:\/\/projetocineb.com.br\/index.php?rest_route=\/wp\/v2\/types\/post"}],"author":[{"embeddable":true,"href":"https:\/\/projetocineb.com.br\/index.php?rest_route=\/wp\/v2\/users\/2"}],"replies":[{"embeddable":true,"href":"https:\/\/projetocineb.com.br\/index.php?rest_route=%2Fwp%2Fv2%2Fcomments&post=3110"}],"version-history":[{"count":0,"href":"https:\/\/projetocineb.com.br\/index.php?rest_route=\/wp\/v2\/posts\/3110\/revisions"}],"wp:attachment":[{"href":"https:\/\/projetocineb.com.br\/index.php?rest_route=%2Fwp%2Fv2%2Fmedia&parent=3110"}],"wp:term":[{"taxonomy":"category","embeddable":true,"href":"https:\/\/projetocineb.com.br\/index.php?rest_route=%2Fwp%2Fv2%2Fcategories&post=3110"},{"taxonomy":"post_tag","embeddable":true,"href":"https:\/\/projetocineb.com.br\/index.php?rest_route=%2Fwp%2Fv2%2Ftags&post=3110"}],"curies":[{"name":"wp","href":"https:\/\/api.w.org\/{rel}","templated":true}]}}