{"id":3130,"date":"2012-03-23T11:26:02","date_gmt":"2012-03-23T14:26:02","guid":{"rendered":"http:\/\/projetocineb.com.br\/?p=3130"},"modified":"2012-03-23T11:26:02","modified_gmt":"2012-03-23T14:26:02","slug":"entrevista-com-leonardo-gudel","status":"publish","type":"post","link":"https:\/\/projetocineb.com.br\/?p=3130","title":{"rendered":"ENTREVISTA COM LEONARDO GUDEL"},"content":{"rendered":"<p>Confira a entrevista com o roteirista de <em>Raul &#8211; O in\u00edcio, o fim e o meio<\/em>, Leonardo Gudel, feita pela diretora da Brazucah Produ\u00e7\u00f5es, Cynthia Alario. \u00d3timo para quem ainda est\u00e1 decidindo quais rumos profissionais tomar no audiovisual!<\/p>\n<p><iframe width=\"440\" height=\"315\" src=\"http:\/\/www.youtube.com\/embed\/KQPAREnaGN8\" frameborder=\"0\" allowfullscreen><\/iframe><\/p>\n","protected":false},"excerpt":{"rendered":"<p>Confira a entrevista com o roteirista de Raul &#8211; O in\u00edcio, o fim e o meio, Leonardo Gudel, feita pela[&#8230;]<\/p>\n","protected":false},"author":2,"featured_media":0,"comment_status":"open","ping_status":"open","sticky":false,"template":"","format":"standard","meta":[],"categories":[7],"tags":[149,154,263,311,362,742,1035],"_links":{"self":[{"href":"https:\/\/projetocineb.com.br\/index.php?rest_route=\/wp\/v2\/posts\/3130"}],"collection":[{"href":"https:\/\/projetocineb.com.br\/index.php?rest_route=\/wp\/v2\/posts"}],"about":[{"href":"https:\/\/projetocineb.com.br\/index.php?rest_route=\/wp\/v2\/types\/post"}],"author":[{"embeddable":true,"href":"https:\/\/projetocineb.com.br\/index.php?rest_route=\/wp\/v2\/users\/2"}],"replies":[{"embeddable":true,"href":"https:\/\/projetocineb.com.br\/index.php?rest_route=%2Fwp%2Fv2%2Fcomments&post=3130"}],"version-history":[{"count":0,"href":"https:\/\/projetocineb.com.br\/index.php?rest_route=\/wp\/v2\/posts\/3130\/revisions"}],"wp:attachment":[{"href":"https:\/\/projetocineb.com.br\/index.php?rest_route=%2Fwp%2Fv2%2Fmedia&parent=3130"}],"wp:term":[{"taxonomy":"category","embeddable":true,"href":"https:\/\/projetocineb.com.br\/index.php?rest_route=%2Fwp%2Fv2%2Fcategories&post=3130"},{"taxonomy":"post_tag","embeddable":true,"href":"https:\/\/projetocineb.com.br\/index.php?rest_route=%2Fwp%2Fv2%2Ftags&post=3130"}],"curies":[{"name":"wp","href":"https:\/\/api.w.org\/{rel}","templated":true}]}}