{"id":3135,"date":"2012-03-26T10:48:05","date_gmt":"2012-03-26T13:48:05","guid":{"rendered":"http:\/\/projetocineb.com.br\/?p=3135"},"modified":"2012-03-26T10:48:05","modified_gmt":"2012-03-26T13:48:05","slug":"bancarios-na-pre-estreia-de-raul","status":"publish","type":"post","link":"https:\/\/projetocineb.com.br\/?p=3135","title":{"rendered":"BANC\u00c1RIOS NA PR\u00c9-ESTREIA DE RAUL"},"content":{"rendered":"<p><span style=\"color: #ff6600;\">Conversamos com alguns banc\u00e1rios que estavam na pr\u00e9-estreia que o Cine B realizou com o document\u00e1rio <em>Raul &#8211; O in\u00edcio, o fim e o meio<\/em>, de Walter Carvalho.<\/span> A exibi\u00e7\u00e3o do filme aconteceu na Regional Paulista do Sindicato dos Banc\u00e1rios e depois do filme <span style=\"color: #ff6600;\">o p\u00fablico convidado bateu um papo com o produtor da obra, Denis Feij\u00e3o e o roteirista do filme, Leonardo Gudel<\/span>.<\/p>\n<p><a href=\"http:\/\/projetocineb.com.br\/?p=3110\" target=\"_blank\">Clique para ver como foi!<\/a><\/p>\n<figure id=\"attachment_3137\" aria-describedby=\"caption-attachment-3137\" style=\"width: 432px\" class=\"wp-caption aligncenter\"><a href=\"http:\/\/projetocineb.com.br\/wp-content\/uploads\/2012\/03\/DSC04033_01web1.jpg\"><img fetchpriority=\"high\" decoding=\"async\" class=\"size-full wp-image-3137  \" title=\"150 convidados do Cine B prestigiaram antes que todo mundo o document\u00e1rio do maluco beleza\" src=\"http:\/\/projetocineb.com.br\/wp-content\/uploads\/2012\/03\/DSC04033_01web1.jpg\" alt=\"150 convidados do Cine B prestigiaram antes que todo mundo o document\u00e1rio do maluco beleza\" width=\"432\" height=\"324\" \/><\/a><figcaption id=\"caption-attachment-3137\" class=\"wp-caption-text\">150 convidados do Cine B prestigiaram antes que todo mundo o document\u00e1rio do maluco beleza<\/figcaption><\/figure>\n<p><strong><span style=\"color: #008000;\">Confira abaixo alguns banc\u00e1rios que foram prestigiar a exibi\u00e7\u00e3o.<\/span><\/strong><\/p>\n<p>Os banc\u00e1rios Denise de Paula e Gen\u00e9sio dos Santos sempre prestigiam as exibi\u00e7\u00f5es do Cine B, tanto nas sess\u00f5es que rolam nas comunidades, como nas realizadas em sedes do Sindicato dos Banc\u00e1rios de S\u00e3o Paulo, Osasco e Regi\u00e3o. Denise n\u00e3o ouve muito as m\u00fasicas de Raul, mas o admira, porque <span style=\"color: #ff6600;\">&#8220;ele \u00e9 um contraventor, e s\u00f3 com gente assim aprendemos a respeitar as diferen\u00e7as&#8221;<\/span>. J\u00e1 o colega do casal, S\u00e9rgio Siqueira, curte as m\u00fasicas do maluco beleza desde seus 10 anos. &#8220;O Raul marcou minha juventude, inclusive todo ano vou na passeata que o homenageia. Raul \u00e9 bai\u00e3o, sertanejo, tango, um g\u00eanio da m\u00fasica brasileira!&#8221;, conta S\u00e9rgio.<\/p>\n<figure id=\"attachment_3138\" aria-describedby=\"caption-attachment-3138\" style=\"width: 432px\" class=\"wp-caption aligncenter\"><a href=\"http:\/\/projetocineb.com.br\/wp-content\/uploads\/2012\/03\/DSC04035_01web1.jpg\"><img decoding=\"async\" class=\"size-full wp-image-3138  \" title=\"Na foto, S\u00e9rgio, Denise e Gen\u00e9sio\" src=\"http:\/\/projetocineb.com.br\/wp-content\/uploads\/2012\/03\/DSC04035_01web1.jpg\" alt=\"Na foto, S\u00e9rgio, Denise e Gen\u00e9sio\" width=\"432\" height=\"324\" \/><\/a><figcaption id=\"caption-attachment-3138\" class=\"wp-caption-text\">Na foto, (esq.&gt;dir.) S\u00e9rgio, Gen\u00e9sio e Denise<\/figcaption><\/figure>\n<p>Outro banc\u00e1rio que sempre foi f\u00e3o de carteirinha do Raul Seixas \u00e9 Thiago Campos, que inclusive participa de um moto clube totalmente inspirado no discurso do roqueiro. O bras\u00e3o do grupo tem simbolizada a chave da sociedade alternativa #era-de-aqu\u00e1rio.<span style=\"color: #ff6600;\"> &#8220;Estava na ansiedade de assistir esse filme desde que come\u00e7aram a produzi-lo&#8221;, diz Thiago. &#8220;Meus pais eram do f\u00e3-clube, ent\u00e3o eu sempre ouvi o som do Raul&#8221;, explica o banc\u00e1rio.<\/span><\/p>\n<figure id=\"attachment_3139\" aria-describedby=\"caption-attachment-3139\" style=\"width: 432px\" class=\"wp-caption aligncenter\"><a href=\"http:\/\/projetocineb.com.br\/wp-content\/uploads\/2012\/03\/DSC04036_01web.jpg\"><img decoding=\"async\" class=\"size-full wp-image-3139  \" title=\"Na foto, Thiago e sua noiva, Mariana Santos Breyer\" src=\"http:\/\/projetocineb.com.br\/wp-content\/uploads\/2012\/03\/DSC04036_01web.jpg\" alt=\"Na foto, Thiago e sua noiva, Mariana Santos Breyer\" width=\"432\" height=\"372\" \/><\/a><figcaption id=\"caption-attachment-3139\" class=\"wp-caption-text\">Na foto, Thiago e sua noiva, Mariana Santos Breyer<\/figcaption><\/figure>\n","protected":false},"excerpt":{"rendered":"<p>Conversamos com alguns banc\u00e1rios que estavam na pr\u00e9-estreia que o Cine B realizou com o document\u00e1rio Raul &#8211; O in\u00edcio,[&#8230;]<\/p>\n","protected":false},"author":2,"featured_media":0,"comment_status":"open","ping_status":"open","sticky":false,"template":"","format":"standard","meta":[],"categories":[2],"tags":[154,242,263,266,404,1036,1048,1133,1240],"_links":{"self":[{"href":"https:\/\/projetocineb.com.br\/index.php?rest_route=\/wp\/v2\/posts\/3135"}],"collection":[{"href":"https:\/\/projetocineb.com.br\/index.php?rest_route=\/wp\/v2\/posts"}],"about":[{"href":"https:\/\/projetocineb.com.br\/index.php?rest_route=\/wp\/v2\/types\/post"}],"author":[{"embeddable":true,"href":"https:\/\/projetocineb.com.br\/index.php?rest_route=\/wp\/v2\/users\/2"}],"replies":[{"embeddable":true,"href":"https:\/\/projetocineb.com.br\/index.php?rest_route=%2Fwp%2Fv2%2Fcomments&post=3135"}],"version-history":[{"count":0,"href":"https:\/\/projetocineb.com.br\/index.php?rest_route=\/wp\/v2\/posts\/3135\/revisions"}],"wp:attachment":[{"href":"https:\/\/projetocineb.com.br\/index.php?rest_route=%2Fwp%2Fv2%2Fmedia&parent=3135"}],"wp:term":[{"taxonomy":"category","embeddable":true,"href":"https:\/\/projetocineb.com.br\/index.php?rest_route=%2Fwp%2Fv2%2Fcategories&post=3135"},{"taxonomy":"post_tag","embeddable":true,"href":"https:\/\/projetocineb.com.br\/index.php?rest_route=%2Fwp%2Fv2%2Ftags&post=3135"}],"curies":[{"name":"wp","href":"https:\/\/api.w.org\/{rel}","templated":true}]}}