{"id":3148,"date":"2012-03-27T17:53:40","date_gmt":"2012-03-27T20:53:40","guid":{"rendered":"http:\/\/projetocineb.com.br\/?p=3148"},"modified":"2012-03-27T17:53:40","modified_gmt":"2012-03-27T20:53:40","slug":"raul-comeca-bem-nos-cinemas","status":"publish","type":"post","link":"https:\/\/projetocineb.com.br\/?p=3148","title":{"rendered":"RAUL SEIXAS TEM BOA ESTREIA NOS CINEMAS"},"content":{"rendered":"<p><em><a href=\"http:\/\/www.raulseixasofilme.com.br\/\" target=\"_blank\">Raul \u2013 O in\u00edcio, o fim e o meio<\/a><\/em>, de Walter Carvalho, teve sua estreia na \u00faltima sexta-feira (23\/mar\u00e7o) com recorde. <span style=\"color: #ff6600;\">Segundo a distribuidora Paramount Pictures, foi a maior abertura de um document\u00e1rio musical nacional e a segunda maior abertura de um document\u00e1rio brasileiro na hist\u00f3ria!<\/span> Orgulho delicioso para a equipe de produ\u00e7\u00e3o do filme, e claro, para n\u00f3s da Brazucah Produ\u00e7\u00f5es, que assina uma parte do lan\u00e7amento.<\/p>\n<p><iframe width=\"430\" height=\"315\" src=\"http:\/\/www.youtube.com\/embed\/IiRQjiZ7vNw\" frameborder=\"0\" allowfullscreen><\/iframe><\/p>\n<div>Segundo informa\u00e7\u00f5es do site\u00a0<a href=\"http:\/\/www.filmeb.com.br\/\" target=\"_blank\">Filme B<\/a>, Raul ficou em s\u00e9timo lugar nas bilheterias deste final de semana, acumulando um p\u00fablico de 23.804 pessoas em 34 salas de cinema. <span style=\"color: #ff6600;\">Por m\u00e9dia de sala, o filme ficou em segundo lugar, s\u00f3 perdendo para\u00a0<em>Jogos Vorazes<\/em> neste quesito!<\/span><\/div>\n<div>\n<p>Isso \u00e9 \u00f3timo para um filme se manter mais tempo em cartaz nos cinemas, principalmente um filme brasileiro. O sucesso do final de semana da estreia \u00e9 fundamental.<\/p>\n<\/div>\n<div>\n<p><span style=\"color: #ff6600;\">Se n\u00e3o foi assistir, o que est\u00e1 esperando? <\/span>Toca Rauuuullllll!<\/p>\n<\/div>\n<p><a href=\"http:\/\/projetocineb.com.br\/?p=3110\">Clique para conferir a pr\u00e9-estreia que o Cine B realizou do filme<\/a>, na Regional Paulista do Sindicato dos Banc\u00e1rios de S\u00e3o Paulo, Osasco e Regi\u00e3o.<\/p>\n<p><figure id=\"attachment_3160\" aria-describedby=\"caption-attachment-3160\" style=\"width: 394px\" class=\"wp-caption aligncenter\"><a href=\"http:\/\/projetocineb.com.br\/wp-content\/uploads\/2012\/03\/DSC_2670b.jpg\"><img fetchpriority=\"high\" decoding=\"async\" class=\"size-full wp-image-3160  \" title=\"O s\u00f3sia do maluco beleza, Penna Seixas, que \u00e9 entrevistado no document\u00e1rio, marcou presen\u00e7a na pr\u00e9-estreia do Cine B. Na foto entrevistado pela TV dos Banc\u00e1rios\" src=\"http:\/\/projetocineb.com.br\/wp-content\/uploads\/2012\/03\/DSC_2670b.jpg\" alt=\"O s\u00f3sia do maluco beleza, Penna Seixas, que \u00e9 entrevistado no document\u00e1rio, marcou presen\u00e7a na pr\u00e9-estreia do Cine B. Na foto entrevistado pela TV dos Banc\u00e1rios\" width=\"394\" height=\"261\" \/><\/a><figcaption id=\"caption-attachment-3160\" class=\"wp-caption-text\">O s\u00f3sia do maluco beleza, Penna Seixas, que \u00e9 entrevistado no document\u00e1rio, marcou presen\u00e7a na pr\u00e9-estreia do Cine B. Na foto \u00e9 entrevistado pela TV dos Banc\u00e1rios<\/figcaption><\/figure><br \/>\n<em>Texto publicado originalmente em<\/em> <a href=\"http:\/\/blog.brazucah.com.br\/mercado\/raul-seixas-comeca-bem-nos-cinemas\">Apaixonados por Cinema<\/a>.<\/p>\n","protected":false},"excerpt":{"rendered":"<p>Raul \u2013 O in\u00edcio, o fim e o meio, de Walter Carvalho, teve sua estreia na \u00faltima sexta-feira (23\/mar\u00e7o) com[&#8230;]<\/p>\n","protected":false},"author":2,"featured_media":0,"comment_status":"open","ping_status":"open","sticky":false,"template":"","format":"standard","meta":[],"categories":[2],"tags":[154,263,544,729,897,925,1036,1038,1039,1132],"_links":{"self":[{"href":"https:\/\/projetocineb.com.br\/index.php?rest_route=\/wp\/v2\/posts\/3148"}],"collection":[{"href":"https:\/\/projetocineb.com.br\/index.php?rest_route=\/wp\/v2\/posts"}],"about":[{"href":"https:\/\/projetocineb.com.br\/index.php?rest_route=\/wp\/v2\/types\/post"}],"author":[{"embeddable":true,"href":"https:\/\/projetocineb.com.br\/index.php?rest_route=\/wp\/v2\/users\/2"}],"replies":[{"embeddable":true,"href":"https:\/\/projetocineb.com.br\/index.php?rest_route=%2Fwp%2Fv2%2Fcomments&post=3148"}],"version-history":[{"count":0,"href":"https:\/\/projetocineb.com.br\/index.php?rest_route=\/wp\/v2\/posts\/3148\/revisions"}],"wp:attachment":[{"href":"https:\/\/projetocineb.com.br\/index.php?rest_route=%2Fwp%2Fv2%2Fmedia&parent=3148"}],"wp:term":[{"taxonomy":"category","embeddable":true,"href":"https:\/\/projetocineb.com.br\/index.php?rest_route=%2Fwp%2Fv2%2Fcategories&post=3148"},{"taxonomy":"post_tag","embeddable":true,"href":"https:\/\/projetocineb.com.br\/index.php?rest_route=%2Fwp%2Fv2%2Ftags&post=3148"}],"curies":[{"name":"wp","href":"https:\/\/api.w.org\/{rel}","templated":true}]}}