{"id":3168,"date":"2012-04-12T01:07:31","date_gmt":"2012-04-12T04:07:31","guid":{"rendered":"http:\/\/projetocineb.com.br\/?p=3168"},"modified":"2012-04-12T01:07:31","modified_gmt":"2012-04-12T04:07:31","slug":"pre-estreia-de-quem-se-importa","status":"publish","type":"post","link":"https:\/\/projetocineb.com.br\/?p=3168","title":{"rendered":"PR\u00c9-ESTREIA DE QUEM SE IMPORTA"},"content":{"rendered":"<figure id=\"attachment_3175\" aria-describedby=\"caption-attachment-3175\" style=\"width: 422px\" class=\"wp-caption aligncenter\"><a href=\"http:\/\/projetocineb.com.br\/wp-content\/uploads\/2012\/04\/DSC_0663_01web.jpg\"><img fetchpriority=\"high\" decoding=\"async\" class=\"size-full wp-image-3175   \" title=\"No Sindicato dos Banc\u00e1rios de S\u00e3o Paulo, Osasco e Regi\u00e3o, o p\u00fablico conferiu em primeira m\u00e3o o document\u00e1rio Quem se importa, de Mara Mour\u00e3o.\" src=\"http:\/\/projetocineb.com.br\/wp-content\/uploads\/2012\/04\/DSC_0663_01web.jpg\" alt=\"No Sindicato dos Banc\u00e1rios de S\u00e3o Paulo, Osasco e Regi\u00e3o, o p\u00fablico conferiu em primeira m\u00e3o o document\u00e1rio Quem se importa, de Mara Mour\u00e3o.\" width=\"422\" height=\"279\" \/><\/a><figcaption id=\"caption-attachment-3175\" class=\"wp-caption-text\">No Sindicato dos Banc\u00e1rios de S\u00e3o Paulo, Osasco e Regi\u00e3o, o p\u00fablico conferiu em primeira m\u00e3o o document\u00e1rio Quem se importa, de Mara Mour\u00e3o. Na foto, a presidenta do Sindicato, Juvandia Moreira, faz a abertura<\/figcaption><\/figure>\n<p>Mais uma vez o Cine B promove uma pr\u00e9-estreia de um filme brasileiro. O document\u00e1rio inspira qualquer pessoa a come\u00e7ar a mudan\u00e7a do mundo atrav\u00e9s do empreendedorismo social. As diversas entrevistas, com gente do mundo todo, mostram que se nossa comunidade passa por dificuldades, \u00e9 porque n\u00e3o fomos \u00e0 luta de verdade. <strong><span style=\"color: #ff6600;\">Assista, <em><a href=\"http:\/\/www.quemseimporta.com.br\/\" target=\"_blank\">Quem se importa<\/a><\/em> e transforme suas ideias neste final de semana! Estreia sexta, 13\/4<\/span><\/strong>.<\/p>\n<p><iframe width=\"430\" height=\"315\" src=\"http:\/\/www.youtube.com\/embed\/rwhMIEyoFJk\" frameborder=\"0\" allowfullscreen><\/iframe><\/p>\n<p>Na pr\u00e9-estreia estavam presentes, educadores e alunos do Grupo de Gest\u00e3o de Projetos Sociais, do SENAC de Vila Prudente, curso de 160h que ensina os primeiros passos para praticar a mudan\u00e7a. \u201cMostramos como agir, como se tornar sujeito da hist\u00f3ria\u201d, explica a educadora Juliana Notari. \u201cHoje estamos aqui substituindo a aula, pois o filme tem tudo a ver com o que estudamos\u201d, diz Juliana.<\/p>\n<figure id=\"attachment_3173\" aria-describedby=\"caption-attachment-3173\" style=\"width: 432px\" class=\"wp-caption aligncenter\"><a href=\"http:\/\/projetocineb.com.br\/wp-content\/uploads\/2012\/04\/DSC_0647_01web.jpg\"><img decoding=\"async\" class=\"size-full wp-image-3173  \" title=\"Alunos e educadores do SENAC: F\u00e1tima Lopes, Valdecia de Oliveira, M\u00f4nica Eleoterio, Camila Santos, Maria Rita de Oliveira e os educadores Juliana Notari e Rafael Belmonte\" src=\"http:\/\/projetocineb.com.br\/wp-content\/uploads\/2012\/04\/DSC_0647_01web.jpg\" alt=\"Alunos e educadores do SENAC: F\u00e1tima Lopes, Valdecia de Oliveira, M\u00f4nica Eleoterio, Camila Santos, Maria Rita de Oliveira e os educadores Juliana Notari e Rafael Belmonte\" width=\"432\" height=\"286\" \/><\/a><figcaption id=\"caption-attachment-3173\" class=\"wp-caption-text\">Alunos e educadores do SENAC: F\u00e1tima Lopes, Valdecia de Oliveira, M\u00f4nica Eleoterio, Camila Santos, Maria Rita de Oliveira e os educadores Juliana Notari e Rafael Belmonte<\/figcaption><\/figure>\n<p>Outra educadora do SENAC, presente na exibi\u00e7\u00e3o e participante da Rede Social da Lapa, Josiani Batista, tamb\u00e9m ficou satisfeita por conferir o filme no Cine B. <span style=\"color: #ff6600;\"><strong>\u201cTem tudo a ver com nosso trabalho de capacitar ONGs para desenvolverem seus pr\u00f3prios projetos sociais\u201d, diz a educadora.<\/strong><\/span><\/p>\n<p><span style=\"color: #ff6600;\"><strong> <\/strong><\/span><\/p>\n<figure id=\"attachment_3174\" aria-describedby=\"caption-attachment-3174\" style=\"width: 432px\" class=\"wp-caption aligncenter\"><strong><a href=\"http:\/\/projetocineb.com.br\/wp-content\/uploads\/2012\/04\/DSC_0649_01web.jpg\"><img decoding=\"async\" class=\"size-full wp-image-3174  \" title=\"Josiani Batista e seu marido, Hugo Ferreira\" src=\"http:\/\/projetocineb.com.br\/wp-content\/uploads\/2012\/04\/DSC_0649_01web.jpg\" alt=\"Josiani Batista e seu marido, Hugo Ferreira\" width=\"432\" height=\"286\" \/><\/a><\/strong><figcaption id=\"caption-attachment-3174\" class=\"wp-caption-text\">Josiani Batista e seu marido, Hugo Ferreira<\/figcaption><\/figure>\n<p><span style=\"color: #ff6600;\"><strong>E <em>Quem se importa<\/em> tem a cara do Cine B!<\/strong><\/span> O Sindicato dos Banc\u00e1rios de S\u00e3o Paulo, na busca pela mudan\u00e7a social, pensa tamb\u00e9m na comunidade que o trabalhador vive. <span style=\"color: #ff6600;\"><strong>\u201cPra gente melhorar a cidade, precisamos pensar o trabalhador como um cidad\u00e3o, n\u00e3o s\u00f3 relacionar ele com seus direitos trabalhistas, mas tamb\u00e9m com a cidadania\u201d, diz a presidenta do Sindicato, Juvandia Moreira.<\/strong><\/span> \u201cPor isso gosto tanto do Cine B, pois \u00e9 um dos nossos projetos que vai al\u00e9m do trabalho, leva cultura e valoriza o cinema nacional&#8221;, conta Juvandia.<\/p>\n<figure id=\"attachment_3187\" aria-describedby=\"caption-attachment-3187\" style=\"width: 432px\" class=\"wp-caption aligncenter\"><a href=\"http:\/\/projetocineb.com.br\/wp-content\/uploads\/2012\/04\/DSC_0653_web.jpg\"><img loading=\"lazy\" decoding=\"async\" src=\"http:\/\/projetocineb.com.br\/wp-content\/uploads\/2012\/04\/DSC_0653_web.jpg\" alt=\"P\u00fablico na pr\u00e9-estreia do Cine B de Quem se importa, no Sindicato dos Banc\u00e1rios\" title=\"P\u00fablico na pr\u00e9-estreia do Cine B de Quem se importa, no Sindicato dos Banc\u00e1rios\" width=\"432\" height=\"286\" class=\"size-full wp-image-3187\" \/><\/a><figcaption id=\"caption-attachment-3187\" class=\"wp-caption-text\">P\u00fablico na pr\u00e9-estreia do Cine B de Quem se importa, no Sindicato dos Banc\u00e1rios<\/figcaption><\/figure>\n<p>A diretora da Brazucah, Cynthia Alario, explica que a ideia \u00e9 aumentar cada vez mais a abrang\u00eancia do projeto. <span style=\"color: #ff6600;\"><strong>\u201cCome\u00e7amos com a exibi\u00e7\u00e3o nas comunidades, e hoje j\u00e1 exibimos em universidades, promovemos pr\u00e9-estreias de lan\u00e7amentos como esta e realizamos o Pr\u00eamio Cine B do Cinema Brasileiro, que homenageia realizadores dos cinema e comunidades que receberam o projeto\u201d, diz Cynthia.<\/strong><\/span><\/p>\n<p><span style=\"color: #ff6600;\"><strong> <\/strong><\/span><\/p>\n<figure id=\"attachment_3178\" aria-describedby=\"caption-attachment-3178\" style=\"width: 432px\" class=\"wp-caption aligncenter\"><strong><a href=\"http:\/\/projetocineb.com.br\/wp-content\/uploads\/2012\/04\/DSC_0687_01web.jpg\"><img loading=\"lazy\" decoding=\"async\" class=\"size-full wp-image-3178  \" title=\"O coordenador do Cine B Cid\u00e1lio Vieira Santos, a presidenta do Sindicato dos Banc\u00e1rios, Juvandia Moreira e a diretora da Brazucah Produ\u00e7\u00f5es, Cynthia Alario\" src=\"http:\/\/projetocineb.com.br\/wp-content\/uploads\/2012\/04\/DSC_0687_01web.jpg\" alt=\"O coordenador do Cine B Cid\u00e1lio Vieira Santos, a presidenta do Sindicato dos Banc\u00e1rios, Juvandia Moreira e a diretora da Brazucah Produ\u00e7\u00f5es, Cynthia Alario\" width=\"432\" height=\"338\" \/><\/a><\/strong><figcaption id=\"caption-attachment-3178\" class=\"wp-caption-text\">O coordenador do Cine B Cid\u00e1lio Vieira Santos, a presidenta do Sindicato dos Banc\u00e1rios, Juvandia Moreira e a diretora da Brazucah Produ\u00e7\u00f5es, Cynthia Alario<\/figcaption><\/figure>\n<p><strong><br \/>\n<\/strong><\/p>\n<p>&#8220;Tamb\u00e9m temos o \u00a0Selo Cine B, um DVD com os 5 curtas metragens mais votados pelo p\u00fablico do projeto, vendido no final das sess\u00f5es por R$5\u201d, ressalta Cynthia. \u201cCurta metragem \u00e9 um formato com pouco espa\u00e7o de exibi\u00e7\u00e3o. J\u00e1 que n\u00e3o podemos copiar sem consentimento dos autores, criamos o Selo para que esses filmes cheguem ao p\u00fablico\u201d, explica a diretora.<\/p>\n<p>\u201cO Cine B \u00e9 um projeto transformador, porque permite as pessoas ter contato com a arte. <span style=\"color: #000000;\">Eu comecei a ter atividades pol\u00edticas, porque atrav\u00e9s da arte passei a enxergar o filme de forma diferente<\/span>\u201d, comenta a diretora da <a href=\"http:\/\/www.fpabramo.org.br\/\" target=\"_blank\">Funda\u00e7\u00e3o Perseu Abramo<\/a>, Selma Rocha. <span style=\"color: #ff6600;\"><strong>\u201cO Sindicato est\u00e1 de parab\u00e9ns\u201d<\/strong><\/span>.<\/p>\n<figure id=\"attachment_3177\" aria-describedby=\"caption-attachment-3177\" style=\"width: 432px\" class=\"wp-caption aligncenter\"><a href=\"http:\/\/projetocineb.com.br\/wp-content\/uploads\/2012\/04\/DSC_0693_01web.jpg\"><img loading=\"lazy\" decoding=\"async\" class=\"size-full wp-image-3177  \" title=\"A diretora da Brazucah, Cynthia Alario, o coordenador do Cine B, Cid\u00e1lio Vieira e a diretora da Funda\u00e7\u00e3o Perseu Abramo, Selma Rocha\" src=\"http:\/\/projetocineb.com.br\/wp-content\/uploads\/2012\/04\/DSC_0693_01web.jpg\" alt=\"A diretora da Brazucah, Cynthia Alario, o coordenador do Cine B, Cid\u00e1lio Vieira e a diretora da Funda\u00e7\u00e3o Perseu Abramo, Selma Rocha\" width=\"432\" height=\"286\" \/><\/a><figcaption id=\"caption-attachment-3177\" class=\"wp-caption-text\">A diretora da Brazucah, Cynthia Alario, o coordenador do Cine B, Cid\u00e1lio Vieira e a diretora da Funda\u00e7\u00e3o Perseu Abramo, Selma Rocha<\/figcaption><\/figure>\n<h2><span style=\"color: #008000;\">AGRADECIMENTOS<\/span><\/h2>\n<p>Ressaltamos a presen\u00e7a da diretora do Sindicato dos Banc\u00e1rios e\u00a0 secret\u00e1ria geral da Confedera\u00e7\u00e3o Nacional dos Trabalhadores do Ramo Financeiro da CUT (Contraf-CUT), <strong><span style=\"color: #ff6600;\">Ivone Silva<\/span><\/strong>.<\/p>\n<p>Agradecemos toda equipe do <strong><span style=\"color: #ff6600;\">Centro de Pesquisa 28 de agosto<\/span><\/strong>, \u00a0por\u00a0 contribuir na organiza\u00e7\u00e3o desta pr\u00e9-estreia.<\/p>\n<figure id=\"attachment_3170\" aria-describedby=\"caption-attachment-3170\" style=\"width: 432px\" class=\"wp-caption aligncenter\"><a href=\"http:\/\/projetocineb.com.br\/wp-content\/uploads\/2012\/04\/DSC_0709_01web.jpg\"><img loading=\"lazy\" decoding=\"async\" class=\"size-full wp-image-3170  \" title=\"O cineasta Toni Nogueira e o roteirista Silvio Gag preparam um document\u00e1rio sobre microempreendedores, com lan\u00e7amento previsto para o segundo semestre. Tamb\u00e9m na foto, a esposa de S\u00e9rgio, Lucia Sequerra\" src=\"http:\/\/projetocineb.com.br\/wp-content\/uploads\/2012\/04\/DSC_0709_01web.jpg\" alt=\"O cineasta Toni Nogueira e o roteirista Silvio Gag preparam um document\u00e1rio sobre microempreendedores, com lan\u00e7amento previsto para o segundo semestre. Tamb\u00e9m na foto, a esposa de S\u00e9rgio, Lucia Sequerra\" width=\"432\" height=\"374\" \/><\/a><figcaption id=\"caption-attachment-3170\" class=\"wp-caption-text\">O cineasta Toni Nogueira e o roteirista Silvio Gag preparam um document\u00e1rio sobre microempreendedores, com lan\u00e7amento previsto para o segundo semestre. Tamb\u00e9m na foto, a esposa de S\u00e9rgio, Lucia Sequerra<\/figcaption><\/figure>\n","protected":false},"excerpt":{"rendered":"<p>Mais uma vez o Cine B promove uma pr\u00e9-estreia de um filme brasileiro. O document\u00e1rio inspira qualquer pessoa a come\u00e7ar[&#8230;]<\/p>\n","protected":false},"author":2,"featured_media":0,"comment_status":"open","ping_status":"open","sticky":false,"template":"","format":"standard","meta":[],"categories":[2],"tags":[154,242,263,266,563,718,1021,1132],"_links":{"self":[{"href":"https:\/\/projetocineb.com.br\/index.php?rest_route=\/wp\/v2\/posts\/3168"}],"collection":[{"href":"https:\/\/projetocineb.com.br\/index.php?rest_route=\/wp\/v2\/posts"}],"about":[{"href":"https:\/\/projetocineb.com.br\/index.php?rest_route=\/wp\/v2\/types\/post"}],"author":[{"embeddable":true,"href":"https:\/\/projetocineb.com.br\/index.php?rest_route=\/wp\/v2\/users\/2"}],"replies":[{"embeddable":true,"href":"https:\/\/projetocineb.com.br\/index.php?rest_route=%2Fwp%2Fv2%2Fcomments&post=3168"}],"version-history":[{"count":0,"href":"https:\/\/projetocineb.com.br\/index.php?rest_route=\/wp\/v2\/posts\/3168\/revisions"}],"wp:attachment":[{"href":"https:\/\/projetocineb.com.br\/index.php?rest_route=%2Fwp%2Fv2%2Fmedia&parent=3168"}],"wp:term":[{"taxonomy":"category","embeddable":true,"href":"https:\/\/projetocineb.com.br\/index.php?rest_route=%2Fwp%2Fv2%2Fcategories&post=3168"},{"taxonomy":"post_tag","embeddable":true,"href":"https:\/\/projetocineb.com.br\/index.php?rest_route=%2Fwp%2Fv2%2Ftags&post=3168"}],"curies":[{"name":"wp","href":"https:\/\/api.w.org\/{rel}","templated":true}]}}