{"id":318,"date":"2010-02-10T00:38:21","date_gmt":"2010-02-10T00:38:21","guid":{"rendered":"http:\/\/projetocineb.com.br\/?p=318"},"modified":"2010-02-10T00:38:21","modified_gmt":"2010-02-10T00:38:21","slug":"pirituba","status":"publish","type":"post","link":"https:\/\/projetocineb.com.br\/?p=318","title":{"rendered":"PIRITUBA"},"content":{"rendered":"<h2><a href=\"http:\/\/projetocineb.com.br\/wp-content\/uploads\/2010\/02\/Tarja-CineB08.jpg\"><img decoding=\"async\" class=\"aligncenter size-full wp-image-321\" title=\"Tarja-CineB08\" src=\"http:\/\/projetocineb.com.br\/wp-content\/uploads\/2010\/02\/Tarja-CineB08.jpg\" alt=\"\" width=\"420\" height=\"114\" \/><\/a><\/h2>\n<h2><span style=\"color: #339966;\">CINEB \u00c9 10<\/span><\/h2>\n<p>A <span style=\"color: #0000ff;\">primeira sess\u00e3o do CineB em 2010<\/span> rolou em <span style=\"color: #0000ff;\">Pirituba, na Concha Ac\u00fastica da Vila Mirante<\/span>. Mais de <span style=\"color: #0000ff;\">200 pessoas<\/span> puderam assistir ao <span style=\"color: #0000ff;\">curta-metragem <\/span><em><span style=\"color: #0000ff;\">O troco<\/span><\/em><span style=\"color: #0000ff;\">, de Andr\u00e9 Rolim e ao longa<\/span><em><span style=\"color: #0000ff;\"> Ver\u00f4nica<\/span><\/em><span style=\"color: #0000ff;\">, do diretor Maur\u00edcio Farias<\/span>.<\/p>\n<p><em>O troco<\/em>, que estava sendo exibido em nossa programa\u00e7\u00e3o de dezembro, em fevereiro ter\u00e1 ainda mais algumas exibi\u00e7\u00f5es porque faz uma bel\u00edssima cr\u00edtica ao telemarketing. <a href=\"http:\/\/delaorden9.com\/2009\/10\/09\/7524\/\" target=\"_blank\">Clique aqui para conferir o filme aqui na internet<\/a>.<\/p>\n<p><em><span style=\"color: #0000ff;\">Ver\u00f4nica<\/span><\/em>, \u00e9 <span style=\"color: #0000ff;\">in\u00e9dito no CineB<\/span>. O filme conta a hist\u00f3ria de uma professora (Andr\u00e9a Beltr\u00e3o), que tenta proteger um gurizinho jurado de morte. O pen drive que o menino carrega cont\u00eam cenas de policiais se envolvendo em neg\u00f3cios estranhos com traficantes. A professora, seguindo o caminho do cora\u00e7\u00e3o, protege a todo custo o garoto das autoridades. N\u00e3o tinha assistido ao filme. Um trabalho realmente muito bom, aquele tipo de filme que depois que come\u00e7a, \u00e9 imposs\u00edvel querer parar de ver. \u00a0Se n\u00e3o der pra ir numa das sess\u00f5es do CineB neste m\u00eas, alugue e confira este <span style=\"color: #0000ff;\">\u00f3timo filme de a\u00e7\u00e3o brasileiro<\/span>.<\/p>\n<p style=\"text-align: center;\"><a href=\"http:\/\/projetocineb.com.br\/wp-content\/uploads\/2010\/02\/veronikk3.jpg\"><img fetchpriority=\"high\" decoding=\"async\" class=\"aligncenter size-full wp-image-322\" title=\"Cena do filme Ver\u00f4nica, com Andr\u00e9a Beltr\u00e3o\" src=\"http:\/\/projetocineb.com.br\/wp-content\/uploads\/2010\/02\/veronikk3.jpg\" alt=\"\" width=\"441\" height=\"331\" \/><\/a><\/p>\n<h2><span style=\"color: #339966;\">CINEMA COMUNIT\u00c1RIO<\/span><\/h2>\n<p>Ildete Ferreira Peixoto aproveitou a oportunidade para levar a filha Myrlan Christie e sua amiga Taiane Martins para conferir esta primeira vez do CineB na Vila Mirante. <span style=\"color: #0000ff;\">\u201c\u00c9 dif\u00edcil pra gente ir ao cinema, e esses eventos nos d\u00e3o essa oportunidade. Sen\u00e3o a gente vai ficar a vida toda sem ir no cinema?\u201d, protesta Ildete<\/span>. Para ela e as meninas, os filmes s\u00e3o muito educativos, ajudam a compreender melhor a realidade e aprender com as hist\u00f3rias. D\u00e1 pra enxergar o que estava debaixo do nosso nariz\u201d, disse Ildete.<\/p>\n<p>Myrlan e sua amiga disseram que j\u00e1 tinham ido em uma exibi\u00e7\u00e3o de cinema comunit\u00e1rio. Segundo elas o filme \u201cO signo da cidade\u201d, fez uma exibi\u00e7\u00e3o especial na escola do bairro. \u201cTava o diretor, os atores, entre eles a Bruna Lombardi que trabalha no filme. Foi muito legal!\u201d, disse Myrlan.<\/p>\n<p><span style=\"color: #0000ff;\">\u201c\u00c9 muito bom esses eventos por aqui, acho que \u00e9 fundamental ter cada vez mais\u201d, confessa Taiane<\/span>.<\/p>\n<p style=\"text-align: center;\"><a href=\"http:\/\/projetocineb.com.br\/wp-content\/uploads\/2010\/02\/DSC00706_01WEB.jpg\"><img decoding=\"async\" class=\"aligncenter size-full wp-image-323\" title=\"Ildete Ferreira Peixoto, m\u00e3e de Myrlan Christie e sua amiga Taiane Martins\" src=\"http:\/\/projetocineb.com.br\/wp-content\/uploads\/2010\/02\/DSC00706_01WEB.jpg\" alt=\"\" width=\"461\" height=\"258\" \/><\/a><\/p>\n<h2><span style=\"color: #339966;\">PEQUENO CIN\u00c9FILO<\/span><\/h2>\n<p>Deivison Leandro Costa do Nascimento, de 7 anos, veio com sua m\u00e3e assistir ao CineB. A m\u00e3e, dona Irene Farias da Costa n\u00e3o quis posar na foto. \u201cN\u00e3o gosto de foto\u201d, disse sorrindo. Deivison j\u00e1 foi logo sentando numa cadeira e fazendo pose. Segundo a m\u00e3e ele \u00e9 o \u00fanico cin\u00e9filo da casa. \u201cEsse menino passa a madrugada inteira assistindo filmes\u201d, disse dona Irene. Ela j\u00e1 n\u00e3o gosta, diz que lhe falta tempo e interesse. Mesmo assim fez quest\u00e3o de levar o filh\u00e3o pra ver um filminho e comer uma pipoquinha do seo Ant\u00f4nio.<\/p>\n<p style=\"text-align: center;\"><a href=\"http:\/\/projetocineb.com.br\/wp-content\/uploads\/2010\/02\/DSC00707_01WEB.jpg\"><img loading=\"lazy\" decoding=\"async\" class=\"aligncenter size-full wp-image-324\" title=\"Deivison Leandro Costa do Nascimento, de 7 anos\" src=\"http:\/\/projetocineb.com.br\/wp-content\/uploads\/2010\/02\/DSC00707_01WEB.jpg\" alt=\"\" width=\"461\" height=\"389\" \/><\/a><\/p>\n<h2><span style=\"color: #339966;\">CINE BRASIL<\/span><\/h2>\n<p>Irene Brand\u00e3o Brito disse que n\u00e3o gosta de assistir a filmes nacionais, mas que os estrangeiros sempre v\u00ea pela tv. <span style=\"color: #0000ff;\">\u201cAcho os filmes brasileiros muito violentos, a\u00ed acabo n\u00e3o querendo assistir\u201d, disse Irene<\/span>. Na sess\u00e3o de hoje ela falou que veio experimentar. <span style=\"color: #0000ff;\">\u201cO cinema do Brasil t\u00eam evolu\u00eddo, ent\u00e3o eu vim ver\u201d<\/span>, disse a m\u00e3e de Joyce Brand\u00e3o dos Santos de 4 anos e Giovana Monique dos Santos de 8 anos.<\/p>\n<p><span style=\"color: #0000ff;\"><strong>O que voc\u00ea acha dos filmes nacionais? O cinema brasileiro tem melhorado pra voc\u00ea?<\/strong><\/span><\/p>\n<p style=\"text-align: center;\"><span style=\"color: #0000ff;\"><strong><a href=\"http:\/\/projetocineb.com.br\/wp-content\/uploads\/2010\/02\/DSC00709_01WEB.jpg\"><img loading=\"lazy\" decoding=\"async\" class=\"aligncenter size-full wp-image-325\" title=\"Irene Brand\u00e3o Brito, com suas filhas, Joyce Brito dos Santos de 4 anos e Giovana Monique dos Santos, de 8 anos\" src=\"http:\/\/projetocineb.com.br\/wp-content\/uploads\/2010\/02\/DSC00709_01WEB.jpg\" alt=\"\" width=\"448\" height=\"333\" \/><\/a><br \/>\n<\/strong><\/span><\/p>\n<h2><span style=\"color: #339966;\">SAMBA DO LIVRO<\/span><\/h2>\n<p>O espa\u00e7o Concha Ac\u00fastica h\u00e1 seis meses v\u00eam retomando suas atividades para atender culturalmente a comunidade, atrav\u00e9s do projeto \u201cSamba do Livro\u201d. Proposto pelos pr\u00f3prios moradores, este projeto j\u00e1 consegui coletar em torno de 700 livros e chega cada vez mais perto da meta dos mil livros. Segundo o organizador do Samba do Livro, Al\u00e9cio Francisco Felisbino, o CineB mostra que \u00e9 poss\u00edvel fazer atividades bem legais no espa\u00e7o. <span style=\"color: #0000ff;\">\u201cNunca tivemos nada dessa grandeza por aqui. Estamos muito felizes porque a comunidade tem recebido muito bem as iniciativas\u201d, explicou Al\u00e9cio<\/span>.<\/p>\n<p>Para o coordenador do projeto Jonatas Nico os moradores do bairro entedenr\u00e3o que o espa\u00e7o \u00e9 p\u00fablico e tem que ser usado da melhor forma. \u201cO comportamento do povo daqui foi bem legal, prestigiaram muito bem este CineB\u201d, comenta o compositor Nico.<\/p>\n<p style=\"text-align: center;\"><a href=\"http:\/\/projetocineb.com.br\/wp-content\/uploads\/2010\/02\/DSC00742_01WEB.jpg\"><img loading=\"lazy\" decoding=\"async\" class=\"aligncenter size-full wp-image-326\" title=\"Os oficineiros do Samba do Livro, Cristian dos Santos, Fernando Murdoc, Thiago BM junto dos organizadores do Samba do Livro, Nico e Al\u00e9cio\" src=\"http:\/\/projetocineb.com.br\/wp-content\/uploads\/2010\/02\/DSC00742_01WEB.jpg\" alt=\"\" width=\"466\" height=\"249\" \/><\/a><\/p>\n<h2><span style=\"color: #339966;\">PIRITUBA SMURF<\/span><\/h2>\n<p><span style=\"color: #0000ff;\">A Concha Ac\u00fastica tem em suas paredes um grande desenho de grafite feito pelo coletivo Pirituba Smurf<\/span>. O grupo \u00e9 composto por Cristian dos Santos, Fernando Murdoc e Andr\u00e9 Luiz C\u00e2mara. <span style=\"color: #0000ff;\">\u201cN\u00e3o gostamos de ficar esperando ajuda. N\u00f3s mesmos vamos nos ajudando e tentando fortalecer este espa\u00e7o na comunidade\u201d<\/span>, disse Cristian.<\/p>\n<p>Ele e seus amigos ir\u00e3o neste ano dar diversas oficinas de desenho, manga, v\u00eddeo, m\u00fasica e dan\u00e7a. <span style=\"color: #0000ff;\">\u201cEstamos bolando oficinas diferentes, queremos mostrar que o hip hop \u00e9 uma cultura\u201d<\/span>, disse Murdoc. Segundo ele,\u00a0 o Smurf\u00e9 um estilo de dan\u00e7a de rua, que era feito para protestar.<\/p>\n<p>Em breve os caras disseram que vai sair um v\u00eddeo deles no You Tube. \u00c9 esperar para conferir!<\/p>\n<p style=\"text-align: center;\"><a href=\"http:\/\/projetocineb.com.br\/wp-content\/uploads\/2010\/02\/DSC00727_01WEB.jpg\"><img loading=\"lazy\" decoding=\"async\" class=\"aligncenter size-full wp-image-327\" title=\"A Concha Ac\u00fastica\" src=\"http:\/\/projetocineb.com.br\/wp-content\/uploads\/2010\/02\/DSC00727_01WEB.jpg\" alt=\"\" width=\"518\" height=\"389\" \/><\/a><\/p>\n<h2><span style=\"color: #339966;\">PR\u00d3XIMA SESS\u00c3O<\/span><\/h2>\n<p>\u00c9 isso galera! Agora nos encontramos no dia <span style=\"color: #0000ff;\">6 de fevereiro<\/span>, no Jardim Gra\u00fana, na <span style=\"color: #0000ff;\">Associa\u00e7\u00e3o de Bairro do Jardim Gra\u00fana.\u00a0Rua Sabi\u00e1 Poca, 1<\/span>. Fica do lado da Igreja S\u00e3o Jos\u00e9.<\/p>\n<p>T\u00e9 l\u00e1!<\/p>\n<p style=\"text-align: center;\"><a href=\"http:\/\/projetocineb.com.br\/wp-content\/uploads\/2010\/02\/DSC00711_01WEB.jpg\"><img loading=\"lazy\" decoding=\"async\" class=\"aligncenter size-full wp-image-328\" title=\"Wilson de 9 anos que quis uma foto s\u00f3 sua e depois uma s\u00f3 minha\" src=\"http:\/\/projetocineb.com.br\/wp-content\/uploads\/2010\/02\/DSC00711_01WEB.jpg\" alt=\"\" width=\"384\" height=\"380\" \/><\/a><\/p>\n<p style=\"text-align: center;\"><a href=\"http:\/\/projetocineb.com.br\/wp-content\/uploads\/2010\/02\/DSC00713_01WEB.jpg\"><img loading=\"lazy\" decoding=\"async\" class=\"aligncenter size-full wp-image-329\" title=\"Minha foto tirada pelo Wilson\" src=\"http:\/\/projetocineb.com.br\/wp-content\/uploads\/2010\/02\/DSC00713_01WEB.jpg\" alt=\"\" width=\"378\" height=\"422\" \/><\/a><\/p>\n<p style=\"text-align: center;\"><a href=\"http:\/\/projetocineb.com.br\/wp-content\/uploads\/2010\/02\/DSC00718_01WEB.jpg\"><img loading=\"lazy\" decoding=\"async\" class=\"aligncenter size-full wp-image-330\" title=\"Emanuela de Souza Costa, de 10 anos, Igor Vin\u00edcius Costa segurando sua irm\u00e3ozinha de 3 meses Emily Souza, ao lado de sua vizinha Rafaela e a m\u00e3e M\u00e1rcia Maria de Souza, abra\u00e7ando o espevitado filh\u00e3o Wilson\" src=\"http:\/\/projetocineb.com.br\/wp-content\/uploads\/2010\/02\/DSC00718_01WEB.jpg\" alt=\"\" width=\"512\" height=\"339\" \/><\/a><\/p>\n<p style=\"text-align: center;\"><a href=\"http:\/\/projetocineb.com.br\/wp-content\/uploads\/2010\/02\/DSC00741_01WEB.jpg\"><img loading=\"lazy\" decoding=\"async\" class=\"aligncenter size-full wp-image-331\" title=\"Espectadores que levaram uma camiseta do CineB\" src=\"http:\/\/projetocineb.com.br\/wp-content\/uploads\/2010\/02\/DSC00741_01WEB.jpg\" alt=\"\" width=\"512\" height=\"294\" \/><\/a><\/p>\n<p style=\"text-align: center;\"><a href=\"http:\/\/projetocineb.com.br\/wp-content\/uploads\/2010\/02\/DSC00743_01WEB.jpg\"><img loading=\"lazy\" decoding=\"async\" class=\"aligncenter size-full wp-image-332\" title=\"A equipe respons\u00e1vel por esta sess\u00e3o CineB\" src=\"http:\/\/projetocineb.com.br\/wp-content\/uploads\/2010\/02\/DSC00743_01WEB.jpg\" alt=\"\" width=\"518\" height=\"275\" \/><\/a><\/p>\n<p>0~0<\/p>\n","protected":false},"excerpt":{"rendered":"<p>CINEB \u00c9 10 A primeira sess\u00e3o do CineB em 2010 rolou em Pirituba, na Concha Ac\u00fastica da Vila Mirante. Mais[&#8230;]<\/p>\n","protected":false},"author":2,"featured_media":0,"comment_status":"open","ping_status":"open","sticky":false,"template":"","format":"standard","meta":[],"categories":[2],"tags":[154,266,874,970,971,992,1017,1095,1132,1224,1250],"_links":{"self":[{"href":"https:\/\/projetocineb.com.br\/index.php?rest_route=\/wp\/v2\/posts\/318"}],"collection":[{"href":"https:\/\/projetocineb.com.br\/index.php?rest_route=\/wp\/v2\/posts"}],"about":[{"href":"https:\/\/projetocineb.com.br\/index.php?rest_route=\/wp\/v2\/types\/post"}],"author":[{"embeddable":true,"href":"https:\/\/projetocineb.com.br\/index.php?rest_route=\/wp\/v2\/users\/2"}],"replies":[{"embeddable":true,"href":"https:\/\/projetocineb.com.br\/index.php?rest_route=%2Fwp%2Fv2%2Fcomments&post=318"}],"version-history":[{"count":0,"href":"https:\/\/projetocineb.com.br\/index.php?rest_route=\/wp\/v2\/posts\/318\/revisions"}],"wp:attachment":[{"href":"https:\/\/projetocineb.com.br\/index.php?rest_route=%2Fwp%2Fv2%2Fmedia&parent=318"}],"wp:term":[{"taxonomy":"category","embeddable":true,"href":"https:\/\/projetocineb.com.br\/index.php?rest_route=%2Fwp%2Fv2%2Fcategories&post=318"},{"taxonomy":"post_tag","embeddable":true,"href":"https:\/\/projetocineb.com.br\/index.php?rest_route=%2Fwp%2Fv2%2Ftags&post=318"}],"curies":[{"name":"wp","href":"https:\/\/api.w.org\/{rel}","templated":true}]}}