{"id":3196,"date":"2012-04-24T11:18:16","date_gmt":"2012-04-24T14:18:16","guid":{"rendered":"http:\/\/projetocineb.com.br\/?p=3196"},"modified":"2012-04-24T11:18:16","modified_gmt":"2012-04-24T14:18:16","slug":"lula-em-cartaz-no-cine-b","status":"publish","type":"post","link":"https:\/\/projetocineb.com.br\/?p=3196","title":{"rendered":"LULA EM CARTAZ NO CINE B"},"content":{"rendered":"<p>Finalmente chega \u00e0s telas itinerantes do Cine B o filme <em>Lula &#8211; O filho do Brasil<\/em>, de Fabio Barreto, drama que narra a hist\u00f3ria de vida do ex-presidente do Brasil.<\/p>\n<figure id=\"attachment_3198\" aria-describedby=\"caption-attachment-3198\" style=\"width: 396px\" class=\"wp-caption aligncenter\"><a href=\"http:\/\/projetocineb.com.br\/wp-content\/uploads\/2012\/04\/IMG_2458.jpg\"><img fetchpriority=\"high\" decoding=\"async\" class=\"size-full wp-image-3198     \" title=\"Lula - O filho do Brasil \u00e9 estrelado por Rui Ricardo Diaz, Gl\u00f3ria Pires, Cleo Pires, Marat Descartes, Milhem Cortaz, Luc\u00e9lia Santos, Ant\u00f4nio Pitanga, Juliana Baroni\" src=\"http:\/\/projetocineb.com.br\/wp-content\/uploads\/2012\/04\/IMG_2458.jpg\" alt=\"Lula - O filho do Brasil \u00e9 estrelado por Rui Ricardo Diaz, Gl\u00f3ria Pires, Cleo Pires, Marat Descartes, Milhem Cortaz, Luc\u00e9lia Santos, Ant\u00f4nio Pitanga, Juliana Baroni\" width=\"396\" height=\"264\" \/><\/a><figcaption id=\"caption-attachment-3198\" class=\"wp-caption-text\">Lula - O filho do Brasil \u00e9 estrelado por Rui Ricardo Diaz, Gl\u00f3ria Pires, Cleo Pires, Marat Descartes, Milhem Cortaz, Luc\u00e9lia Santos, Ant\u00f4nio Pitanga, Juliana Baroni<\/figcaption><\/figure>\n<p>A primeira exibi\u00e7\u00e3o com o filme ser\u00e1 realizada na <strong><span style=\"color: #ff6600;\">Igreja Santo Estev\u00e3o Rei, em Vila Anast\u00e1cio (regi\u00e3o da Lapa)<\/span><\/strong>. Como sempre, a exibi\u00e7\u00e3o \u00e9 <span style=\"color: #ff6600;\"><strong>gratuita<\/strong><\/span>, mas os interessados devem retirar seu convite na secretaria da Igreja. No s\u00e1bado, s\u00f3 curtir o filme e comer a deliciosa pipoquinha do Seu Ant\u00f4nio!<\/p>\n<p>Gl\u00f3ria Pires faz o papel da m\u00e3e de Lula, a dona Lindu. Um papel que lhe coube bem pelo jeit\u00e3o forte e maternal da atriz. O personagem de Lula foi interpretado por diversos atores que d\u00e3o for\u00e7a na hist\u00f3ria. <strong>Filme ideal para quem \u00e9 curioso quanto a essa pessoa que saiu das camadas sociais mais baixas e ascendeu, tornando-se l\u00edder de uma na\u00e7\u00e3o inteira.<\/strong><\/p>\n<p>Vem com a gente? \ud83d\ude00<\/p>\n<div><strong><span style=\"color: #008000;\">VILA ANAST\u00c1CIO<\/span><\/strong><\/div>\n<div>DIA: <strong>28, ABRIL, S\u00c1BADO, 19h<\/strong><\/div>\n<div>LOCAL: <strong>SAL\u00c3O DA IGREJA SANTO ESTEV\u00c3O REI<\/strong><\/div>\n<div>ENDERE\u00c7O: Rua Martinho de Campos, 420 \u2013 Vila Anast\u00e1cio \u2013 Lapa<\/div>\n<div>RETIRADA DE CONVITES: secretaria da igreja, das 14h \u00e0s 17:30h, falar com Clemenis<\/div>\n<div>Espa\u00e7o com capacidade para 200 pessoas<\/div>\n<p><iframe width=\"420\" height=\"315\" src=\"http:\/\/www.youtube.com\/embed\/zRUfdAI7u3g\" frameborder=\"0\" allowfullscreen><\/iframe><\/p>\n","protected":false},"excerpt":{"rendered":"<p>Finalmente chega \u00e0s telas itinerantes do Cine B o filme Lula &#8211; O filho do Brasil, de Fabio Barreto, drama[&#8230;]<\/p>\n","protected":false},"author":2,"featured_media":0,"comment_status":"open","ping_status":"open","sticky":false,"template":"","format":"standard","meta":[],"categories":[10],"tags":[154,242,263,266,604,625,760,764,1132,1218],"_links":{"self":[{"href":"https:\/\/projetocineb.com.br\/index.php?rest_route=\/wp\/v2\/posts\/3196"}],"collection":[{"href":"https:\/\/projetocineb.com.br\/index.php?rest_route=\/wp\/v2\/posts"}],"about":[{"href":"https:\/\/projetocineb.com.br\/index.php?rest_route=\/wp\/v2\/types\/post"}],"author":[{"embeddable":true,"href":"https:\/\/projetocineb.com.br\/index.php?rest_route=\/wp\/v2\/users\/2"}],"replies":[{"embeddable":true,"href":"https:\/\/projetocineb.com.br\/index.php?rest_route=%2Fwp%2Fv2%2Fcomments&post=3196"}],"version-history":[{"count":0,"href":"https:\/\/projetocineb.com.br\/index.php?rest_route=\/wp\/v2\/posts\/3196\/revisions"}],"wp:attachment":[{"href":"https:\/\/projetocineb.com.br\/index.php?rest_route=%2Fwp%2Fv2%2Fmedia&parent=3196"}],"wp:term":[{"taxonomy":"category","embeddable":true,"href":"https:\/\/projetocineb.com.br\/index.php?rest_route=%2Fwp%2Fv2%2Fcategories&post=3196"},{"taxonomy":"post_tag","embeddable":true,"href":"https:\/\/projetocineb.com.br\/index.php?rest_route=%2Fwp%2Fv2%2Ftags&post=3196"}],"curies":[{"name":"wp","href":"https:\/\/api.w.org\/{rel}","templated":true}]}}