{"id":3202,"date":"2012-04-30T13:35:07","date_gmt":"2012-04-30T16:35:07","guid":{"rendered":"http:\/\/projetocineb.com.br\/?p=3202"},"modified":"2012-04-30T13:35:07","modified_gmt":"2012-04-30T16:35:07","slug":"3202","status":"publish","type":"post","link":"https:\/\/projetocineb.com.br\/?p=3202","title":{"rendered":"VILA ANAST\u00c1CIO"},"content":{"rendered":"<p>Aten\u00e7\u00e3o freguesia! O Cine B j\u00e1 est\u00e1 na ativa novamente, exibindo nessa S\u00e3o Paulo que tanto carece de cultura, o melhor do nosso querido cinema brasileiro.<\/p>\n<figure id=\"attachment_3203\" aria-describedby=\"caption-attachment-3203\" style=\"width: 432px\" class=\"wp-caption aligncenter\"><a href=\"http:\/\/projetocineb.com.br\/wp-content\/uploads\/2012\/04\/DSC_1079_01web.jpg\"><img fetchpriority=\"high\" decoding=\"async\" class=\"size-full wp-image-3203  \" title=\"A primeira exibi\u00e7\u00e3o do Cine B Comunidade em 2012, em clima bem especial\" src=\"http:\/\/projetocineb.com.br\/wp-content\/uploads\/2012\/04\/DSC_1079_01web.jpg\" alt=\"A primeira exibi\u00e7\u00e3o do Cine B Comunidade em 2012, em clima bem especial\" width=\"432\" height=\"291\" \/><\/a><figcaption id=\"caption-attachment-3203\" class=\"wp-caption-text\">A primeira exibi\u00e7\u00e3o do Cine B Comunidade em 2012, em clima bem especial<\/figcaption><\/figure>\n<p>E para come\u00e7ar de um jeito bem cinematogr\u00e1fico, <span style=\"color: #ff6600;\">a primeira exibi\u00e7\u00e3o em comunidade de 2012, tamb\u00e9m serviu para grava\u00e7\u00e3o da nova vinheta do Cine B<\/span>. \u00a0E nosso p\u00fablico participou ativamente da grava\u00e7\u00e3o. Pois \u00e9, um grupo da comunidade Vila Anglo Brasileira atuaram como figura\u00e7\u00e3o no video.<\/p>\n<figure id=\"attachment_3210\" aria-describedby=\"caption-attachment-3210\" style=\"width: 432px\" class=\"wp-caption aligncenter\"><a href=\"http:\/\/projetocineb.com.br\/wp-content\/uploads\/2012\/04\/DSC_1036_01web.jpg\"><img decoding=\"async\" class=\"size-full wp-image-3210  \" title=\"Olha s\u00f3 a figura\u00e7\u00e3o aguardando o momento de entrar em cena! Logo mostraremos o making of aqui no blog.\" src=\"http:\/\/projetocineb.com.br\/wp-content\/uploads\/2012\/04\/DSC_1036_01web.jpg\" alt=\"Olha s\u00f3 a figura\u00e7\u00e3o aguardando o momento de entrar em cena! Logo mostraremos o making of aqui no blog.\" width=\"432\" height=\"286\" \/><\/a><figcaption id=\"caption-attachment-3210\" class=\"wp-caption-text\">Olha s\u00f3 a figura\u00e7\u00e3o aguardando o momento de entrar em cena! Logo mostraremos o making of aqui no blog.<\/figcaption><\/figure>\n<p><span style=\"color: #ff6600;\">Logo mais subiremos aqui o making of dessa nova vinheta do Cine B!<\/span><\/p>\n<figure id=\"attachment_3206\" aria-describedby=\"caption-attachment-3206\" style=\"width: 432px\" class=\"wp-caption aligncenter\"><a href=\"http:\/\/projetocineb.com.br\/wp-content\/uploads\/2012\/04\/DSC_0946_01web.jpg\"><img decoding=\"async\" class=\"size-full wp-image-3206  \" title=\"Esquerda para direita, o diretor da nova vinheta, Paulo Perez e o diretor de fotografia Japa\" src=\"http:\/\/projetocineb.com.br\/wp-content\/uploads\/2012\/04\/DSC_0946_01web.jpg\" alt=\"Esquerda para direita, o diretor da nova vinheta, Paulo Perez e o diretor de fotografia Japa\" width=\"432\" height=\"296\" \/><\/a><figcaption id=\"caption-attachment-3206\" class=\"wp-caption-text\">Esquerda para direita, o diretor da nova vinheta, Paulo Perez e o diretor de fotografia Japa<\/figcaption><\/figure>\n<figure id=\"attachment_3205\" aria-describedby=\"caption-attachment-3205\" style=\"width: 432px\" class=\"wp-caption aligncenter\"><a href=\"http:\/\/projetocineb.com.br\/wp-content\/uploads\/2012\/04\/DSC_0933_01web.jpg\"><img loading=\"lazy\" decoding=\"async\" class=\"size-full wp-image-3205  \" title=\"Discutindo como fazer algumas imagens da nova vinheta, o coordenador do Cine B, Cid\u00e1lio Vieira Santos e a s\u00f3cia diretora da Brazucah, Cynthia Alario\" src=\"http:\/\/projetocineb.com.br\/wp-content\/uploads\/2012\/04\/DSC_0933_01web.jpg\" alt=\"Discutindo como fazer algumas imagens da nova vinheta, o coordenador do Cine B, Cid\u00e1lio Vieira Santos e a s\u00f3cia diretora da Brazucah, Cynthia Alario\" width=\"432\" height=\"286\" \/><\/a><figcaption id=\"caption-attachment-3205\" class=\"wp-caption-text\">Discutindo como fazer algumas imagens da nova vinheta, o coordenador do Cine B, Cid\u00e1lio Vieira Santos e a s\u00f3cia diretora da Brazucah, Cynthia Alario<\/figcaption><\/figure>\n<p>Pela terceira vez, a Igreja de Santo Estev\u00e3o Rei, em Vila Anast\u00e1cio, recebeu nossa equipe. E <span style=\"color: #ff6600;\">dessa vez exibimos <em>Lula \u2013 o filho do Brasil<\/em><\/span>, um filme que emociona!<\/p>\n<p><span style=\"color: #ff6600;\">\u201c\u00c9 um retrato fiel da vida dele, um bom filme\u201d, diz o Padre Joaquim Crispim de Oliveira.<\/span> \u201cO Cine B tem essa import\u00e2ncia de exibir os filmes brasileiros e atrav\u00e9s deles, o povo tem contato com a nossa cultura, a nossa hist\u00f3ria\u201d.<\/p>\n<figure id=\"attachment_3211\" aria-describedby=\"caption-attachment-3211\" style=\"width: 432px\" class=\"wp-caption aligncenter\"><a href=\"http:\/\/projetocineb.com.br\/wp-content\/uploads\/2012\/04\/DSC_1062_01web.jpg\"><img loading=\"lazy\" decoding=\"async\" class=\"size-full wp-image-3211  \" title=\"O Padre Joaquim, sempre um parceir\u00e3o do Cine B\" src=\"http:\/\/projetocineb.com.br\/wp-content\/uploads\/2012\/04\/DSC_1062_01web.jpg\" alt=\"O Padre Joaquim, sempre um parceir\u00e3o do Cine B\" width=\"432\" height=\"409\" \/><\/a><figcaption id=\"caption-attachment-3211\" class=\"wp-caption-text\">O Padre Joaquim, sempre um parceir\u00e3o do Cine B<\/figcaption><\/figure>\n<p>\u201cGostamos do projeto pois ele une a comunidade\u201d, comentou a secretaria da Igreja, Clemenis Jory Martins.\u00a0Ela que ficou respons\u00e1vel por entregar os convites dessa sess\u00e3o. Contou que mais uma vez, n\u00e3o sobrou nada! \u201cSoltei 150 s\u00f3 durante essa semana\u201d, conta Clemenis. \u201cO que sobrou, o Padre distribuiu no fim da missa\u201d.<\/p>\n<figure id=\"attachment_3207\" aria-describedby=\"caption-attachment-3207\" style=\"width: 432px\" class=\"wp-caption aligncenter\"><a href=\"http:\/\/projetocineb.com.br\/wp-content\/uploads\/2012\/04\/DSC_1023_01web.jpg\"><img loading=\"lazy\" decoding=\"async\" class=\"size-full wp-image-3207  \" title=\"E olha a dona Clemenis conferindo e relembrando alguns filmes exibidos pelo Cine B, desde 2007... quanta hist\u00f3ria!\" src=\"http:\/\/projetocineb.com.br\/wp-content\/uploads\/2012\/04\/DSC_1023_01web.jpg\" alt=\"E olha a dona Clemenis conferindo e relembrando alguns filmes exibidos pelo Cine B, desde 2007... quanta hist\u00f3ria!\" width=\"432\" height=\"286\" \/><\/a><figcaption id=\"caption-attachment-3207\" class=\"wp-caption-text\">E olha a dona Clemenis conferindo e relembrando alguns filmes exibidos pelo Cine B, desde 2007... quanta hist\u00f3ria!<\/figcaption><\/figure>\n<p>E quem esteve presente ficou emocionado com a hist\u00f3ria de <em>Lula &#8211; o filho do Brasil<\/em>. Conversei com algumas moradoras de Vila Anglo Brasileira e olha o que disseram.<\/p>\n<p>&#8220;\u00c9 um filme que retrata um fato ver\u00eddico que aconteceu ao homem que j\u00e1 foi nosso presidente&#8221;, diz Izildinha Aparecida Ramos. &#8220;E o mais bonito \u00e9 que ele sempre seguiu os conselhos da m\u00e3e&#8221;, comenta.<\/p>\n<p>Sua colega, Marcia Ramos, ressalta a import\u00e2ncia cultural desse filme.<span style=\"color: #ff6600;\"> &#8220;Principalmente para os mais jovens, \u00e9 importante assisti-lo, pois muitos n\u00e3o viram toda essa luta pela democracia, que faz parte da nossa hist\u00f3ria&#8221;, conta Marcia.<\/span><\/p>\n<figure id=\"attachment_3204\" aria-describedby=\"caption-attachment-3204\" style=\"width: 432px\" class=\"wp-caption aligncenter\"><a href=\"http:\/\/projetocineb.com.br\/wp-content\/uploads\/2012\/04\/DSC_1080_01web.jpg\"><img loading=\"lazy\" decoding=\"async\" class=\"size-full wp-image-3204  \" title=\"As moradoras de Vila Anglo Brasileira, bairro vizinho de Vila Anast\u00e1cio: Neide Duarte, Izildinha Aparecida Ramos e Marcia Ramos\" src=\"http:\/\/projetocineb.com.br\/wp-content\/uploads\/2012\/04\/DSC_1080_01web.jpg\" alt=\"As moradoras de Vila Anglo Brasileira, bairro vizinho de Vila Anast\u00e1cio: Neide Duarte, Izildinha Aparecida Ramos e Marcia Ramos\" width=\"432\" height=\"313\" \/><\/a><figcaption id=\"caption-attachment-3204\" class=\"wp-caption-text\">As moradoras de Vila Anglo Brasileira, bairro vizinho de Vila Anast\u00e1cio: Neide Duarte, Izildinha Aparecida Ramos e Marcia Ramos<\/figcaption><\/figure>\n","protected":false},"excerpt":{"rendered":"<p>Aten\u00e7\u00e3o freguesia! O Cine B j\u00e1 est\u00e1 na ativa novamente, exibindo nessa S\u00e3o Paulo que tanto carece de cultura, o[&#8230;]<\/p>\n","protected":false},"author":2,"featured_media":0,"comment_status":"open","ping_status":"open","sticky":false,"template":"","format":"standard","meta":[],"categories":[2],"tags":[154,242,263,266,764,1132,1218,1219,1250],"_links":{"self":[{"href":"https:\/\/projetocineb.com.br\/index.php?rest_route=\/wp\/v2\/posts\/3202"}],"collection":[{"href":"https:\/\/projetocineb.com.br\/index.php?rest_route=\/wp\/v2\/posts"}],"about":[{"href":"https:\/\/projetocineb.com.br\/index.php?rest_route=\/wp\/v2\/types\/post"}],"author":[{"embeddable":true,"href":"https:\/\/projetocineb.com.br\/index.php?rest_route=\/wp\/v2\/users\/2"}],"replies":[{"embeddable":true,"href":"https:\/\/projetocineb.com.br\/index.php?rest_route=%2Fwp%2Fv2%2Fcomments&post=3202"}],"version-history":[{"count":0,"href":"https:\/\/projetocineb.com.br\/index.php?rest_route=\/wp\/v2\/posts\/3202\/revisions"}],"wp:attachment":[{"href":"https:\/\/projetocineb.com.br\/index.php?rest_route=%2Fwp%2Fv2%2Fmedia&parent=3202"}],"wp:term":[{"taxonomy":"category","embeddable":true,"href":"https:\/\/projetocineb.com.br\/index.php?rest_route=%2Fwp%2Fv2%2Fcategories&post=3202"},{"taxonomy":"post_tag","embeddable":true,"href":"https:\/\/projetocineb.com.br\/index.php?rest_route=%2Fwp%2Fv2%2Ftags&post=3202"}],"curies":[{"name":"wp","href":"https:\/\/api.w.org\/{rel}","templated":true}]}}