{"id":3218,"date":"2012-05-03T15:56:34","date_gmt":"2012-05-03T18:56:34","guid":{"rendered":"http:\/\/projetocineb.com.br\/?p=3218"},"modified":"2012-05-03T15:56:34","modified_gmt":"2012-05-03T18:56:34","slug":"depois-de-desinaugurar-inaugurou","status":"publish","type":"post","link":"https:\/\/projetocineb.com.br\/?p=3218","title":{"rendered":"DEPOIS DE DESINAUGURAR, INAUGUROU!"},"content":{"rendered":"<p>O t\u00edtulo \u00e9 meio estranho, mas foi isso mesmo que aconteceu. A Pra\u00e7a Paulo Schiesari, na zona oeste de S\u00e3o Paulo, primeiro foi desinaugurada pelos moradores. Um protesto que o Cine B participou exibindo filmes brasileiros.<\/p>\n<p><a href=\"http:\/\/projetocineb.com.br\/?p=2140\" target=\"_blank\">Clique aqui para ver como foi a desinaugura\u00e7\u00e3o.<\/a><\/p>\n<p>Agora, para felicidade geral da comunidade de Vila Anglo Brasileira (zona oeste de SP), a reforma deixou a Pra\u00e7a decente para ser inaugurada. Que tal participar desse pic nic e conferir a beleza que deve estar aquele lugar?<\/p>\n<figure id=\"attachment_3219\" aria-describedby=\"caption-attachment-3219\" style=\"width: 407px\" class=\"wp-caption aligncenter\"><a href=\"http:\/\/projetocineb.com.br\/wp-content\/uploads\/2012\/05\/INAUGURA-SCHIESARI.jpg\"><img fetchpriority=\"high\" decoding=\"async\" class=\"size-full wp-image-3219 \" title=\"Nos encontramos l\u00e1?\" src=\"http:\/\/projetocineb.com.br\/wp-content\/uploads\/2012\/05\/INAUGURA-SCHIESARI.jpg\" alt=\"Nos encontramos l\u00e1?\" width=\"407\" height=\"576\" \/><\/a><figcaption id=\"caption-attachment-3219\" class=\"wp-caption-text\">Nos encontramos l\u00e1?<\/figcaption><\/figure>\n","protected":false},"excerpt":{"rendered":"<p>O t\u00edtulo \u00e9 meio estranho, mas foi isso mesmo que aconteceu. A Pra\u00e7a Paulo Schiesari, na zona oeste de S\u00e3o[&#8230;]<\/p>\n","protected":false},"author":2,"featured_media":0,"comment_status":"open","ping_status":"open","sticky":false,"template":"","format":"standard","meta":[],"categories":[2],"tags":[154,242,263,266,980,1132,1250],"_links":{"self":[{"href":"https:\/\/projetocineb.com.br\/index.php?rest_route=\/wp\/v2\/posts\/3218"}],"collection":[{"href":"https:\/\/projetocineb.com.br\/index.php?rest_route=\/wp\/v2\/posts"}],"about":[{"href":"https:\/\/projetocineb.com.br\/index.php?rest_route=\/wp\/v2\/types\/post"}],"author":[{"embeddable":true,"href":"https:\/\/projetocineb.com.br\/index.php?rest_route=\/wp\/v2\/users\/2"}],"replies":[{"embeddable":true,"href":"https:\/\/projetocineb.com.br\/index.php?rest_route=%2Fwp%2Fv2%2Fcomments&post=3218"}],"version-history":[{"count":0,"href":"https:\/\/projetocineb.com.br\/index.php?rest_route=\/wp\/v2\/posts\/3218\/revisions"}],"wp:attachment":[{"href":"https:\/\/projetocineb.com.br\/index.php?rest_route=%2Fwp%2Fv2%2Fmedia&parent=3218"}],"wp:term":[{"taxonomy":"category","embeddable":true,"href":"https:\/\/projetocineb.com.br\/index.php?rest_route=%2Fwp%2Fv2%2Fcategories&post=3218"},{"taxonomy":"post_tag","embeddable":true,"href":"https:\/\/projetocineb.com.br\/index.php?rest_route=%2Fwp%2Fv2%2Ftags&post=3218"}],"curies":[{"name":"wp","href":"https:\/\/api.w.org\/{rel}","templated":true}]}}