{"id":3236,"date":"2012-05-11T15:08:21","date_gmt":"2012-05-11T18:08:21","guid":{"rendered":"http:\/\/projetocineb.com.br\/?p=3236"},"modified":"2012-05-11T15:08:21","modified_gmt":"2012-05-11T18:08:21","slug":"convidados-do-cine-b-conferem-paralelo-10","status":"publish","type":"post","link":"https:\/\/projetocineb.com.br\/?p=3236","title":{"rendered":"CONVIDADOS DO CINE B CONFEREM PARALELO 10"},"content":{"rendered":"<p>\u00ca beleza! <em>Paralelo 10<\/em>, de Silvio Da-Rin, estreou dia 4\/5 no cinema e o <span style=\"color: #ff6600;\"><strong>Cine B convidou seu p\u00fablico para assistir a este enigm\u00e1tico document\u00e1rio de Silvio Da-Rin, no Cine Livraria Cultura<\/strong><\/span>. Na sess\u00e3o estiveram presentes alunos e professores do CIEJA Butant\u00e3 (Centro Integrado para Educa\u00e7\u00e3o de Jovens e Adultos), al\u00e9m de representantes representantes sociais.<\/p>\n<figure id=\"attachment_3243\" aria-describedby=\"caption-attachment-3243\" style=\"width: 432px\" class=\"wp-caption aligncenter\"><a href=\"http:\/\/projetocineb.com.br\/wp-content\/uploads\/2012\/05\/DSC_1357_01web.jpg\"><img fetchpriority=\"high\" decoding=\"async\" class=\"size-full wp-image-3243  \" title=\"Cine B Paralelo 10: Na sess\u00e3o estiveram presentes alunos e professores do CIEJA Butant\u00e3 (Centro Integrado para Educa\u00e7\u00e3o de Jovens e Adultos), al\u00e9m de representantes da Pastoral da Crian\u00e7a do Butant\u00e3 e da Comiss\u00e3o Anti-enchente da Vila Piau\u00ed\" src=\"http:\/\/projetocineb.com.br\/wp-content\/uploads\/2012\/05\/DSC_1357_01web.jpg\" alt=\"Cine B Paralelo 10: Na sess\u00e3o estiveram presentes alunos e professores do CIEJA Butant\u00e3 (Centro Integrado para Educa\u00e7\u00e3o de Jovens e Adultos), al\u00e9m de representantes da Pastoral da Crian\u00e7a do Butant\u00e3 e da Comiss\u00e3o Anti-enchente da Vila Piau\u00ed\" width=\"432\" height=\"323\" \/><\/a><figcaption id=\"caption-attachment-3243\" class=\"wp-caption-text\">Cine B exibe Paralelo 10: Na sess\u00e3o estiveram presentes alunos e professores do CIEJA Butant\u00e3, al\u00e9m de representantes da Pastoral da Crian\u00e7a do Butant\u00e3, Comiss\u00e3o Anti-enchente da Vila Piau\u00ed e representantes do Grupo de Estudos Pandi\u00e1 Cal\u00f3genas<\/figcaption><\/figure>\n<p><span style=\"color: #ff6600;\"><strong>3 alunos do CIEJA nunca tinham ido ao cinema!<\/strong><\/span><\/p>\n<figure id=\"attachment_3238\" aria-describedby=\"caption-attachment-3238\" style=\"width: 432px\" class=\"wp-caption aligncenter\"><a href=\"http:\/\/projetocineb.com.br\/wp-content\/uploads\/2012\/05\/DSC_1385_01web.jpg\"><img decoding=\"async\" class=\"size-full wp-image-3238  \" title=\"Democratiza\u00e7\u00e3o do acesso ao cinema: estrearam com Paralelo 10, Jesailton Rios Pereira, Clarice Queiroz Nascimento e Aldair Jos\u00e9 Paraiso\" src=\"http:\/\/projetocineb.com.br\/wp-content\/uploads\/2012\/05\/DSC_1385_01web.jpg\" alt=\"Democratiza\u00e7\u00e3o do acesso ao cinema: estrearam com Paralelo 10, Jesailton Rios Pereira, Clarice Queiroz Nascimento e Aldair Jos\u00e9 Paraiso\" width=\"432\" height=\"302\" \/><\/a><figcaption id=\"caption-attachment-3238\" class=\"wp-caption-text\">Democratiza\u00e7\u00e3o do acesso ao cinema: &quot;estrearam&quot; com Paralelo 10, Jesailton Pereira, Clarice Queiroz e Aldair Paraiso<\/figcaption><\/figure>\n<p>Jesailton Rios Pereira, era um deles. <span style=\"color: #ff6600;\"><strong>\u201cEu sou religioso e sempre achei que esse tipo de coisa n\u00e3o era certa\u201d<\/strong><\/span>, explica. \u201cHoje vim por livre e espont\u00e2nea press\u00e3o dos meus colegas de sala\u201d, diz o divertido Jesailton.<\/p>\n<p>Os tais colegas, logo se mobilizaram. Em coro! \u201cEle n\u00e3o queria ir nem ao teatro, quando nossa sala foi assistir uma pe\u00e7a, mas agora \u00e9 sempre o primeiro a querer ir\u201d. Jesailton ri, confirmando o que os colegas revelam.<\/p>\n<p>J\u00e1 Clarice Queiroz Nascimento, que desde fevereiro \u00e9 aluna do supletivo CIEJA, explicou que n\u00e3o achava que ia curtir. <span style=\"color: #ff6600;\"><strong>\u201cN\u00e3o gosto de lugar fechado\u201d<\/strong><\/span>, diz. \u201cEm casa assisto muitos filmes, principalmente brasileiros, mas sempre achei estranho ir ao cinema\u201d, conta Clarice.<\/p>\n<p>Mas a falta de tempo, tamb\u00e9m foi assumida como um fator que a afastava das salas, assim como seu colega de classe, Aldair Jos\u00e9 Paraiso. \u201cEu trabalho muito, \u00e0s vezes at\u00e9 de final de semana e por isso sempre faltou tempo\u201d.<\/p>\n<p>No final da sess\u00e3o, os 3 disseram aprovar a experi\u00eancia. Pra n\u00f3s da equipe do Cine B, \u00e9 muito gratificante saber que conseguimos levar mais gente para dentro do \u201cescurinho do cinema\u201d. Ainda mais que j\u00e1 come\u00e7aram pelo belo<em> Paralelo 10<\/em>, que revela um Brasil de povos e culturas que nem imaginamos existir.<\/p>\n<p>\u201cAchei interessante a coragem do Meirelles (sertanista da FUNAI que \u00e9 acompanhado pelo filme) de ir a um local t\u00e3o distante\u201d, diz o diretor presidente do GEPC. \u201c\u00c9 um filme que a gente leva pra vida toda, pela beleza e pelo que mostra\u201d, confessa Jerez.<\/p>\n<figure id=\"attachment_3244\" aria-describedby=\"caption-attachment-3244\" style=\"width: 432px\" class=\"wp-caption aligncenter\"><a href=\"http:\/\/projetocineb.com.br\/wp-content\/uploads\/2012\/05\/DSC_1382_01web.jpg\"><img decoding=\"async\" class=\"size-full wp-image-3244  \" title=\"Os representantes do GEPC, Marcelo Carrilho, Viviane de Paula, Marcos Jerez, Rebeka Stefano, Rodrigo Mota e Jos\u00e9 Neto, com o coordenador do Cine B, Cid\u00e1lio Vieira Santos\" src=\"http:\/\/projetocineb.com.br\/wp-content\/uploads\/2012\/05\/DSC_1382_01web.jpg\" alt=\"Os representantes do GEPC, Marcelo Carrilho, Viviane de Paula, Marcos Jerez, Rebeka Stefano, Rodrigo Mota e Jos\u00e9 Neto, com o coordenador do Cine B, Cid\u00e1lio Vieira Santos\" width=\"432\" height=\"286\" \/><\/a><figcaption id=\"caption-attachment-3244\" class=\"wp-caption-text\">Os representantes do GEPC, Marcelo Carrilho, Viviane de Paula, Marcos Jerez, Rebeka Stefano, Rodrigo Mota e Jos\u00e9 Neto, com o coordenador do Cine B, Cid\u00e1lio Vieira Santos<\/figcaption><\/figure>\n<h2><span style=\"color: #008000;\">SORTEIO!<\/span><\/h2>\n<p><span style=\"color: #ff6600;\"><strong>O Cine B \u00e9 um cinema itinerante<\/strong><\/span>. Aonde chama, a gente vai com o projetor, tel\u00e3o, caixas de som, cadeiras, material de divulga\u00e7\u00e3o, enfim, tudo que precisa pra se montar um cinema dentro de uma igreja, ou at\u00e9 mesmo na rua de uma comunidade. At\u00e9 um pipoqueiro oficial, o seu Ant\u00f4nio, acompanha as exibi\u00e7\u00f5es. Porque cinema sem pipoca n\u00e3o cola, n\u00e9?<\/p>\n<p>E <span style=\"color: #ff6600;\"><strong>no final das exibi\u00e7\u00f5es, sempre acontece um sorteio de camisetas do projeto<\/strong><\/span>.<\/p>\n<figure id=\"attachment_3240\" aria-describedby=\"caption-attachment-3240\" style=\"width: 432px\" class=\"wp-caption aligncenter\"><a href=\"http:\/\/projetocineb.com.br\/wp-content\/uploads\/2012\/05\/DSC_1393_01web.jpg\"><img loading=\"lazy\" decoding=\"async\" class=\"size-full wp-image-3240  \" title=\"O coordenador do Cine B, Cid\u00e1lio Vieira Santos, faz o sorteio das camisetas do projeto\" src=\"http:\/\/projetocineb.com.br\/wp-content\/uploads\/2012\/05\/DSC_1393_01web.jpg\" alt=\"O coordenador do Cine B, Cid\u00e1lio Vieira Santos, faz o sorteio das camisetas do projeto\" width=\"432\" height=\"286\" \/><\/a><figcaption id=\"caption-attachment-3240\" class=\"wp-caption-text\">O coordenador do Cine B, Cid\u00e1lio Vieira Santos, faz o sorteio das camisetas do projeto<\/figcaption><\/figure>\n<p>Mas dessa vez nossa sess\u00e3o foi diferente: aconteceu dentro do Cine Livraria Cultura. E como cinema passa um filme atr\u00e1s do outro, n\u00e3o teve como fazer o sorteio dentro da sala. Mas fizemos fora. Foi muito divertido, um clima diferente que nossos espectadores aprovaram!<\/p>\n<figure id=\"attachment_3237\" aria-describedby=\"caption-attachment-3237\" style=\"width: 432px\" class=\"wp-caption aligncenter\"><a href=\"http:\/\/projetocineb.com.br\/wp-content\/uploads\/2012\/05\/DSC_1375_01web.jpg\"><img loading=\"lazy\" decoding=\"async\" class=\"size-full wp-image-3237  \" title=\"O p\u00fablico preenche as pesquisas de opini\u00e3o por todos os lados. As pesquisas s\u00e3o usadas no sorteio\" src=\"http:\/\/projetocineb.com.br\/wp-content\/uploads\/2012\/05\/DSC_1375_01web.jpg\" alt=\"O p\u00fablico preenche as pesquisas de opini\u00e3o por todos os lados. As pesquisas s\u00e3o usadas no sorteio\" width=\"432\" height=\"286\" \/><\/a><figcaption id=\"caption-attachment-3237\" class=\"wp-caption-text\">O p\u00fablico preenche as pesquisas de opini\u00e3o por todos os lados. As pesquisas s\u00e3o usadas no sorteio<\/figcaption><\/figure>\n<h2>\n<figure id=\"attachment_3239\" aria-describedby=\"caption-attachment-3239\" style=\"width: 432px\" class=\"wp-caption aligncenter\"><a href=\"http:\/\/projetocineb.com.br\/wp-content\/uploads\/2012\/05\/DSC_1388_01web.jpg\"><img loading=\"lazy\" decoding=\"async\" class=\"size-full wp-image-3239  \" title=\"O sorteio \u00e9 sempre animado, todo mundo torce pra levar uma camiseta do Cine B\" src=\"http:\/\/projetocineb.com.br\/wp-content\/uploads\/2012\/05\/DSC_1388_01web.jpg\" alt=\"O sorteio \u00e9 sempre animado, todo mundo torce pra levar uma camiseta do Cine B\" width=\"432\" height=\"286\" \/><\/a><figcaption id=\"caption-attachment-3239\" class=\"wp-caption-text\">O sorteio \u00e9 sempre animado, todo mundo torce pra levar uma camiseta do Cine B<\/figcaption><\/figure>\n<p><figure id=\"attachment_3241\" aria-describedby=\"caption-attachment-3241\" style=\"width: 432px\" class=\"wp-caption aligncenter\"><a href=\"http:\/\/projetocineb.com.br\/wp-content\/uploads\/2012\/05\/DSC_1401_01_web.jpg\"><img loading=\"lazy\" decoding=\"async\" class=\"size-full wp-image-3241  \" title=\"Para fechar o evento, a foto final, com os ganhadores vestindo suas camisetas \" src=\"http:\/\/projetocineb.com.br\/wp-content\/uploads\/2012\/05\/DSC_1401_01_web.jpg\" alt=\"Para fechar o evento, a foto final, com os ganhadores vestindo suas camisetas \" width=\"432\" height=\"281\" \/><\/a><figcaption id=\"caption-attachment-3241\" class=\"wp-caption-text\">Para fechar o evento, a foto final, com os ganhadores vestindo suas camisetas <\/figcaption><\/figure><\/h2>\n<h2><\/h2>\n<h2><span style=\"color: #008000;\">PARALELO 10<\/span><\/h2>\n<p>Para quem n\u00e3o conhece, o document\u00e1rio de Silvio Da-Rin acompanha o sertanista Jos\u00e9 Carlos Meirelles, que depois de um tempo afastado, retorna \u00e0 regi\u00e3o do Paralelo 10 Sul, linha de fronteira com o Peru, em companhia do antrop\u00f3logo Terri de Aquino. O filme viaja com eles durante 3 semanas, subindo o Rio Envira, enfrentando v\u00e1rios tipos de obst\u00e1culo e se aproximando cada vez mais das malocas de \u00edndios isolados. Nessa jornada, Meirelles rememora experi\u00eancias, exp\u00f5e contradi\u00e7\u00f5es de seu of\u00edcio e discute com \u00edndios Madij\u00e1 e Ashaninka a melhor forma de se relacionar com os \u00edndios \u201cbrabos\u201d, sem tentar amans\u00e1-los nem extermin\u00e1-los.<\/p>\n<p>Os \u00edndios \u201cbrabos\u201d, na verdade s\u00e3o tribos que nunca tiveram contato com o homem branco. E como hoje h\u00e1 uma preocupa\u00e7\u00e3o em manter essas culturas intocadas, a situa\u00e7\u00e3o \u00e9 complexa. Meirelles tem que apaziguar as tribos, mas sem fazer contato direto com eles.<\/p>\n<p><span style=\"color: #ff6600;\"><strong>Film\u00e3o que voc\u00ea precisa conferir.<\/strong><\/span><\/p>\n<p><iframe width=\"440\" height=\"315\" src=\"http:\/\/www.youtube.com\/embed\/T2XmlV205As\" frameborder=\"0\" allowfullscreen><\/iframe><\/p>\n<p>Ali\u00e1s, <a href=\"http:\/\/blog.brazucah.com.br\/entrevistas\/documentarios-e-cine-clubes\" target=\"_blank\">clique aqui<\/a> para <span style=\"color: #ff6600;\"><strong>participar da promo\u00e7\u00e3o da Brazucah e ganhar ingressos para assistir este filme!<\/strong><\/span> O que precisa fazer? Basta comentar na mat\u00e9ria e torcer para ser sorteado.<\/p>\n<p>Boa sorte e bom filme \ud83d\ude00<\/p>\n","protected":false},"excerpt":{"rendered":"<p>\u00ca beleza! Paralelo 10, de Silvio Da-Rin, estreou dia 4\/5 no cinema e o Cine B convidou seu p\u00fablico para[&#8230;]<\/p>\n","protected":false},"author":2,"featured_media":0,"comment_status":"open","ping_status":"open","sticky":false,"template":"","format":"standard","meta":[],"categories":[2],"tags":[154,242,251,263,266,275,380,551,561,924,1095,1124,1132],"_links":{"self":[{"href":"https:\/\/projetocineb.com.br\/index.php?rest_route=\/wp\/v2\/posts\/3236"}],"collection":[{"href":"https:\/\/projetocineb.com.br\/index.php?rest_route=\/wp\/v2\/posts"}],"about":[{"href":"https:\/\/projetocineb.com.br\/index.php?rest_route=\/wp\/v2\/types\/post"}],"author":[{"embeddable":true,"href":"https:\/\/projetocineb.com.br\/index.php?rest_route=\/wp\/v2\/users\/2"}],"replies":[{"embeddable":true,"href":"https:\/\/projetocineb.com.br\/index.php?rest_route=%2Fwp%2Fv2%2Fcomments&post=3236"}],"version-history":[{"count":0,"href":"https:\/\/projetocineb.com.br\/index.php?rest_route=\/wp\/v2\/posts\/3236\/revisions"}],"wp:attachment":[{"href":"https:\/\/projetocineb.com.br\/index.php?rest_route=%2Fwp%2Fv2%2Fmedia&parent=3236"}],"wp:term":[{"taxonomy":"category","embeddable":true,"href":"https:\/\/projetocineb.com.br\/index.php?rest_route=%2Fwp%2Fv2%2Fcategories&post=3236"},{"taxonomy":"post_tag","embeddable":true,"href":"https:\/\/projetocineb.com.br\/index.php?rest_route=%2Fwp%2Fv2%2Ftags&post=3236"}],"curies":[{"name":"wp","href":"https:\/\/api.w.org\/{rel}","templated":true}]}}