{"id":3257,"date":"2012-05-16T19:59:00","date_gmt":"2012-05-16T22:59:00","guid":{"rendered":"http:\/\/projetocineb.com.br\/?p=3257"},"modified":"2012-05-16T19:59:00","modified_gmt":"2012-05-16T22:59:00","slug":"cineb-divulga-sua-programacao","status":"publish","type":"post","link":"https:\/\/projetocineb.com.br\/?p=3257","title":{"rendered":"CINEB DIVULGA PROGRAMA\u00c7\u00c3O DE MAIO\/ JUNHO"},"content":{"rendered":"<p><em>Lula \u2013 o filho do Brasil<\/em>, de Fabio Barreto, \u00e9 o filme em cartaz.\u00a0Pela 4\u00aa vez exibiremos filmes brasileiros, gratuitamente, em Heli\u00f3polis. Em Itaim Paulista, ser\u00e1 a 3\u00aa vez. No total ser\u00e3o 8 exibi\u00e7\u00f5es em diferentes comunidades. Muita emo\u00e7\u00e3o! rss<\/p>\n<p><iframe width=\"420\" height=\"315\" src=\"http:\/\/www.youtube.com\/embed\/zRUfdAI7u3g\" frameborder=\"0\" allowfullscreen><\/iframe><\/p>\n<p>Neste s\u00e1bado j\u00e1 tem cinema em Itapecerica da Serra. Confira!<\/p>\n<h2><span style=\"color: #008000;\">NOSSA PROGRAMA\u00c7\u00c3O<\/span><\/h2>\n<p><strong>ITAPECERICA DA SERRA<\/strong><\/p>\n<p><span style=\"color: #ff6600;\">DIA: 19 DE MAIO \u2013 S\u00c1BADO -19H<\/span><\/p>\n<p><span style=\"color: #ff6600;\">LOCAL: SAL\u00c3O DA PAR\u00d3QUIA MARIA M\u00c3E DOS CAMINHANTES<\/span><\/p>\n<p>ENDERE\u00c7O: Rua Filipinas, 1615, Parque Para\u00edso, Itapecerica da Serra, SP<\/p>\n<p>PONTO DE REFER\u00caNCIA: Col\u00e9gio Joaquinz\u00e3o<\/p>\n<p>RETIRADA DE CONVITES: Na secretaria da Igreja<\/p>\n<p>Espa\u00e7o com capacidade para 150 pessoas<\/p>\n<p><strong>JARDIM IMPERADOR E IV CENTENARIO<\/strong><\/p>\n<p><span style=\"color: #ff6600;\">DIA: 25 DE MAIO \u2013 SEXTA-FEIRA -19H<\/span><\/p>\n<p><span style=\"color: #ff6600;\">LOCAL: SOCIEDADE AMIGOS DE BAIRRO JARDIM IMPERADOR E IV CENTEN\u00c1RIO<\/span><\/p>\n<p>ENDERE\u00c7O: Rua Sargento Noel de Camargo, 588 \u2013 Jd. IV Centen\u00e1rio<\/p>\n<p>PONTO DE REFER\u00caNCIA: em frente \u00e0 Escola Pilar Garcia Vidal<\/p>\n<p>RETIRADA DE CONVITES: Com professor Matias<\/p>\n<p>INFORMA\u00c7\u00d5ES: 9730-8481 ou <a href=\"mailto:profmariasvieira@gmail.com\">profmariasvieira@gmail.com<\/a><\/p>\n<p>Espa\u00e7o com capacidade para 150 pessoas<\/p>\n<p><strong>JA\u00c7AN\u00c3<\/strong><\/p>\n<p><span style=\"color: #ff6600;\">DIA: 26 DE MAIO \u2013 S\u00c1BADO \u2013 19H<\/span><\/p>\n<p><span style=\"color: #ff6600;\">LOCAL: COMUNIDADE NOSSA SENHORA DA SALETTE<\/span><\/p>\n<p>ENDERE\u00c7O: Rua Igarat\u00e9 Progresso, 12\u00aa, Bairro Filhos da Terra &#8211; Ja\u00e7an\u00e3 (zona norte)<\/p>\n<p>PONTO DE REFER\u00caNCIA: CEU Ja\u00e7an\u00e3<\/p>\n<p>RETIRADA DE CONVITES: no local, falar com Maria<\/p>\n<p>INFORMA\u00c7\u00d5ES: 9737 8048, falar com Maria<\/p>\n<p><strong>VILA LEOPOLDINA<\/strong><\/p>\n<p><span style=\"color: #ff6600;\">DIA 2 DE JUNHO \u2013 S\u00c1BADO \u2013 19H<\/span><\/p>\n<p><span style=\"color: #ff6600;\">LOCAL: PROJETO ILHA SOCIAL DE VERA CRUZ (Quadra Poliesportiva)<\/span><\/p>\n<p>ENDERE\u00c7O: Rua Baumann, 73 &#8211; Vila Leopoldina (zona oeste)<\/p>\n<p>PONTO DE REFER\u00caNCIA: Em frente aos Correios<\/p>\n<p>RETIRADA DE CONVITES: Projeto Social de Educa\u00e7\u00e3o Ilha de Vera Cruz (Com Sheila ou Jussara, Fone: (11) 3838-5993 &#8211; 14h \u00e0s 22h de segunda a sexta-feira)<\/p>\n<p>Espa\u00e7o com capacidade para 300 pessoas<\/p>\n<p><strong>VILA RICA<\/strong><\/p>\n<p><span style=\"color: #ff6600;\">DIA: 15 DE JUNHO \u2013 SEXTA-FEIRA \u201319H<\/span><\/p>\n<p><span style=\"color: #ff6600;\">LOCAL: ASSOCIA\u00c7\u00c3O DO MORADORES DA VILA RICA<\/span><\/p>\n<p>ENDERE\u00c7O: Rua Jo\u00e3o Batista de Lima, 47, Vila Rica (Zona Leste)<\/p>\n<p>PONTO DE REFER\u00caNCIA: Pr\u00f3ximo EMEF. Roquete Pinto<\/p>\n<p>RETIRADA DE CONVITES: No pr\u00f3prio local (9697 3086 ou 8495 6206 com Bia Moreno)<\/p>\n<p>Local com capacidade para 200 pessoas<\/p>\n<p><strong>ITAIM PAULISTA<\/strong><\/p>\n<p><span style=\"color: #ff6600;\">DIA: 16 DE JUNHO \u2013 S\u00c1BADO \u2013 19H<\/span><\/p>\n<p><span style=\"color: #ff6600;\">LOCAL: ESCOLA ESTADUAL PROF\u00b0 PEDRO BRASIL BANDECCHI<\/span><\/p>\n<p>ENDERE\u00c7O: Rua Jos\u00e9 Alves Coelho, 140, Jardim N\u00e9lia<\/p>\n<p>PONTO DE REFER\u00caNCIA: AMA Jardim N\u00e9lia<\/p>\n<p>INFORMA\u00c7\u00d5ES: 2569 9969 ou 5458 7353 com Wolverine ou Prof.Maristela<\/p>\n<p>Espa\u00e7o com capacidade para 200 pessoas<\/p>\n<p>RETIRADA DE CONVITES: A) Wolverine\/Prof.Maristela<\/p>\n<p>&#8211; PROJETO WOLVERINE &#8211; S\u00e1bados e domingos, de 15 \u00e0s 18h;<\/p>\n<p>B) AMZOL &#8211; Associa\u00e7\u00e3o de Mulheres da Zona Leste: falar com Zez\u00e9 (Rua Lago Mandior\u00e9, 37) &#8211; 3\u00aas feiras de 12 \u00e0s 18h ou 2\u00aa a 5\u00aa feiras &#8211; de 19 \u00e0s 22h;<\/p>\n<p>C) Bazar THIGUS &#8211; falar com Cristina &#8211; 2\u00aa a s\u00e1bado de 10 \u00e0s 19h (Av. Itaju\u00edbe, 1611);<\/p>\n<p>D) CIC &#8211; Centro de Integra\u00e7\u00e3o e Cidadania &#8211; falar com Jandayra ou Joseane &#8211; 2\u00aa a 6\u00aa de 9 \u00e0s 17h (Rua Padre Virgilio Campelo, 150 &#8211; fone: 2562-2440)<\/p>\n<p><strong>VILA IPOJUCA<\/strong><\/p>\n<p><span style=\"color: #ff6600;\">DIA 23 DE JUNHO \u2013 S\u00c1BADO -19H<\/span><\/p>\n<p><span style=\"color: #ff6600;\">LOCAL: ASSOCIA\u00c7\u00c3O P.E.PA (PROJETO ESPECIAL PARA ADOLESCENTES E ADULTOS)<\/span><\/p>\n<p>ENDERE\u00c7O: Rua Ponta Por\u00e3, 837, Vila Ipojuca, SP<\/p>\n<p>RETIRADA DE CONVITES: No pr\u00f3prio Local, na secretaria<\/p>\n<p>INFORMA\u00c7\u00d5ES: 3834 9612<\/p>\n<p>Espa\u00e7o com capacidade para 120 pessoas<\/p>\n<p><strong>HELI\u00d3POLIS<\/strong><\/p>\n<p><span style=\"color: #ff6600;\">DIA: 30 DE JUNHO &#8211; S\u00c1BADO &#8211; 19H<\/span><\/p>\n<p><span style=\"color: #ff6600;\">LOCAL: ASSOCIA\u00c7\u00c3O PAQUIST\u00c3O SOCIAL &#8211; A\u00c7\u00c3O COMUNIT\u00c1RIA NOVA HELI\u00d3POLIS<\/span><\/p>\n<p>ENDERE\u00c7O: Rua Almirante Nunes<\/p>\n<p>RETIRADA DE CONVITES: A\u00e7\u00e3o Comunit\u00e1ria Nova Heli\u00f3polis (Rua Coronel Silva Castro, 334)<\/p>\n<p>INFORMA\u00c7\u00d5ES: 2272 3437<\/p>\n<p>Local com capacidade para 200 pessoas<\/p>\n<h2><span style=\"color: #008000;\">PRA QUEM N\u00c3O CONHECE&#8230;<\/span><\/h2>\n<p>O<strong> CINEB <\/strong>\u00e9 um\u00a0<span style=\"color: #ff6600;\"><strong>circuito alternativo de exibi\u00e7\u00e3o gratuita de filmes brasileiros em espa\u00e7os comunit\u00e1rios e universit\u00e1rios de S\u00e3o Paulo e regi\u00e3o<\/strong><\/span>. A estrutura itinerante \u00e9 composta por\u00a0tel\u00e3o, projetor, caixas de som, banners, pesquisas de opini\u00e3o e sorteio de camisetas do projeto. <span style=\"color: #ff6600;\"><strong>At\u00e9 um pipoqueiro acompanha as exibi\u00e7\u00f5es servindo o cl\u00e1ssico aperitivo.<\/strong><\/span> Tudo para aproximar os brasileiros dos filmes produzidos no pa\u00eds.<\/p>\n<figure id=\"attachment_3262\" aria-describedby=\"caption-attachment-3262\" style=\"width: 432px\" class=\"wp-caption aligncenter\"><a href=\"http:\/\/projetocineb.com.br\/wp-content\/uploads\/2012\/05\/MAU_7593_web.jpg\"><img fetchpriority=\"high\" decoding=\"async\" class=\"size-full wp-image-3262  \" title=\"As crian\u00e7as sempre hipnotizadas com a pipoca quentinha rss\" src=\"http:\/\/projetocineb.com.br\/wp-content\/uploads\/2012\/05\/MAU_7593_web.jpg\" alt=\"As crian\u00e7as sempre hipnotizadas com a pipoca quentinha rss\" width=\"432\" height=\"287\" \/><\/a><figcaption id=\"caption-attachment-3262\" class=\"wp-caption-text\">As crian\u00e7as sempre hipnotizadas com a pipoca quentinha rss Foto: Mauricio Moraes<\/figcaption><\/figure>\n<p>O projeto \u00e9 realizado pelo Sindicato dos Banc\u00e1rios de S\u00e3o Paulo, Osasco e Regi\u00e3o e pela Brazucah Produ\u00e7\u00f5es. Desde 2007, o CineB tem um p\u00fablico acumulado que ultrapassa <span style=\"color: #ff6600;\"><strong>27 mil espectadores em mais de 210 exibi\u00e7\u00f5es<\/strong><\/span>. Esta \u00e9 uma a\u00e7\u00e3o que busca <span style=\"color: #ff6600;\"><strong>democratizar o acesso ao cinema nacional e divulgar os filmes produzidos no Brasil<\/strong><\/span>.<\/p>\n<p>Ap\u00f3s as sess\u00f5es do projeto \u00e9 vendido um DVD com os 5 curtas metragens mais votados pelo p\u00fablico do projeto, nos 4 anos de exibi\u00e7\u00e3o. A sele\u00e7\u00e3o faz parte do primeiro <span style=\"color: #ff6600;\"><strong>Selo CineB do Cinema Brasileiro, uma colet\u00e2nea de DVDs com curtas-metragens brasileiros<\/strong><\/span>. A ideia \u00e9 popularizar este formato de filme.<\/p>\n<p>\u201cSe o longa brasileiro n\u00e3o tem espa\u00e7o nos cinemas, imagine os curtas\u201d, ressalta a presidenta do Sindicato dos Banc\u00e1rios de S\u00e3o Paulo, Osasco e Regi\u00e3o, Juvandia Moreira.<\/p>\n<p>O Selo \u00e9 subsidiado pelo pr\u00f3prio Sindicato. Toda verba arrecadada vai para os diretores dos curtas. O primeiro DVD do Selo, \u00e9 vendido ap\u00f3s as sess\u00f5es, por R$5.<\/p>\n<figure id=\"attachment_3261\" aria-describedby=\"caption-attachment-3261\" style=\"width: 432px\" class=\"wp-caption aligncenter\"><a href=\"http:\/\/projetocineb.com.br\/wp-content\/uploads\/2012\/05\/vila-leopoldina-1_web.jpg\"><img decoding=\"async\" class=\"size-full wp-image-3261  \" title=\"Exibi\u00e7\u00e3o do CINEB realizada em Vila Leopoldina, zona oeste de SP\" src=\"http:\/\/projetocineb.com.br\/wp-content\/uploads\/2012\/05\/vila-leopoldina-1_web.jpg\" alt=\"Exibi\u00e7\u00e3o do CINEB realizada em Vila Leopoldina, zona oeste de SP\" width=\"432\" height=\"287\" \/><\/a><figcaption id=\"caption-attachment-3261\" class=\"wp-caption-text\">Exibi\u00e7\u00e3o do CINEB realizada em Vila Leopoldina, zona oeste de SP. Foto de Jailton Garcia<\/figcaption><\/figure>\n","protected":false},"excerpt":{"rendered":"<p>Lula \u2013 o filho do Brasil, de Fabio Barreto, \u00e9 o filme em cartaz.\u00a0Pela 4\u00aa vez exibiremos filmes brasileiros, gratuitamente,[&#8230;]<\/p>\n","protected":false},"author":2,"featured_media":0,"comment_status":"open","ping_status":"open","sticky":false,"template":"","format":"standard","meta":[],"categories":[7],"tags":[152,154,242,263,266,760,763,864,1095,1132],"_links":{"self":[{"href":"https:\/\/projetocineb.com.br\/index.php?rest_route=\/wp\/v2\/posts\/3257"}],"collection":[{"href":"https:\/\/projetocineb.com.br\/index.php?rest_route=\/wp\/v2\/posts"}],"about":[{"href":"https:\/\/projetocineb.com.br\/index.php?rest_route=\/wp\/v2\/types\/post"}],"author":[{"embeddable":true,"href":"https:\/\/projetocineb.com.br\/index.php?rest_route=\/wp\/v2\/users\/2"}],"replies":[{"embeddable":true,"href":"https:\/\/projetocineb.com.br\/index.php?rest_route=%2Fwp%2Fv2%2Fcomments&post=3257"}],"version-history":[{"count":0,"href":"https:\/\/projetocineb.com.br\/index.php?rest_route=\/wp\/v2\/posts\/3257\/revisions"}],"wp:attachment":[{"href":"https:\/\/projetocineb.com.br\/index.php?rest_route=%2Fwp%2Fv2%2Fmedia&parent=3257"}],"wp:term":[{"taxonomy":"category","embeddable":true,"href":"https:\/\/projetocineb.com.br\/index.php?rest_route=%2Fwp%2Fv2%2Fcategories&post=3257"},{"taxonomy":"post_tag","embeddable":true,"href":"https:\/\/projetocineb.com.br\/index.php?rest_route=%2Fwp%2Fv2%2Ftags&post=3257"}],"curies":[{"name":"wp","href":"https:\/\/api.w.org\/{rel}","templated":true}]}}