{"id":3265,"date":"2012-05-21T12:29:24","date_gmt":"2012-05-21T15:29:24","guid":{"rendered":"http:\/\/projetocineb.com.br\/?p=3265"},"modified":"2012-05-21T12:29:24","modified_gmt":"2012-05-21T15:29:24","slug":"cineb-em-itapecerica-e-10","status":"publish","type":"post","link":"https:\/\/projetocineb.com.br\/?p=3265","title":{"rendered":"CINEB EM ITAPECERICA \u00c9 10!"},"content":{"rendered":"<p>Cravamos nossa <span style=\"color: #ff6600;\"><strong>d\u00e9cima exibi\u00e7\u00e3o na cidade de Itapecerica da Serra!<\/strong><\/span> Dessa vez os itapecericanos conferiram com a gente o filme <em>Lula &#8211; O filho do Brasil<\/em>, de Fabio Barreto. A sess\u00e3o aconteceu no sal\u00e3o de festas da Igreja Maria M\u00e3e dos Caminhantes.<\/p>\n<figure id=\"attachment_3274\" aria-describedby=\"caption-attachment-3274\" style=\"width: 432px\" class=\"wp-caption aligncenter\"><a href=\"http:\/\/projetocineb.com.br\/wp-content\/uploads\/2012\/05\/DSC_1496_01web.jpg\"><img fetchpriority=\"high\" decoding=\"async\" class=\"size-full wp-image-3274  \" title=\"D\u00e9cimo CINEB em Itapecerica da Serra!\" src=\"http:\/\/projetocineb.com.br\/wp-content\/uploads\/2012\/05\/DSC_1496_01web.jpg\" alt=\"D\u00e9cimo CINEB em Itapecerica da Serra!\" width=\"432\" height=\"286\" \/><\/a><figcaption id=\"caption-attachment-3274\" class=\"wp-caption-text\">D\u00e9cimo CINEB em Itapecerica da Serra!<\/figcaption><\/figure>\n<p><a href=\"http:\/\/projetocineb.com.br\/?p=2927\" target=\"_blank\">Clique para conferir como foi nossa \u00faltima exibi\u00e7\u00e3o na cidade!<\/a><\/p>\n<p>Itapecerica ainda n\u00e3o tem um cinema. O vereador do PT, Z\u00e9 Maria, comentou que nos anos 70, havia um cinema no munic\u00edpio. Mas o estabelecimento faliu alguns anos atr\u00e1s e at\u00e9 hoje n\u00e3o foi aberto outro.<\/p>\n<figure id=\"attachment_3272\" aria-describedby=\"caption-attachment-3272\" style=\"width: 432px\" class=\"wp-caption aligncenter\"><a href=\"http:\/\/projetocineb.com.br\/wp-content\/uploads\/2012\/05\/DSC_1472_01web.jpg\"><img decoding=\"async\" class=\"size-full wp-image-3272  \" title=\"\u201cPor isso, quando a c\u00e2mara mudou de sede, criamos no lugar um espa\u00e7o da cultura, com audit\u00f3rio e memorial\u201d, explica Z\u00e9 Maria. \u201cCursos e eventos culturais s\u00e3o realizados por l\u00e1. Uma forma de amenizar a car\u00eancia de cultura na cidade.\" src=\"http:\/\/projetocineb.com.br\/wp-content\/uploads\/2012\/05\/DSC_1472_01web.jpg\" alt=\"\u201cPor isso, quando a c\u00e2mara mudou de sede, criamos no lugar um espa\u00e7o da cultura, com audit\u00f3rio e memorial\u201d, explica Z\u00e9 Maria. \u201cCursos e eventos culturais s\u00e3o realizados por l\u00e1. Uma forma de amenizar a car\u00eancia de cultura na cidade.\" width=\"432\" height=\"357\" \/><\/a><figcaption id=\"caption-attachment-3272\" class=\"wp-caption-text\">\u201cPor isso, quando a c\u00e2mara mudou de sede, criamos no lugar um espa\u00e7o da cultura, com audit\u00f3rio e memorial\u201d, explica Z\u00e9 Maria. \u201cCursos e eventos culturais s\u00e3o realizados por l\u00e1. Uma forma de amenizar a car\u00eancia de cultura na cidade.<\/figcaption><\/figure>\n<p><span style=\"color: #ff6600;\"><strong>\u201cPara nossa realidade, o CineB \u00e9 espetacular, porque as pessoas aqui n\u00e3o tem oportunidade de comer uma pipoca assistindo um filme no cinema\u201d, diz o coordenador paroquial C\u00edcero Aparecido Melo<\/strong><\/span>. \u201cO cinema \u00e9 algo bom, une as pessoas, gera o di\u00e1logo com os amigos, com os vizinhos\u201d, comenta C\u00edcero.<\/p>\n<figure id=\"attachment_3273\" aria-describedby=\"caption-attachment-3273\" style=\"width: 432px\" class=\"wp-caption aligncenter\"><a href=\"http:\/\/projetocineb.com.br\/wp-content\/uploads\/2012\/05\/DSC_1494_01web.jpg\"><img decoding=\"async\" class=\"size-full wp-image-3273  \" title=\"Na abertura da exibi\u00e7\u00e3o, do microfone, o coordenador da par\u00f3quia, C\u00edcero Aparecido Melo, o coordenador do CINEB, Cid\u00e1lio Vieira Santos, o integrante da pastoral F\u00e9 e Pol\u00edtica, Gilberto Morais, Padre Odair Eust\u00e1quio da Par\u00f3quia Maria M\u00e3e dos Caminhantes e o vereador do PT, Z\u00e9 Maria\" src=\"http:\/\/projetocineb.com.br\/wp-content\/uploads\/2012\/05\/DSC_1494_01web.jpg\" alt=\"Na abertura da exibi\u00e7\u00e3o, do microfone, o coordenador da par\u00f3quia, C\u00edcero Aparecido Melo, o coordenador do CINEB, Cid\u00e1lio Vieira Santos, o integrante da pastoral F\u00e9 e Pol\u00edtica, Gilberto Morais, Padre Odair Eust\u00e1quio da Par\u00f3quia Maria M\u00e3e dos Caminhantes e o vereador do PT, Z\u00e9 Maria\" width=\"432\" height=\"286\" \/><\/a><figcaption id=\"caption-attachment-3273\" class=\"wp-caption-text\">Na abertura da exibi\u00e7\u00e3o, ao microfone, o coordenador da par\u00f3quia, C\u00edcero Aparecido Melo, o coordenador do CINEB, Cid\u00e1lio Vieira Santos, o integrante da pastoral F\u00e9 e Pol\u00edtica, Gilberto Morais, Padre Odair Eust\u00e1quio da Par\u00f3quia Maria M\u00e3e dos Caminhantes e o vereador do PT, Z\u00e9 Maria<\/figcaption><\/figure>\n<figure id=\"attachment_3269\" aria-describedby=\"caption-attachment-3269\" style=\"width: 432px\" class=\"wp-caption aligncenter\"><a href=\"http:\/\/projetocineb.com.br\/wp-content\/uploads\/2012\/05\/DSC_1534_01web.jpg\"><img loading=\"lazy\" decoding=\"async\" class=\"size-full wp-image-3269  \" title=\"No final da sess\u00e3o, todos os espectadores se juntaram para acompanhar o sorteio de camisetas do CINEB e livros do Corpo Humano\" src=\"http:\/\/projetocineb.com.br\/wp-content\/uploads\/2012\/05\/DSC_1534_01web.jpg\" alt=\"No final da sess\u00e3o, todos os espectadores se juntaram para acompanhar o sorteio de camisetas do CINEB e livros do Corpo Humano\" width=\"432\" height=\"296\" \/><\/a><figcaption id=\"caption-attachment-3269\" class=\"wp-caption-text\">No final da sess\u00e3o, todos os espectadores se juntaram para acompanhar o sorteio de camisetas do CINEB e livros do Corpo Humano<\/figcaption><\/figure>\n<p><span style=\"color: #ff6600;\"><strong>Em Itapecerica da Serra a garotada arma uma caravana para ir ao cinema. \u201cJuntamos as pessoas e vamos at\u00e9 a (avenida) Paulista\u201d, conta o integrante do Gr\u00eamio Estudantil da EE Asa Branca da Serra, Wesley Paulow.<\/strong><\/span> \u201cNossa cidade \u00e9 muito morta em cultura e gostei muito do CineB que ele n\u00e3o \u00e9 do governo, \u00e9 independente, quer divulgar o cinema nacional\u201d.<\/p>\n<figure id=\"attachment_3271\" aria-describedby=\"caption-attachment-3271\" style=\"width: 432px\" class=\"wp-caption aligncenter\"><a href=\"http:\/\/projetocineb.com.br\/wp-content\/uploads\/2012\/05\/DSC_1464_01web.jpg\"><img loading=\"lazy\" decoding=\"async\" class=\"size-full wp-image-3271  \" title=\"Estudantes de Itapecerica da Serra no CINEB: Paula Lopes, Thais Alves dos Santos, Deize Reis e Wesley Paulow\" src=\"http:\/\/projetocineb.com.br\/wp-content\/uploads\/2012\/05\/DSC_1464_01web.jpg\" alt=\"Estudantes de Itapecerica da Serra no CINEB: Paula Lopes, Thais Alves dos Santos, Deize Reis e Wesley Paulow\" width=\"432\" height=\"286\" \/><\/a><figcaption id=\"caption-attachment-3271\" class=\"wp-caption-text\">Estudantes de Itapecerica da Serra no CINEB: Paula Lopes, Thais Alves dos Santos, Deize Reis e Wesley Paulow<\/figcaption><\/figure>\n<p>Logo a gente volta pra exibir mais em Itapecerica, mas seria bom se j\u00e1 tivesse um cinema na cidade. Cultura \u00e9 fundamental. Assistir nosso cinema ajuda a refletir sobre n\u00f3s mesmos.\u00a0 <span style=\"color: #ff6600;\"><strong><em>Lula &#8211; O filho do Brasil<\/em>, retrata a hist\u00f3ria de um homem comum, que conquistou seus objetivos com muita garra e determina\u00e7\u00e3o.<\/strong><\/span> Um bom exemplo para mostrar, principalmente aos jovens, que n\u00e3o importa a condi\u00e7\u00e3o social, todos podem lutar por um Brasil melhor!<\/p>\n<p>\u201cEu n\u00e3o sabia que ele passou por tudo isso; o que mais me tocou foi a f\u00e9 que a m\u00e3e dele tinha\u201d, comenta Adriana da Silva sobre o filme. Para sua amiga e vizinha, Maria Aniceto, a sess\u00e3o serviu para conhecer mais sobre o Lula.<\/p>\n<figure id=\"attachment_3266\" aria-describedby=\"caption-attachment-3266\" style=\"width: 432px\" class=\"wp-caption aligncenter\"><a href=\"http:\/\/projetocineb.com.br\/wp-content\/uploads\/2012\/05\/DSC_1522_01web.jpg\"><img loading=\"lazy\" decoding=\"async\" class=\"size-full wp-image-3266  \" title=\"As amigas e vizinhas de Itapecerica: Arilma Coelho, Marcia Maria Aniceto e Juliana Zigartti\" src=\"http:\/\/projetocineb.com.br\/wp-content\/uploads\/2012\/05\/DSC_1522_01web.jpg\" alt=\"As amigas e vizinhas de Itapecerica: Arilma Coelho, Marcia Maria Aniceto e Juliana Zigartti\" width=\"432\" height=\"286\" \/><\/a><figcaption id=\"caption-attachment-3266\" class=\"wp-caption-text\">As amigas e vizinhas de Itapecerica: Arilma Coelho, Marcia Maria Aniceto e Juliana Zigartti<\/figcaption><\/figure>\n<p><span style=\"color: #ff6600;\"><strong> \u201cA persist\u00eancia dele \u00e9 incr\u00edvel\u201d, diz Marcia Maria Aniceto.<\/strong><\/span> \u201cSeus ideais eram diferentes, acho que por isso demorou para conseguir se eleger presidente; acho que \u00e9 como a m\u00e3e dele dizia, tudo tem sua hora certa para acontecer\u201d.<\/p>\n<figure id=\"attachment_3268\" aria-describedby=\"caption-attachment-3268\" style=\"width: 432px\" class=\"wp-caption aligncenter\"><a href=\"http:\/\/projetocineb.com.br\/wp-content\/uploads\/2012\/05\/DSC_1532_01web.jpg\"><img loading=\"lazy\" decoding=\"async\" class=\"size-full wp-image-3268  \" title=\"CINEB: Nem parece que desde 2007 j\u00e1 foram mais de 205 exibi\u00e7\u00f5es no total.\" src=\"http:\/\/projetocineb.com.br\/wp-content\/uploads\/2012\/05\/DSC_1532_01web.jpg\" alt=\"CINEB: Nem parece que desde 2007 j\u00e1 foram mais de 205 exibi\u00e7\u00f5es no total.\" width=\"432\" height=\"286\" \/><\/a><figcaption id=\"caption-attachment-3268\" class=\"wp-caption-text\">CINEB: Nem parece que desde 2007 j\u00e1 foram mais de 205 exibi\u00e7\u00f5es no total.<\/figcaption><\/figure>\n<figure id=\"attachment_3270\" aria-describedby=\"caption-attachment-3270\" style=\"width: 432px\" class=\"wp-caption aligncenter\"><a href=\"http:\/\/projetocineb.com.br\/wp-content\/uploads\/2012\/05\/DSC_1540_01web.jpg\"><img loading=\"lazy\" decoding=\"async\" class=\"size-full wp-image-3270  \" title=\"Os sortudo deste CINEB em Itapecerica da Serra, que levaram pra casa camisetas do projeto e livros da exposi\u00e7\u00e3o Corpo Humano\" src=\"http:\/\/projetocineb.com.br\/wp-content\/uploads\/2012\/05\/DSC_1540_01web.jpg\" alt=\"Os sortudo deste CINEB em Itapecerica da Serra, que levaram pra casa camisetas do projeto e livros da exposi\u00e7\u00e3o Corpo Humano\" width=\"432\" height=\"286\" \/><\/a><figcaption id=\"caption-attachment-3270\" class=\"wp-caption-text\">Os sortudo deste CINEB em Itapecerica da Serra, que levaram pra casa camisetas do projeto e livros da exposi\u00e7\u00e3o Corpo Humano<\/figcaption><\/figure>\n","protected":false},"excerpt":{"rendered":"<p>Cravamos nossa d\u00e9cima exibi\u00e7\u00e3o na cidade de Itapecerica da Serra! Dessa vez os itapecericanos conferiram com a gente o filme[&#8230;]<\/p>\n","protected":false},"author":2,"featured_media":0,"comment_status":"open","ping_status":"open","sticky":false,"template":"","format":"standard","meta":[],"categories":[2],"tags":[152,154,242,263,266,470,653,764,1132],"_links":{"self":[{"href":"https:\/\/projetocineb.com.br\/index.php?rest_route=\/wp\/v2\/posts\/3265"}],"collection":[{"href":"https:\/\/projetocineb.com.br\/index.php?rest_route=\/wp\/v2\/posts"}],"about":[{"href":"https:\/\/projetocineb.com.br\/index.php?rest_route=\/wp\/v2\/types\/post"}],"author":[{"embeddable":true,"href":"https:\/\/projetocineb.com.br\/index.php?rest_route=\/wp\/v2\/users\/2"}],"replies":[{"embeddable":true,"href":"https:\/\/projetocineb.com.br\/index.php?rest_route=%2Fwp%2Fv2%2Fcomments&post=3265"}],"version-history":[{"count":0,"href":"https:\/\/projetocineb.com.br\/index.php?rest_route=\/wp\/v2\/posts\/3265\/revisions"}],"wp:attachment":[{"href":"https:\/\/projetocineb.com.br\/index.php?rest_route=%2Fwp%2Fv2%2Fmedia&parent=3265"}],"wp:term":[{"taxonomy":"category","embeddable":true,"href":"https:\/\/projetocineb.com.br\/index.php?rest_route=%2Fwp%2Fv2%2Fcategories&post=3265"},{"taxonomy":"post_tag","embeddable":true,"href":"https:\/\/projetocineb.com.br\/index.php?rest_route=%2Fwp%2Fv2%2Ftags&post=3265"}],"curies":[{"name":"wp","href":"https:\/\/api.w.org\/{rel}","templated":true}]}}