{"id":3281,"date":"2012-05-23T11:22:47","date_gmt":"2012-05-23T14:22:47","guid":{"rendered":"http:\/\/projetocineb.com.br\/?p=3281"},"modified":"2012-05-23T11:22:47","modified_gmt":"2012-05-23T14:22:47","slug":"cineb-na-25%c2%aa-feira-de-artes-da-vila-pompeia","status":"publish","type":"post","link":"https:\/\/projetocineb.com.br\/?p=3281","title":{"rendered":"CINEB NA 25\u00aa FEIRA DE ARTES DA VILA POMP\u00c9IA"},"content":{"rendered":"<p>No espa\u00e7o dedicado \u00e0s entidades sociais, o <span style=\"color: #ff6600;\"><strong>CINEB participou da Feira da Pomp\u00e9ia,\u00a0divulgando\u00a0suas\u00a0a\u00e7\u00f5es para pessoas de diversas regi\u00f5es de S\u00e3o Paulo<\/strong><\/span>. Muitos at\u00e9 demonstraram interesse em participar das exibi\u00e7\u00f5es e indicaram lugares\u00a0para levar\u00a0o cinema itinerante.<\/p>\n<figure id=\"attachment_3282\" aria-describedby=\"caption-attachment-3282\" style=\"width: 414px\" class=\"wp-caption aligncenter\"><a href=\"http:\/\/projetocineb.com.br\/wp-content\/uploads\/2012\/05\/CINEB-ARTEX.jpg\"><img fetchpriority=\"high\" decoding=\"async\" class=\"size-full wp-image-3282   \" title=\"O grupo A.R.T.E.X.\" src=\"http:\/\/projetocineb.com.br\/wp-content\/uploads\/2012\/05\/CINEB-ARTEX.jpg\" alt=\"O grupo A.R.T.E.X.\" width=\"414\" height=\"277\" \/><\/a><figcaption id=\"caption-attachment-3282\" class=\"wp-caption-text\">O grupo A.R.T.E.X., a professora aposentada de Coreografia do Theatro Municipal de S\u00e3o Paulo, Manuela Leite, a Diretora da Funda\u00e7\u00e3o Perseu Abramo, Selma Rocha e o coordenador do CINEB, Cid\u00e1lio Vieira Santos<\/figcaption><\/figure>\n<p>Na barraca do CINEB rolou uma <span style=\"color: #ff6600;\"><strong>exposi\u00e7\u00e3o de cartazes dos filmes exibidos e fotos das mais de 205 sess\u00f5es realizadas desde 2007<\/strong><\/span><span style=\"color: #ff6600;\"><strong>. Tamb\u00e9m foram distribu\u00eddos convites para outras sess\u00f5es que j\u00e1 est\u00e3o em nossa programa\u00e7\u00e3o de maio e junho!<\/strong><\/span><\/p>\n<p>A cereja do bolo nesta festa foi a <span style=\"color: #ff6600;\"><strong>presen\u00e7a do Gupo A.R.T.E.X (Arte e Express\u00e3o) de Hip Hop, do bairro do Jaguar\u00e9<\/strong><\/span>. Eles se apresentaram\u00a0no palco\u00a0vestidos\u00a0com a camiseta do CINEB. Foi um sucesso! Depois da apresenta\u00e7\u00e3o, o grupo\u00a0passou pela nossa barraca e <span style=\"color: #ff6600;\"><strong>se encontraram com a professora aposentada de Coreografia do Theatro Municipal de S\u00e3o Paulo, Manuela Leite e a Diretora da Funda\u00e7\u00e3o Perseu Abramo, Selma Rocha<\/strong><\/span>. Foi o momentos para todos aproveitarem e trocarem \u201cfigurinhas\u201d. Uma sinergia pra l\u00e1 de especial!<\/p>\n","protected":false},"excerpt":{"rendered":"<p>No espa\u00e7o dedicado \u00e0s entidades sociais, o CINEB participou da Feira da Pomp\u00e9ia,\u00a0divulgando\u00a0suas\u00a0a\u00e7\u00f5es para pessoas de diversas regi\u00f5es de S\u00e3o[&#8230;]<\/p>\n","protected":false},"author":2,"featured_media":0,"comment_status":"open","ping_status":"open","sticky":false,"template":"","format":"standard","meta":[],"categories":[2],"tags":[16,37,154,242,263,266,334,563,779,1132,1250],"_links":{"self":[{"href":"https:\/\/projetocineb.com.br\/index.php?rest_route=\/wp\/v2\/posts\/3281"}],"collection":[{"href":"https:\/\/projetocineb.com.br\/index.php?rest_route=\/wp\/v2\/posts"}],"about":[{"href":"https:\/\/projetocineb.com.br\/index.php?rest_route=\/wp\/v2\/types\/post"}],"author":[{"embeddable":true,"href":"https:\/\/projetocineb.com.br\/index.php?rest_route=\/wp\/v2\/users\/2"}],"replies":[{"embeddable":true,"href":"https:\/\/projetocineb.com.br\/index.php?rest_route=%2Fwp%2Fv2%2Fcomments&post=3281"}],"version-history":[{"count":0,"href":"https:\/\/projetocineb.com.br\/index.php?rest_route=\/wp\/v2\/posts\/3281\/revisions"}],"wp:attachment":[{"href":"https:\/\/projetocineb.com.br\/index.php?rest_route=%2Fwp%2Fv2%2Fmedia&parent=3281"}],"wp:term":[{"taxonomy":"category","embeddable":true,"href":"https:\/\/projetocineb.com.br\/index.php?rest_route=%2Fwp%2Fv2%2Fcategories&post=3281"},{"taxonomy":"post_tag","embeddable":true,"href":"https:\/\/projetocineb.com.br\/index.php?rest_route=%2Fwp%2Fv2%2Ftags&post=3281"}],"curies":[{"name":"wp","href":"https:\/\/api.w.org\/{rel}","templated":true}]}}