{"id":3288,"date":"2012-05-25T11:41:40","date_gmt":"2012-05-25T14:41:40","guid":{"rendered":"http:\/\/projetocineb.com.br\/?p=3288"},"modified":"2012-05-25T11:41:40","modified_gmt":"2012-05-25T14:41:40","slug":"fim-de-semana-cineb","status":"publish","type":"post","link":"https:\/\/projetocineb.com.br\/?p=3288","title":{"rendered":"FIM DE SEMANA CINEB!"},"content":{"rendered":"<p>Que tal um cineminha de gra\u00e7a? <span style=\"color: #ff6600;\"><strong>Confira a programa\u00e7\u00e3o do CineB para esta sexta e s\u00e1bado!<\/strong><\/span><\/p>\n<p><span style=\"color: #ff6600;\"><strong>Hoje Jardim Imperador e IV Centen\u00e1rio, na zona leste de S\u00e3o Paulo. No s\u00e1bado no Ja\u00e7an\u00e3, zona norte.<\/strong><\/span> Confira com a gente o filme em cartaz, <em>Lula &#8211; O filho do Brasil<\/em>!<\/p>\n<figure id=\"attachment_3289\" aria-describedby=\"caption-attachment-3289\" style=\"width: 413px\" class=\"wp-caption aligncenter\"><a href=\"http:\/\/projetocineb.com.br\/wp-content\/uploads\/2012\/05\/panfleto_CENTENARIO-1.jpg\"><img fetchpriority=\"high\" decoding=\"async\" class=\"size-full wp-image-3289  \" title=\"Convites\" src=\"http:\/\/projetocineb.com.br\/wp-content\/uploads\/2012\/05\/panfleto_CENTENARIO-1.jpg\" alt=\"Convites\" width=\"413\" height=\"278\" \/><\/a><figcaption id=\"caption-attachment-3289\" class=\"wp-caption-text\">Maiores informa\u00e7\u00f5es: 9730-8481 ou profmariasvieira@gmail.com<\/figcaption><\/figure>\n<figure id=\"attachment_3290\" aria-describedby=\"caption-attachment-3290\" style=\"width: 413px\" class=\"wp-caption aligncenter\"><a href=\"http:\/\/projetocineb.com.br\/wp-content\/uploads\/2012\/05\/panfleto_JACANA-1.jpg\"><img decoding=\"async\" class=\"size-full wp-image-3290  \" title=\"Retire seu convite\" src=\"http:\/\/projetocineb.com.br\/wp-content\/uploads\/2012\/05\/panfleto_JACANA-1.jpg\" alt=\"Retire seu convite\" width=\"413\" height=\"281\" \/><\/a><figcaption id=\"caption-attachment-3290\" class=\"wp-caption-text\">Maiores informa\u00e7\u00f5es: com Maria, 9737-8048<\/figcaption><\/figure>\n<p><a href=\"http:\/\/projetocineb.com.br\/?page_id=464\" target=\"_self\">Clique aqui para conferir a <strong>programa\u00e7\u00e3o completa<\/strong>!<\/a><\/p>\n","protected":false},"excerpt":{"rendered":"<p>Que tal um cineminha de gra\u00e7a? Confira a programa\u00e7\u00e3o do CineB para esta sexta e s\u00e1bado! Hoje Jardim Imperador e[&#8230;]<\/p>\n","protected":false},"author":2,"featured_media":0,"comment_status":"open","ping_status":"open","sticky":false,"template":"","format":"standard","meta":[],"categories":[7],"tags":[154,242,263,266,662,684,764,1132,1247,1249],"_links":{"self":[{"href":"https:\/\/projetocineb.com.br\/index.php?rest_route=\/wp\/v2\/posts\/3288"}],"collection":[{"href":"https:\/\/projetocineb.com.br\/index.php?rest_route=\/wp\/v2\/posts"}],"about":[{"href":"https:\/\/projetocineb.com.br\/index.php?rest_route=\/wp\/v2\/types\/post"}],"author":[{"embeddable":true,"href":"https:\/\/projetocineb.com.br\/index.php?rest_route=\/wp\/v2\/users\/2"}],"replies":[{"embeddable":true,"href":"https:\/\/projetocineb.com.br\/index.php?rest_route=%2Fwp%2Fv2%2Fcomments&post=3288"}],"version-history":[{"count":0,"href":"https:\/\/projetocineb.com.br\/index.php?rest_route=\/wp\/v2\/posts\/3288\/revisions"}],"wp:attachment":[{"href":"https:\/\/projetocineb.com.br\/index.php?rest_route=%2Fwp%2Fv2%2Fmedia&parent=3288"}],"wp:term":[{"taxonomy":"category","embeddable":true,"href":"https:\/\/projetocineb.com.br\/index.php?rest_route=%2Fwp%2Fv2%2Fcategories&post=3288"},{"taxonomy":"post_tag","embeddable":true,"href":"https:\/\/projetocineb.com.br\/index.php?rest_route=%2Fwp%2Fv2%2Ftags&post=3288"}],"curies":[{"name":"wp","href":"https:\/\/api.w.org\/{rel}","templated":true}]}}