{"id":3301,"date":"2012-05-26T11:49:09","date_gmt":"2012-05-26T14:49:09","guid":{"rendered":"http:\/\/projetocineb.com.br\/?p=3301"},"modified":"2012-05-26T11:49:09","modified_gmt":"2012-05-26T14:49:09","slug":"jardim-imperador-e-iv-centenario","status":"publish","type":"post","link":"https:\/\/projetocineb.com.br\/?p=3301","title":{"rendered":"JARDIM IMPERADOR E IV CENTEN\u00c1RIO"},"content":{"rendered":"<p>Veja como foi nossa exibi\u00e7\u00e3o no Jardim Imperador e IV Centen\u00e1rio! Foi a primeira vez que acontece uma exibi\u00e7\u00e3o de cinema no bairro. <span style=\"color: #ff6600;\"><strong>Diversos moradores marcaram presen\u00e7a, inclusive aqueles que nunca tinham ido ao cinema!<\/strong><\/span><\/p>\n<figure id=\"attachment_3310\" aria-describedby=\"caption-attachment-3310\" style=\"width: 432px\" class=\"wp-caption aligncenter\"><a href=\"http:\/\/projetocineb.com.br\/wp-content\/uploads\/2012\/05\/DSC_0085_01web.jpg\"><img fetchpriority=\"high\" decoding=\"async\" class=\"size-full wp-image-3310  \" title=\"CineB na Associa\u00e7\u00e3o Amigos do Bairro Jardim Imperador e VI Centen\u00e1rio.\" src=\"http:\/\/projetocineb.com.br\/wp-content\/uploads\/2012\/05\/DSC_0085_01web.jpg\" alt=\"CineB na Associa\u00e7\u00e3o Amigos do Bairro Jardim Imperador e VI Centen\u00e1rio.\" width=\"432\" height=\"275\" \/><\/a><figcaption id=\"caption-attachment-3310\" class=\"wp-caption-text\">CineB na Associa\u00e7\u00e3o Amigos do Bairro Jardim Imperador e VI Centen\u00e1rio.<\/figcaption><\/figure>\n<p><span style=\"color: #ff6600;\"><strong>A dona Maria do Carmo Gomes, moradora do Jardim Imperador, foi pela primeira vez ao cinema com o CineB.<\/strong><\/span> Ficou muito encantada com a hist\u00f3ria do filme <em>Lula \u2013 O filho do Brasil<\/em>, da Fabio Barreto. \u201cQueria um DVD para o pessoal l\u00e1 em casa ver como era a luta por nossos direitos naquela \u00e9poca\u201d, comenta sobre o filme.<\/p>\n<p>J\u00e1 Valdequis Marcos dos Santos conta que n\u00e3o foi ao cinema quando era garoto e depois n\u00e3o teve motivo ou oportunidade para ir.<\/p>\n<figure id=\"attachment_3307\" aria-describedby=\"caption-attachment-3307\" style=\"width: 432px\" class=\"wp-caption aligncenter\"><a href=\"http:\/\/projetocineb.com.br\/wp-content\/uploads\/2012\/05\/DSC_0129_01web.jpg\"><img decoding=\"async\" class=\"size-full wp-image-3307  \" title=\"\u201cEssa sess\u00e3o valeu muito pra mim, o filme, tudo muito bacana\u201d, diz Valdequis\" src=\"http:\/\/projetocineb.com.br\/wp-content\/uploads\/2012\/05\/DSC_0129_01web.jpg\" alt=\"\u201cEssa sess\u00e3o valeu muito pra mim, o filme, tudo muito bacana\u201d, diz Valdequis\" width=\"432\" height=\"360\" \/><\/a><figcaption id=\"caption-attachment-3307\" class=\"wp-caption-text\">\u201cEssa sess\u00e3o valeu muito pra mim, o filme, tudo muito bacana\u201d, diz Valdequis. Na foto ele est\u00e1 ao lado de dona Maria do Carmo e a filha, Maria Luiza Gomes.<\/figcaption><\/figure>\n<p>Uma <span style=\"color: #ff6600;\"><strong>regi\u00e3o com falta de espa\u00e7os culturais<\/strong><\/span>. O cinema mais pr\u00f3ximo fica no Shopping Aricanduva. Transporte + entrada do cinema, pode ser um pouco pesado no bolso. Por isso o CineB foi um convocado pelo Professor de Educa\u00e7\u00e3o F\u00edsica, Matias, da E. M. Arquiteto Vila Nova Artigas.<\/p>\n<p><span style=\"color: #ff6600;\"><strong>\u201cPoucos t\u00eam acesso, ou mesmo oportunidade para conhecer espa\u00e7os culturais como o cinema; a quest\u00e3o financeira acaba pesando na decis\u00e3o das pessoas de ir ao cinema\u201d, explica Matias.<\/strong><\/span><\/p>\n<figure id=\"attachment_3308\" aria-describedby=\"caption-attachment-3308\" style=\"width: 432px\" class=\"wp-caption aligncenter\"><a href=\"http:\/\/projetocineb.com.br\/wp-content\/uploads\/2012\/05\/DSC_0130_01web.jpg\"><img decoding=\"async\" class=\"size-full wp-image-3308  \" title=\"Foto de uma das pesquisas do CineB, respondida pelo p\u00fablico.\" src=\"http:\/\/projetocineb.com.br\/wp-content\/uploads\/2012\/05\/DSC_0130_01web.jpg\" alt=\"Foto de uma das pesquisas do CineB, respondida pelo p\u00fablico.\" width=\"432\" height=\"304\" \/><\/a><figcaption id=\"caption-attachment-3308\" class=\"wp-caption-text\">Foto de uma das pesquisas do CineB, respondida pelo p\u00fablico.<\/figcaption><\/figure>\n<figure id=\"attachment_3306\" aria-describedby=\"caption-attachment-3306\" style=\"width: 432px\" class=\"wp-caption aligncenter\"><a href=\"http:\/\/projetocineb.com.br\/wp-content\/uploads\/2012\/05\/DSC_0109_01web.jpg\"><img loading=\"lazy\" decoding=\"async\" class=\"size-full wp-image-3306  \" title=\"professor Matias\" src=\"http:\/\/projetocineb.com.br\/wp-content\/uploads\/2012\/05\/DSC_0109_01web.jpg\" alt=\"professor Matias\" width=\"432\" height=\"338\" \/><\/a><figcaption id=\"caption-attachment-3306\" class=\"wp-caption-text\">\u201cJ\u00e1 houve um Cineclube na regi\u00e3o h\u00e1 algum tempo, chamado Luzes da Periferia, mas n\u00e3o continuou\u201d, conta o professor Matias. Na foto, da Associa\u00e7\u00e3o Bia Moreno, de Vila Rica e, Cid\u00e1lio Vieira Santos, coordenador do CineB.<\/figcaption><\/figure>\n<p>Edson Luiz Torrisi conta que organizou o <span style=\"color: #ff6600;\"><strong>Cineclube de 1987 a 1992. \u201cTiveram exibi\u00e7\u00f5es com 300 pessoas<\/strong><\/span>, com filmes como<em> <a href=\"http:\/\/pt.wikipedia.org\/wiki\/Bye_Bye_Brazil\" target=\"_blank\">Bye Bye Brasil<\/a><\/em>, de Cac\u00e1 Diegues\u201d, conta Edson.<\/p>\n<figure id=\"attachment_3304\" aria-describedby=\"caption-attachment-3304\" style=\"width: 432px\" class=\"wp-caption aligncenter\"><a href=\"http:\/\/projetocineb.com.br\/wp-content\/uploads\/2012\/05\/DSC_0056_01web.jpg\"><img loading=\"lazy\" decoding=\"async\" class=\"size-full wp-image-3304  \" title=\"\u201cO que complicou continuar com nossas exibi\u00e7\u00f5es foi a falta de estrutura\u201d, diz Edson.\" src=\"http:\/\/projetocineb.com.br\/wp-content\/uploads\/2012\/05\/DSC_0056_01web.jpg\" alt=\"\u201cO que complicou continuar com nossas exibi\u00e7\u00f5es foi a falta de estrutura\u201d, diz Edson.\" width=\"432\" height=\"325\" \/><\/a><figcaption id=\"caption-attachment-3304\" class=\"wp-caption-text\">\u201cO que complicou continuar com nossas exibi\u00e7\u00f5es foi a falta de estrutura\u201d, conta Edson Torrisi, do antigo Cineclube Luzes da Periferia.<\/figcaption><\/figure>\n<p><span style=\"color: #ff6600;\"><strong>\u201cDistribu\u00edmos todos os panfletos que t\u00ednhamos, imprimi mais e sa\u00edmos para a rua; o povo n\u00e3o acreditava que era cinema de gra\u00e7a\u201d, conta a moradora Regina Tandello.<\/strong><\/span><\/p>\n<figure id=\"attachment_3302\" aria-describedby=\"caption-attachment-3302\" style=\"width: 422px\" class=\"wp-caption aligncenter\"><a href=\"http:\/\/projetocineb.com.br\/wp-content\/uploads\/2012\/05\/DSC_0134_01web.jpg\"><img loading=\"lazy\" decoding=\"async\" class=\"size-full wp-image-3302   \" title=\"A moradora de Jardim Imperador, Regina, com o coordenador do CineB, Cid\u00e1lio Vieira Santos\" src=\"http:\/\/projetocineb.com.br\/wp-content\/uploads\/2012\/05\/DSC_0134_01web.jpg\" alt=\"A moradora de Jardim Imperador, Regina, com o coordenador do CineB, Cid\u00e1lio Vieira Santos\" width=\"422\" height=\"348\" \/><\/a><figcaption id=\"caption-attachment-3302\" class=\"wp-caption-text\">A moradora de Jardim Imperador, Regina Tandello, com o coordenador do CineB, Cid\u00e1lio Vieira Santos<\/figcaption><\/figure>\n<figure id=\"attachment_3305\" aria-describedby=\"caption-attachment-3305\" style=\"width: 432px\" class=\"wp-caption aligncenter\"><a href=\"http:\/\/projetocineb.com.br\/wp-content\/uploads\/2012\/05\/DSC_0059_01web.jpg\"><img loading=\"lazy\" decoding=\"async\" class=\"size-full wp-image-3305  \" title=\"A aposentada do Sindicato dos qu\u00edmicos, Am\u00e9lia Pohlen,a agente de apoio do CEI (Centro de Educa\u00e7\u00e3o Infantil IV Centen\u00e1rio), Rosely Moreira dos Santos e as educadoras do CEI IV Centen\u00e1rio: a educadora infantil Marcia Lacerda de Andrade, Sonia Maria Maia Cruz, Lucimar Vanderlei Silva, Helena Gomes de Souza.\" src=\"http:\/\/projetocineb.com.br\/wp-content\/uploads\/2012\/05\/DSC_0059_01web.jpg\" alt=\"A aposentada do Sindicato dos qu\u00edmicos, Am\u00e9lia Pohlen,a agente de apoio do CEI (Centro de Educa\u00e7\u00e3o Infantil IV Centen\u00e1rio), Rosely Moreira dos Santos e as educadoras do CEI IV Centen\u00e1rio: a educadora infantil Marcia Lacerda de Andrade, Sonia Maria Maia Cruz, Lucimar Vanderlei Silva, Helena Gomes de Souza.\" width=\"432\" height=\"298\" \/><\/a><figcaption id=\"caption-attachment-3305\" class=\"wp-caption-text\">Prestigiaram a exibi\u00e7\u00e3o: aposentada do Sindicato dos qu\u00edmicos, Am\u00e9lia Pohlen, agente de apoio do CEI (Centro de Educa\u00e7\u00e3o Infantil IV Centen\u00e1rio), Rosely Moreira dos Santos e as educadoras do CEI IV Centen\u00e1rio - Marcia Lacerda de Andrade, Sonia Maria Maia Cruz, Lucimar Vanderlei Silva, Helena Gomes de Souza.<\/figcaption><\/figure>\n<figure id=\"attachment_3303\" aria-describedby=\"caption-attachment-3303\" style=\"width: 432px\" class=\"wp-caption aligncenter\"><a href=\"http:\/\/projetocineb.com.br\/wp-content\/uploads\/2012\/05\/DSC_0054_01web.jpg\"><img loading=\"lazy\" decoding=\"async\" class=\"size-full wp-image-3303  \" title=\"O morador Antonio Mendes Pereira ia ao cinema assistir aos filmes do Mazzaropi. O metal\u00fargico aposentado conta que assim que viu o CineB numa nta do jornal Agora, correu para prestigiar a sess\u00e3o!\" src=\"http:\/\/projetocineb.com.br\/wp-content\/uploads\/2012\/05\/DSC_0054_01web.jpg\" alt=\"O morador Antonio Mendes Pereira ia ao cinema assistir aos filmes do Mazzaropi. O metal\u00fargico aposentado conta que assim que viu o CineB numa nta do jornal Agora, correu para prestigiar a sess\u00e3o!\" width=\"432\" height=\"415\" \/><\/a><figcaption id=\"caption-attachment-3303\" class=\"wp-caption-text\">O morador Antonio Mendes Pereira costumava ir ao cinema assistir os filmes do Mazzaropi. O metal\u00fargico aposentado conta que assim que viu a nota no jornal Agora sobre o CineB, correu para prestigiar a sess\u00e3o!<\/figcaption><\/figure>\n<figure id=\"attachment_3311\" aria-describedby=\"caption-attachment-3311\" style=\"width: 432px\" class=\"wp-caption aligncenter\"><a href=\"http:\/\/projetocineb.com.br\/wp-content\/uploads\/2012\/05\/DSC_0145_01web.jpg\"><img loading=\"lazy\" decoding=\"async\" class=\"size-full wp-image-3311  \" title=\"O resultado do cl\u00e1ssico sorteio de camisetas do CineB, atrav\u00e9s das pesquisas de opini\u00e3o respondidas pelo p\u00fablico.\" src=\"http:\/\/projetocineb.com.br\/wp-content\/uploads\/2012\/05\/DSC_0145_01web.jpg\" alt=\"O resultado do cl\u00e1ssico sorteio de camisetas do CineB, atrav\u00e9s das pesquisas de opini\u00e3o respondidas pelo p\u00fablico.\" width=\"432\" height=\"312\" \/><\/a><figcaption id=\"caption-attachment-3311\" class=\"wp-caption-text\">O resultado do cl\u00e1ssico sorteio de camisetas do CineB, atrav\u00e9s das pesquisas de opini\u00e3o respondidas pelo p\u00fablico.<\/figcaption><\/figure>\n","protected":false},"excerpt":{"rendered":"<p>Veja como foi nossa exibi\u00e7\u00e3o no Jardim Imperador e IV Centen\u00e1rio! Foi a primeira vez que acontece uma exibi\u00e7\u00e3o de[&#8230;]<\/p>\n","protected":false},"author":2,"featured_media":0,"comment_status":"open","ping_status":"open","sticky":false,"template":"","format":"standard","meta":[],"categories":[2],"tags":[154,242,263,266,275,684,764,866,1132,1247],"_links":{"self":[{"href":"https:\/\/projetocineb.com.br\/index.php?rest_route=\/wp\/v2\/posts\/3301"}],"collection":[{"href":"https:\/\/projetocineb.com.br\/index.php?rest_route=\/wp\/v2\/posts"}],"about":[{"href":"https:\/\/projetocineb.com.br\/index.php?rest_route=\/wp\/v2\/types\/post"}],"author":[{"embeddable":true,"href":"https:\/\/projetocineb.com.br\/index.php?rest_route=\/wp\/v2\/users\/2"}],"replies":[{"embeddable":true,"href":"https:\/\/projetocineb.com.br\/index.php?rest_route=%2Fwp%2Fv2%2Fcomments&post=3301"}],"version-history":[{"count":0,"href":"https:\/\/projetocineb.com.br\/index.php?rest_route=\/wp\/v2\/posts\/3301\/revisions"}],"wp:attachment":[{"href":"https:\/\/projetocineb.com.br\/index.php?rest_route=%2Fwp%2Fv2%2Fmedia&parent=3301"}],"wp:term":[{"taxonomy":"category","embeddable":true,"href":"https:\/\/projetocineb.com.br\/index.php?rest_route=%2Fwp%2Fv2%2Fcategories&post=3301"},{"taxonomy":"post_tag","embeddable":true,"href":"https:\/\/projetocineb.com.br\/index.php?rest_route=%2Fwp%2Fv2%2Ftags&post=3301"}],"curies":[{"name":"wp","href":"https:\/\/api.w.org\/{rel}","templated":true}]}}