{"id":3316,"date":"2012-05-29T00:48:43","date_gmt":"2012-05-29T03:48:43","guid":{"rendered":"http:\/\/projetocineb.com.br\/?p=3316"},"modified":"2012-05-29T00:48:43","modified_gmt":"2012-05-29T03:48:43","slug":"jacana","status":"publish","type":"post","link":"https:\/\/projetocineb.com.br\/?p=3316","title":{"rendered":"JA\u00c7AN\u00c3"},"content":{"rendered":"<p>Dessa vez foi um verdadeiro <span style=\"color: #ff6600;\"><strong>cinema ao ar livre, pela segunda vez na comunidade Filhos da Terra, regi\u00e3o de Ja\u00e7an\u00e3, zona norte de S\u00e3o Paulo. No p\u00e1tio da Igreja Nossa Senhora da Salelette<\/strong><\/span> os moradores puderam conferir alguns curtas do Selo CINEB de Cinema Brasileiro e nosso longa metragem em cartaz, <em>Lula \u2013 O filho do Brasil<\/em>, de Fabio Barreto.<\/p>\n<p><a href=\"http:\/\/projetocineb.com.br\/?p=686\" target=\"_blank\">Clique aqui para ver como foi nossa \u00faltima exibi\u00e7\u00e3o por l\u00e1.<\/a><\/p>\n<figure id=\"attachment_3324\" aria-describedby=\"caption-attachment-3324\" style=\"width: 432px\" class=\"wp-caption aligncenter\"><a href=\"http:\/\/projetocineb.com.br\/wp-content\/uploads\/2012\/05\/DSC_0327_01web.jpg\"><img fetchpriority=\"high\" decoding=\"async\" class=\"size-full wp-image-3324  \" title=\"Exibi\u00e7\u00e3o ao ar livre em Ja\u00e7an\u00e3, zona norte de S\u00e3o Paulo\" src=\"http:\/\/projetocineb.com.br\/wp-content\/uploads\/2012\/05\/DSC_0327_01web.jpg\" alt=\"Exibi\u00e7\u00e3o ao ar livre em Ja\u00e7an\u00e3, zona norte de S\u00e3o Paulo\" width=\"432\" height=\"286\" \/><\/a><figcaption id=\"caption-attachment-3324\" class=\"wp-caption-text\">Exibi\u00e7\u00e3o ao ar livre em Ja\u00e7an\u00e3, zona norte de S\u00e3o Paulo<\/figcaption><\/figure>\n<p>Maria Gerlandia Ferreira, que aparece em quase todas as fotos aqui, acumulou uma s\u00e9rie de fun\u00e7\u00f5es na comunidade, como catequista, professora do MOVA (Movimento de Alfabetiza\u00e7\u00e3o de Jovens e Adultos) e hoje est\u00e1 terminando sua gradua\u00e7\u00e3o para ajudar ainda mais o bairro como pedagoga!<\/p>\n<p><span style=\"color: #ff6600;\"><strong>\u201cNo CEU at\u00e9 acontece alguns eventos culturais; mas o povo acaba n\u00e3o indo, pois al\u00e9m de n\u00e3o ter o h\u00e1bito s\u00e3o humildes e ficam sem jeito para ir l\u00e1\u201d, diz Maria Gerlandia.<\/strong><\/span> \u201cPor isso trouxe o CINEB para o p\u00e1tio da igreja, porque as pessoas j\u00e1 est\u00e3o acostumadas a frequentar aqui\u201d, explica a futura pedagoga.<\/p>\n<figure id=\"attachment_3325\" aria-describedby=\"caption-attachment-3325\" style=\"width: 432px\" class=\"wp-caption aligncenter\"><a href=\"http:\/\/projetocineb.com.br\/wp-content\/uploads\/2012\/05\/DSC_0346_01web.jpg\"><img decoding=\"async\" class=\"size-full wp-image-3325  \" title=\"Maria Gerlandia, Padre Luciano, a coordenadora da Igreja, Maria Pereira e a atual professora do MOVA, Erci Marx\" src=\"http:\/\/projetocineb.com.br\/wp-content\/uploads\/2012\/05\/DSC_0346_01web.jpg\" alt=\"Maria Gerlandia, Padre Luciano, a coordenadora da Igreja, Maria Pereira e a atual professora do MOVA, Erci Marx\" width=\"432\" height=\"286\" \/><\/a><figcaption id=\"caption-attachment-3325\" class=\"wp-caption-text\">Maria Gerlandia, Padre Luciano, a coordenadora da Igreja, Maria Pereira e a atual professora do MOVA, Erci Marx<\/figcaption><\/figure>\n<p>\u201cAl\u00e9m disso, os eventos culturais do CEU n\u00e3o acontecem com tanta freq\u00fc\u00eancia; o CINEB aqui \u00e9 sempre bem vindo pois favorece nossa realidade e mostra a cultura brasileira\u201d, comenta o Padre Luciano, respons\u00e1vel pela Igreja Nossa Senhora da Salette.<\/p>\n<p>Triste n\u00e9? <span style=\"color: #ff6600;\"><strong>O CEU Ja\u00e7an\u00e3, o maior espa\u00e7o p\u00fablico da regi\u00e3o, assim como todos os outros idealizados durante o governo de Marta Suplicy est\u00e3o longe de funcionar como planejado. O resultado \u00e9 uma popula\u00e7\u00e3o que n\u00e3o est\u00e1 \u00edntima, ou no m\u00ednimo, identificada com estes espa\u00e7os de cultura e lazer&#8230;<\/strong><\/span><\/p>\n<p><span style=\"color: #ff6600;\"><strong> <\/strong><\/span><\/p>\n<figure id=\"attachment_3320\" aria-describedby=\"caption-attachment-3320\" style=\"width: 371px\" class=\"wp-caption aligncenter\"><strong><a href=\"http:\/\/projetocineb.com.br\/wp-content\/uploads\/2012\/05\/DSC_0298_01web.jpg\"><img decoding=\"async\" class=\"size-full wp-image-3320  \" title=\"Maria Gerlandia com o aluno do MOVA, Quintino Elipo Barbosa\" src=\"http:\/\/projetocineb.com.br\/wp-content\/uploads\/2012\/05\/DSC_0298_01web.jpg\" alt=\"Maria Gerlandia com o aluno do MOVA, Quintino Elipo Barbosa\" width=\"371\" height=\"432\" \/><\/a><\/strong><figcaption id=\"caption-attachment-3320\" class=\"wp-caption-text\">Maria Gerlandia com o aluno do MOVA, Quintino Elipo Barbosa<\/figcaption><\/figure>\n<figure id=\"attachment_3319\" aria-describedby=\"caption-attachment-3319\" style=\"width: 432px\" class=\"wp-caption aligncenter\"><a href=\"http:\/\/projetocineb.com.br\/wp-content\/uploads\/2012\/05\/DSC_0284_01web.jpg\"><img loading=\"lazy\" decoding=\"async\" class=\"size-full wp-image-3319  \" title=\"A hora que a pipoca fica pronta \u00e9 bom demais! Seu Antonio Nascimento \u00e9 sempre sucesso no CineB\" src=\"http:\/\/projetocineb.com.br\/wp-content\/uploads\/2012\/05\/DSC_0284_01web.jpg\" alt=\"\" width=\"432\" height=\"286\" \/><\/a><figcaption id=\"caption-attachment-3319\" class=\"wp-caption-text\">A hora que a pipoca fica pronta \u00e9 bom demais! Seu Antonio Nascimento \u00e9 sempre sucesso no CineB<\/figcaption><\/figure>\n<figure id=\"attachment_3322\" aria-describedby=\"caption-attachment-3322\" style=\"width: 432px\" class=\"wp-caption aligncenter\"><a href=\"http:\/\/projetocineb.com.br\/wp-content\/uploads\/2012\/05\/DSC_0302_01web.jpg\"><img loading=\"lazy\" decoding=\"async\" class=\"size-full wp-image-3322  \" title=\"A vizinhan\u00e7a no CineB: Concei\u00e7\u00e3o de Maria Vieira Costa, Maria de F\u00e1tima, Andrelina Soares, Maria Coleta, Dulce Rom\u00e3o Gomes e as pequenas, Analis Coletas, 9 anos e Luciana Lopes, 12.\" src=\"http:\/\/projetocineb.com.br\/wp-content\/uploads\/2012\/05\/DSC_0302_01web.jpg\" alt=\"A vizinhan\u00e7a no CineB: Concei\u00e7\u00e3o de Maria Vieira Costa, Maria de F\u00e1tima, Andrelina Soares, Maria Coleta, Dulce Rom\u00e3o Gomes e as pequenas, Analis Coletas, 9 anos e Luciana Lopes, 12.\" width=\"432\" height=\"315\" \/><\/a><figcaption id=\"caption-attachment-3322\" class=\"wp-caption-text\">A vizinhan\u00e7a no CineB: Maria Gerlandia, Concei\u00e7\u00e3o de Maria Vieira Costa, Maria de F\u00e1tima, Andrelina Soares, Maria Coleta, Dulce Rom\u00e3o Gomes e as pequenas, Analis Coletas, 9 anos e Luciana Lopes, 12.<\/figcaption><\/figure>\n<p><span style=\"color: #ff6600;\"><strong>Curiosa a estreita liga\u00e7\u00e3o que os moradores t\u00eam com o governo Lula<\/strong><\/span>. Alguns at\u00e9 o conheceram pessoalmente, outros, enviaram cartas de elogios e cr\u00edticas!<\/p>\n<figure id=\"attachment_3323\" aria-describedby=\"caption-attachment-3323\" style=\"width: 432px\" class=\"wp-caption aligncenter\"><a href=\"http:\/\/projetocineb.com.br\/wp-content\/uploads\/2012\/05\/DSC_0305_01web.jpg\"><img loading=\"lazy\" decoding=\"async\" class=\"size-full wp-image-3323  \" title=\"A moradora Maria dos Socorro, com Maria Gerlandia, que j\u00e1 estudou no MOVA, contou que escreveu durante os anos de alfabetiza\u00e7\u00e3o, diversas cartas para ent\u00e3o presidente Lula.\" src=\"http:\/\/projetocineb.com.br\/wp-content\/uploads\/2012\/05\/DSC_0305_01web.jpg\" alt=\"A moradora Maria dos Socorro, com Maria Gerlandia, que j\u00e1 estudou no MOVA, contou que escreveu durante os anos de alfabetiza\u00e7\u00e3o, diversas cartas para ent\u00e3o presidente Lula.\" width=\"432\" height=\"360\" \/><\/a><figcaption id=\"caption-attachment-3323\" class=\"wp-caption-text\">A moradora Maria dos Socorro, com Maria Gerlandia, que j\u00e1 estudou no MOVA, contou que escreveu durante os anos de alfabetiza\u00e7\u00e3o, diversas cartas para ent\u00e3o presidente Lula.<\/figcaption><\/figure>\n<p>\u201cNo in\u00edcio escrevi cartas bem cr\u00edticas, porque achava que o governo dele n\u00e3o ia ser bom; mas no fim das contas melhorou muito a vida da gente, deu tudo certo\u201d, explica Maria do Socorro. Ela n\u00e3o tinha assistido ao filme de Lula e gostou muito de conhecer a hist\u00f3ria deste homem.<\/p>\n<figure id=\"attachment_3329\" aria-describedby=\"caption-attachment-3329\" style=\"width: 378px\" class=\"wp-caption aligncenter\"><a href=\"http:\/\/projetocineb.com.br\/wp-content\/uploads\/2012\/05\/DSC_0352_01web.jpg\"><img loading=\"lazy\" decoding=\"async\" class=\"size-full wp-image-3329  \" title=\"\u201c\u00c9 um filme muito bonito, mostra bem que ele teimou mesmo e conseguiu vencer\u201d, comenta a moradora Eunice dos Santos Souza.\" src=\"http:\/\/projetocineb.com.br\/wp-content\/uploads\/2012\/05\/DSC_0352_01web.jpg\" alt=\"\u201c\u00c9 um filme muito bonito, mostra bem que ele teimou mesmo e conseguiu vencer\u201d, comenta a moradora Eunice dos Santos Souza.\" width=\"378\" height=\"432\" \/><\/a><figcaption id=\"caption-attachment-3329\" class=\"wp-caption-text\">\u201c\u00c9 um filme muito bonito, mostra bem que ele teimou mesmo e conseguiu vencer\u201d, comenta a moradora Eunice dos Santos Souza (de chap\u00e9u). Ao seu lado, sua vizinha Maria Julia.<\/figcaption><\/figure>\n<p><span style=\"color: #ff6600;\"><strong>\u201cEsse bairro inteiro foi fruto de uma luta pol\u00edtica. Sou filiada ao PT e muito do que conseguimos veio de nossos esfor\u00e7o e ajuda de alguns pol\u00edticos, inclusive o Lula\u201d, conta Carminha Serqueira.<\/strong><\/span><\/p>\n<figure id=\"attachment_3328\" aria-describedby=\"caption-attachment-3328\" style=\"width: 432px\" class=\"wp-caption aligncenter\"><a href=\"http:\/\/projetocineb.com.br\/wp-content\/uploads\/2012\/05\/DSC_0360_01web.jpg\"><img loading=\"lazy\" decoding=\"async\" class=\"size-full wp-image-3328  \" title=\"A m\u00e3e dela tamb\u00e9m \u00e9 fogo e por muito tempo, Dona Adelina Serqueira, se envolveu na luta de sua comunidade.\" src=\"http:\/\/projetocineb.com.br\/wp-content\/uploads\/2012\/05\/DSC_0360_01web.jpg\" alt=\"A m\u00e3e dela tamb\u00e9m \u00e9 fogo e por muito tempo, Dona Adelina Serqueira, se envolveu na luta de sua comunidade.\" width=\"432\" height=\"414\" \/><\/a><figcaption id=\"caption-attachment-3328\" class=\"wp-caption-text\">A m\u00e3e de Carminha tamb\u00e9m \u00e9 fogo e por muito tempo, Dona Adelina Serqueira, se envolveu na luta de sua comunidade.<\/figcaption><\/figure>\n<figure id=\"attachment_3334\" aria-describedby=\"caption-attachment-3334\" style=\"width: 432px\" class=\"wp-caption aligncenter\"><a href=\"http:\/\/projetocineb.com.br\/wp-content\/uploads\/2012\/05\/DSC_0362_01WEB.jpg\"><img loading=\"lazy\" decoding=\"async\" class=\"size-full wp-image-3334  \" title=\"No final da sess\u00e3o, a cl\u00e1ssica foto com os sortudos que levaram para casa os pr\u00eamios do CineB\" src=\"http:\/\/projetocineb.com.br\/wp-content\/uploads\/2012\/05\/DSC_0362_01WEB.jpg\" alt=\"No final da sess\u00e3o, a cl\u00e1ssica foto com os sortudos que levaram para casa os pr\u00eamios do CineB\" width=\"432\" height=\"286\" \/><\/a><figcaption id=\"caption-attachment-3334\" class=\"wp-caption-text\">No final da sess\u00e3o, a cl\u00e1ssica foto com os sortudos que levaram para casa os pr\u00eamios do CineB<\/figcaption><\/figure>\n","protected":false},"excerpt":{"rendered":"<p>Dessa vez foi um verdadeiro cinema ao ar livre, pela segunda vez na comunidade Filhos da Terra, regi\u00e3o de Ja\u00e7an\u00e3,[&#8230;]<\/p>\n","protected":false},"author":2,"featured_media":0,"comment_status":"open","ping_status":"open","sticky":false,"template":"","format":"standard","meta":[],"categories":[2],"tags":[152,154,215,242,263,266,764,1132,1171,1249],"_links":{"self":[{"href":"https:\/\/projetocineb.com.br\/index.php?rest_route=\/wp\/v2\/posts\/3316"}],"collection":[{"href":"https:\/\/projetocineb.com.br\/index.php?rest_route=\/wp\/v2\/posts"}],"about":[{"href":"https:\/\/projetocineb.com.br\/index.php?rest_route=\/wp\/v2\/types\/post"}],"author":[{"embeddable":true,"href":"https:\/\/projetocineb.com.br\/index.php?rest_route=\/wp\/v2\/users\/2"}],"replies":[{"embeddable":true,"href":"https:\/\/projetocineb.com.br\/index.php?rest_route=%2Fwp%2Fv2%2Fcomments&post=3316"}],"version-history":[{"count":0,"href":"https:\/\/projetocineb.com.br\/index.php?rest_route=\/wp\/v2\/posts\/3316\/revisions"}],"wp:attachment":[{"href":"https:\/\/projetocineb.com.br\/index.php?rest_route=%2Fwp%2Fv2%2Fmedia&parent=3316"}],"wp:term":[{"taxonomy":"category","embeddable":true,"href":"https:\/\/projetocineb.com.br\/index.php?rest_route=%2Fwp%2Fv2%2Fcategories&post=3316"},{"taxonomy":"post_tag","embeddable":true,"href":"https:\/\/projetocineb.com.br\/index.php?rest_route=%2Fwp%2Fv2%2Ftags&post=3316"}],"curies":[{"name":"wp","href":"https:\/\/api.w.org\/{rel}","templated":true}]}}